{"id":10762,"date":"2021-11-11T07:53:13","date_gmt":"2021-11-11T06:53:13","guid":{"rendered":"https:\/\/www.bratislavadesignweek.sk\/?p=10762"},"modified":"2021-11-11T07:53:38","modified_gmt":"2021-11-11T06:53:38","slug":"stanislav-meli-a-jozef-michalko","status":"publish","type":"post","link":"https:\/\/www.bratislavadesignweek.sk\/en\/stanislav-meli-a-jozef-michalko\/","title":{"rendered":"Stanislav Meli\u0161 a Jozef Michalko"},"content":{"rendered":"<p>[fusion_builder_container admin_label=\"Storie Title\" hundred_percent=\"no\" hundred_percent_height=\"no\" hundred_percent_height_scroll=\"no\" hundred_percent_height_center_content=\"yes\" equal_height_columns=\"no\" hide_on_mobile=\"large-visibility\" status=\"published\" background_color=\"#1818\u2033 background_image=\"http:\/\/www.bratislavadesignweek.sk\/wp-content\/uploads\/2019\/03\/single-blog-post-feat.jpg\" background_position=\"center center\" background_repeat=\"no-repeat\" fade=\"yes\" background_parallax=\"none\" enable_mobile=\"no\" parallax_speed=\"0.3\u2033 video_aspect_ratio=\"16:9\u2033 video_loop=\"yes\" video_mute=\"yes\" border_style=\"solid\" padding_top=\"30%\" padding_right=\"3%\" padding_left=\"3%\" admin_toggled=\"yes\" flex_column_spacing=\"0px\" type=\"flex\" dynamic_params=\"eyJiYWNrZ3JvdW5kX2ltYWdlIjp7ImRhdGEiOiJwb3N0X2ZlYXR1cmVkX2ltYWdlIiwidHlwZSI6Im1haW4ifX0=\" margin_top=\"0px\"][fusion_builder_row][fusion_builder_column type=\"1_1\u2033 layout=\"1_1\u2033 spacing=\"0\u2033 center_content=\"no\" link=\"\" target=\"_self\" min_height=\"\" hide_on_mobile=\"small-visibility,medium-visibility,large-visibility\" class=\"\" id=\"\" background_image_id=\"\" background_color=\"#f5f5\u2033 background_image=\"\" background_position=\"left top\" undefined=\"\" background_repeat=\"no-repeat\" hover_type=\"none\" border_color=\"\" border_style=\"solid\" border_position=\"all\" padding_top=\"2%\" padding_right=\"8%\" padding_bottom=\"\" padding_left=\"8%\" margin_top=\"0px\" margin_bottom=\"0px\" animation_type=\"\" animation_direction=\"left\" animation_speed=\"0.3\u2033 animation_offset=\"\" last=\"true\" border_sizes_top=\"0px\" border_sizes_bottom=\"0px\" border_sizes_left=\"0px\" border_sizes_right=\"0px\" first=\"true\"][fusion_title hide_on_mobile=\"small-visibility,medium-visibility,large-visibility\" class=\"\" id=\"\" content_align=\"center\" size=\"2\u2033 font_size=\"\" line_height=\"\" letter_spacing=\"\" margin_top=\"30px\" margin_bottom=\"20px\" text_color=\"\" style_type=\"default\" sep_color=\"\" dynamic_params=\"eyJlbGVtZW50X2NvbnRlbnQiOnsiZGF0YSI6InBvc3RfdGl0bGUiLCJpbmNsdWRlX2NvbnRleHQiOiJubyJ9fQ==\" fusion_font_variant_title_font=\"\"]<\/p>\n<p>Modern Art Exhibition at Avada Galerie<\/p>\n<p>[\/fusion_title][fusion_separator style_type=&#8220;single solid&#8220; hide_on_mobile=&#8220;small-visibility,medium-visibility,large-visibility&#8220; class=&#8220;&#8220; id=&#8220;&#8220; sep_color=&#8220;#181818&#8243; top_margin=&#8220;20px&#8220; bottom_margin=&#8220;20px&#8220; border_size=&#8220;2&#8243; icon=&#8220;&#8220; icon_circle=&#8220;&#8220; icon_circle_color=&#8220;&#8220; width=&#8220;32px&#8220; alignment=&#8220;center&#8220; \/][\/fusion_builder_column][\/fusion_builder_row][\/fusion_builder_container][fusion_builder_container admin_label=&#8220;Storie Title Mobile&#8220; hundred_percent=&#8220;no&#8220; hundred_percent_height=&#8220;no&#8220; hundred_percent_height_scroll=&#8220;no&#8220; hundred_percent_height_center_content=&#8220;yes&#8220; equal_height_columns=&#8220;no&#8220; hide_on_mobile=&#8220;small-visibility,medium-visibility&#8220; status=&#8220;published&#8220; background_position=&#8220;center center&#8220; background_repeat=&#8220;no-repeat&#8220; fade=&#8220;no&#8220; background_parallax=&#8220;none&#8220; enable_mobile=&#8220;no&#8220; parallax_speed=&#8220;0.3&#8243; video_aspect_ratio=&#8220;16:9&#8243; video_loop=&#8220;yes&#8220; video_mute=&#8220;yes&#8220; border_style=&#8220;solid&#8220; admin_toggled=&#8220;yes&#8220; flex_column_spacing=&#8220;0px&#8220; type=&#8220;flex&#8220; background_color=&#8220;#f5f5f5&#8243; padding_right_small=&#8220;10%&#8220; padding_left_small=&#8220;10%&#8220; padding_top_small=&#8220;50px&#8220;][fusion_builder_row][fusion_builder_column type=&#8220;1_1&#8243; layout=&#8220;1_1&#8243; spacing=&#8220;&#8220; center_content=&#8220;no&#8220; link=&#8220;&#8220; target=&#8220;_self&#8220; min_height=&#8220;&#8220; hide_on_mobile=&#8220;small-visibility,medium-visibility,large-visibility&#8220; class=&#8220;&#8220; id=&#8220;&#8220; background_image_id=&#8220;&#8220; background_color=&#8220;&#8220; background_image=&#8220;http:\/\/www.bratislavadesignweek.sk\/wp-content\/uploads\/2021\/11\/MM_25.jpg&#8220; background_position=&#8220;center center&#8220; undefined=&#8220;&#8220; background_repeat=&#8220;no-repeat&#8220; hover_type=&#8220;zoomout&#8220; border_color=&#8220;&#8220; border_style=&#8220;solid&#8220; border_position=&#8220;all&#8220; padding_top=&#8220;10%&#8220; padding_right=&#8220;&#8220; padding_bottom=&#8220;10%&#8220; padding_left=&#8220;&#8220; margin_top=&#8220;&#8220; margin_bottom=&#8220;&#8220; animation_type=&#8220;&#8220; animation_direction=&#8220;left&#8220; animation_speed=&#8220;0.3&#8243; animation_offset=&#8220;&#8220; last=&#8220;true&#8220; border_sizes_top=&#8220;0px&#8220; border_sizes_bottom=&#8220;0px&#8220; border_sizes_left=&#8220;0px&#8220; border_sizes_right=&#8220;0px&#8220; first=&#8220;true&#8220; margin_top_medium=&#8220;0px&#8220; padding_top_small=&#8220;163.1094px&#8220;][fusion_separator style_type=&#8220;default&#8220; hide_on_mobile=&#8220;medium-visibility&#8220; class=&#8220;&#8220; id=&#8220;&#8220; sep_color=&#8220;&#8220; top_margin=&#8220;200px&#8220; bottom_margin=&#8220;&#8220; border_size=&#8220;&#8220; icon=&#8220;&#8220; icon_circle=&#8220;&#8220; icon_circle_color=&#8220;&#8220; width=&#8220;&#8220; alignment=&#8220;center&#8220; \/][\/fusion_builder_column][fusion_builder_column type=&#8220;1_1&#8243; layout=&#8220;1_1&#8243; spacing=&#8220;0&#8243; center_content=&#8220;no&#8220; link=&#8220;&#8220; target=&#8220;_self&#8220; min_height=&#8220;&#8220; hide_on_mobile=&#8220;small-visibility,medium-visibility,large-visibility&#8220; class=&#8220;&#8220; id=&#8220;&#8220; background_image_id=&#8220;&#8220; background_color=&#8220;#f5f5f5&#8243; background_image=&#8220;&#8220; background_position=&#8220;left top&#8220; undefined=&#8220;&#8220; background_repeat=&#8220;no-repeat&#8220; hover_type=&#8220;none&#8220; border_color=&#8220;&#8220; border_style=&#8220;solid&#8220; border_position=&#8220;all&#8220; padding_top=&#8220;6%&#8220; padding_right=&#8220;&#8220; padding_bottom=&#8220;&#8220; padding_left=&#8220;&#8220; margin_top=&#8220;0px&#8220; margin_bottom=&#8220;0px&#8220; animation_type=&#8220;&#8220; animation_direction=&#8220;left&#8220; animation_speed=&#8220;0.3&#8243; animation_offset=&#8220;&#8220; last=&#8220;true&#8220; border_sizes_top=&#8220;0px&#8220; border_sizes_bottom=&#8220;0px&#8220; border_sizes_left=&#8220;0px&#8220; border_sizes_right=&#8220;0px&#8220; first=&#8220;true&#8220; padding_top_medium=&#8220;10px&#8220;][fusion_title hide_on_mobile=&#8220;small-visibility,medium-visibility,large-visibility&#8220; class=&#8220;&#8220; id=&#8220;&#8220; content_align=&#8220;center&#8220; size=&#8220;2&#8243; font_size=&#8220;52px&#8220; line_height=&#8220;&#8220; letter_spacing=&#8220;&#8220; margin_top=&#8220;30px&#8220; margin_bottom=&#8220;20px&#8220; text_color=&#8220;&#8220; style_type=&#8220;default&#8220; sep_color=&#8220;&#8220; dynamic_params=&#8220;e30=&#8220;]Stanislav Meli\u0161 a Jozef Michalko[\/fusion_title][fusion_separator style_type=&#8220;single solid&#8220; hide_on_mobile=&#8220;small-visibility,medium-visibility,large-visibility&#8220; class=&#8220;&#8220; id=&#8220;&#8220; sep_color=&#8220;#181818&#8243; top_margin=&#8220;20px&#8220; bottom_margin=&#8220;10px&#8220; border_size=&#8220;2&#8243; icon=&#8220;&#8220; icon_circle=&#8220;&#8220; icon_circle_color=&#8220;&#8220; width=&#8220;32px&#8220; alignment=&#8220;center&#8220; \/][\/fusion_builder_column][\/fusion_builder_row][\/fusion_builder_container][fusion_builder_container hundred_percent=&#8220;no&#8220; hundred_percent_height=&#8220;no&#8220; hundred_percent_height_scroll=&#8220;no&#8220; hundred_percent_height_center_content=&#8220;yes&#8220; equal_height_columns=&#8220;no&#8220; hide_on_mobile=&#8220;small-visibility,medium-visibility,large-visibility&#8220; status=&#8220;published&#8220; background_position=&#8220;center center&#8220; background_repeat=&#8220;no-repeat&#8220; fade=&#8220;no&#8220; background_parallax=&#8220;none&#8220; enable_mobile=&#8220;no&#8220; parallax_speed=&#8220;0.3&#8243; video_aspect_ratio=&#8220;16:9&#8243; video_loop=&#8220;yes&#8220; video_mute=&#8220;yes&#8220; border_style=&#8220;solid&#8220; padding_top=&#8220;10px&#8220; padding_bottom=&#8220;100px&#8220; admin_toggled=&#8220;yes&#8220; admin_label=&#8220;Intro&#8220; flex_column_spacing=&#8220;0px&#8220; type=&#8220;flex&#8220; flex_justify_content=&#8220;center&#8220; background_color=&#8220;#f5f5f5&#8243; padding_right_small=&#8220;10%&#8220; padding_left_small=&#8220;10%&#8220;][fusion_builder_row][fusion_builder_column type=&#8220;1_6&#8243; layout=&#8220;1_6&#8243; spacing=&#8220;0&#8243; center_content=&#8220;no&#8220; link=&#8220;&#8220; target=&#8220;_self&#8220; min_height=&#8220;&#8220; hide_on_mobile=&#8220;large-visibility&#8220; class=&#8220;&#8220; id=&#8220;&#8220; background_image_id=&#8220;&#8220; background_color=&#8220;&#8220; background_image=&#8220;&#8220; background_position=&#8220;left top&#8220; undefined=&#8220;&#8220; background_repeat=&#8220;no-repeat&#8220; hover_type=&#8220;none&#8220; border_color=&#8220;&#8220; border_style=&#8220;solid&#8220; border_position=&#8220;all&#8220; padding_top=&#8220;&#8220; padding_right=&#8220;&#8220; padding_bottom=&#8220;&#8220; padding_left=&#8220;&#8220; margin_top=&#8220;&#8220; margin_bottom=&#8220;&#8220; animation_type=&#8220;&#8220; animation_direction=&#8220;left&#8220; animation_speed=&#8220;0.3&#8243; animation_offset=&#8220;&#8220; last=&#8220;false&#8220; element_content=&#8220;&#8220; border_sizes_top=&#8220;0px&#8220; border_sizes_bottom=&#8220;0px&#8220; border_sizes_left=&#8220;0px&#8220; border_sizes_right=&#8220;0px&#8220; first=&#8220;true&#8220; spacing_right=&#8220;0&#8243;][\/fusion_builder_column][fusion_builder_column type=&#8220;2_3&#8243; layout=&#8220;2_3&#8243; spacing=&#8220;0&#8243; center_content=&#8220;no&#8220; link=&#8220;&#8220; target=&#8220;_self&#8220; min_height=&#8220;&#8220; hide_on_mobile=&#8220;small-visibility,medium-visibility,large-visibility&#8220; class=&#8220;&#8220; id=&#8220;&#8220; background_image_id=&#8220;&#8220; background_color=&#8220;&#8220; background_image=&#8220;&#8220; background_position=&#8220;left top&#8220; undefined=&#8220;&#8220; background_repeat=&#8220;no-repeat&#8220; hover_type=&#8220;none&#8220; border_color=&#8220;&#8220; border_style=&#8220;solid&#8220; border_position=&#8220;all&#8220; padding_top=&#8220;&#8220; padding_right=&#8220;&#8220; padding_bottom=&#8220;&#8220; padding_left=&#8220;&#8220; margin_top=&#8220;&#8220; margin_bottom=&#8220;&#8220; animation_type=&#8220;&#8220; animation_direction=&#8220;left&#8220; animation_speed=&#8220;0.3&#8243; animation_offset=&#8220;&#8220; last=&#8220;false&#8220; border_sizes_top=&#8220;0px&#8220; border_sizes_bottom=&#8220;0px&#8220; border_sizes_left=&#8220;0px&#8220; border_sizes_right=&#8220;0px&#8220; first=&#8220;false&#8220; spacing_right=&#8220;0&#8243; spacing_left=&#8220;0&#8243; type_small=&#8220;1_1&#8243; type_medium=&#8220;80&#8243;][fusion_separator style_type=&#8220;default&#8220; hide_on_mobile=&#8220;small-visibility,medium-visibility,large-visibility&#8220; class=&#8220;&#8220; id=&#8220;&#8220; sep_color=&#8220;&#8220; top_margin=&#8220;30px&#8220; bottom_margin=&#8220;&#8220; border_size=&#8220;&#8220; icon=&#8220;&#8220; icon_circle=&#8220;&#8220; icon_circle_color=&#8220;&#8220; width=&#8220;&#8220; alignment=&#8220;center&#8220; \/][fusion_imageframe image_id=&#8220;10769|full&#8220; max_width=&#8220;&#8220; sticky_max_width=&#8220;&#8220; skip_lazy_load=&#8220;&#8220; style_type=&#8220;&#8220; blur=&#8220;&#8220; stylecolor=&#8220;&#8220; hover_type=&#8220;none&#8220; bordersize=&#8220;&#8220; bordercolor=&#8220;&#8220; borderradius=&#8220;&#8220; align_medium=&#8220;none&#8220; align_small=&#8220;none&#8220; align=&#8220;none&#8220; lightbox=&#8220;no&#8220; gallery_id=&#8220;&#8220; lightbox_image=&#8220;&#8220; lightbox_image_id=&#8220;&#8220; alt=&#8220;&#8220; link=&#8220;&#8220; linktarget=&#8220;_self&#8220; animation_type=&#8220;&#8220; animation_direction=&#8220;left&#8220; animation_speed=&#8220;0.3&#8243; animation_offset=&#8220;&#8220; hide_on_mobile=&#8220;small-visibility,medium-visibility,large-visibility&#8220; sticky_display=&#8220;normal,sticky&#8220; class=&#8220;&#8220; id=&#8220;&#8220; filter_hue=&#8220;0&#8243; filter_saturation=&#8220;100&#8243; filter_brightness=&#8220;100&#8243; filter_contrast=&#8220;100&#8243; filter_invert=&#8220;0&#8243; filter_sepia=&#8220;0&#8243; filter_opacity=&#8220;100&#8243; filter_blur=&#8220;0&#8243; filter_hue_hover=&#8220;0&#8243; filter_saturation_hover=&#8220;100&#8243; filter_brightness_hover=&#8220;100&#8243; filter_contrast_hover=&#8220;100&#8243; filter_invert_hover=&#8220;0&#8243; filter_sepia_hover=&#8220;0&#8243; filter_opacity_hover=&#8220;100&#8243; filter_blur_hover=&#8220;0&#8243;]http:\/\/www.bratislavadesignweek.sk\/wp-content\/uploads\/2021\/11\/Stebel_foto-Katari\u0301na-Bako_2-scaled.jpg[\/fusion_imageframe][fusion_text columns=&#8220;&#8220; column_min_width=&#8220;&#8220; column_spacing=&#8220;&#8220; rule_style=&#8220;default&#8220; rule_size=&#8220;&#8220; rule_color=&#8220;&#8220; hide_on_mobile=&#8220;small-visibility,medium-visibility,large-visibility&#8220; class=&#8220;&#8220; id=&#8220;&#8220; fusion_font_variant_text_font=&#8220;&#8220; margin_top=&#8220;20px&#8220; margin_bottom=&#8220;50px&#8220;]<\/p>\n<p style=\"text-align: justify;\"><span style=\"color: var(--body_typography-color); font-family: var(--body_typography-font-family); font-size: var(--body_typography-font-size); font-style: var(--body_typography-font-style,normal); font-weight: var(--body_typography-font-weight); letter-spacing: var(--body_typography-letter-spacing);\">(<\/span><span style=\"color: var(--body_typography-color); font-family: var(--body_typography-font-family); font-size: var(--body_typography-font-size); font-style: var(--body_typography-font-style,normal); font-weight: var(--body_typography-font-weight); letter-spacing: var(--body_typography-letter-spacing);\">Foto: <\/span><span style=\"color: var(--body_typography-color); font-family: var(--body_typography-font-family); font-size: var(--body_typography-font-size); font-style: var(--body_typography-font-style,normal); font-weight: var(--body_typography-font-weight); letter-spacing: var(--body_typography-letter-spacing);\"><i><a href=\"https:\/\/www.instagram.com\/katarina_bako_photography\/\">Katar\u00edna Bako<\/a><\/i><\/span><span style=\"color: var(--body_typography-color); font-family: var(--body_typography-font-family); font-size: var(--body_typography-font-size); font-style: var(--body_typography-font-style,normal); font-weight: var(--body_typography-font-weight); letter-spacing: var(--body_typography-letter-spacing);\">)<\/span><\/p>\n<p>Stanislav Meli\u0161 a Jozef Michalko sa stretli v roku 2001 na Fakulte architekt\u00fary STU, kde za\u010dali rozv\u00edja\u0165 spolo\u010dn\u00e9 t\u00e9my a bl\u00edzke zadania. T\u00e1to spolupr\u00e1ca prer\u00e1stla do zalo\u017eenia ateli\u00e9ru, ktor\u00fd sa doteraz venuje projektom r\u00f4znej povahy a mierky, s presahom na dizajn a tvorbu n\u00e1bytku.<\/p>\n<p>Melismichalko nechce kop\u00edrova\u0165 trendy, ale z\u00e1klad\u00e1 na my\u0161lienke a em\u00f3ci\u00ed , ktor\u00e9 definuj\u00fa bud\u00faci charakter a identitu ka\u017ed\u00e9ho diela. Odpovede neh\u013ead\u00e1 len vo funk\u010dnosti a estetike, ale v dobre polo\u017een\u00fdch ot\u00e1zkach a sk\u00famaniu javov.<\/p>\n<p>[\/fusion_text][fusion_imageframe image_id=&#8220;10767|full&#8220; max_width=&#8220;&#8220; sticky_max_width=&#8220;&#8220; skip_lazy_load=&#8220;&#8220; style_type=&#8220;&#8220; blur=&#8220;&#8220; stylecolor=&#8220;&#8220; hover_type=&#8220;none&#8220; bordersize=&#8220;&#8220; bordercolor=&#8220;&#8220; borderradius=&#8220;&#8220; align_medium=&#8220;none&#8220; align_small=&#8220;none&#8220; align=&#8220;none&#8220; lightbox=&#8220;no&#8220; gallery_id=&#8220;&#8220; lightbox_image=&#8220;&#8220; lightbox_image_id=&#8220;&#8220; alt=&#8220;&#8220; link=&#8220;&#8220; linktarget=&#8220;_self&#8220; animation_type=&#8220;&#8220; animation_direction=&#8220;left&#8220; animation_speed=&#8220;0.3&#8243; animation_offset=&#8220;&#8220; hide_on_mobile=&#8220;small-visibility,medium-visibility,large-visibility&#8220; sticky_display=&#8220;normal,sticky&#8220; class=&#8220;&#8220; id=&#8220;&#8220; filter_hue=&#8220;0&#8243; filter_saturation=&#8220;100&#8243; filter_brightness=&#8220;100&#8243; filter_contrast=&#8220;100&#8243; filter_invert=&#8220;0&#8243; filter_sepia=&#8220;0&#8243; filter_opacity=&#8220;100&#8243; filter_blur=&#8220;0&#8243; filter_hue_hover=&#8220;0&#8243; filter_saturation_hover=&#8220;100&#8243; filter_brightness_hover=&#8220;100&#8243; filter_contrast_hover=&#8220;100&#8243; filter_invert_hover=&#8220;0&#8243; filter_sepia_hover=&#8220;0&#8243; filter_opacity_hover=&#8220;100&#8243; filter_blur_hover=&#8220;0&#8243;]http:\/\/www.bratislavadesignweek.sk\/wp-content\/uploads\/2021\/11\/Stebel_foto-Katari\u0301na-Bako_1-scaled.jpg[\/fusion_imageframe][fusion_text columns=&#8220;&#8220; column_min_width=&#8220;&#8220; column_spacing=&#8220;&#8220; rule_style=&#8220;default&#8220; rule_size=&#8220;&#8220; rule_color=&#8220;&#8220; font_size=&#8220;&#8220; line_height=&#8220;&#8220; letter_spacing=&#8220;&#8220; text_color=&#8220;&#8220; content_alignment_medium=&#8220;&#8220; content_alignment_small=&#8220;&#8220; content_alignment=&#8220;&#8220; animation_type=&#8220;&#8220; animation_direction=&#8220;left&#8220; animation_speed=&#8220;0.3&#8243; animation_offset=&#8220;&#8220; hide_on_mobile=&#8220;small-visibility,medium-visibility,large-visibility&#8220; sticky_display=&#8220;normal,sticky&#8220; class=&#8220;&#8220; id=&#8220;&#8220;]<\/p>\n<p><span style=\"color: var(--body_typography-color); font-family: var(--body_typography-font-family); font-size: var(--body_typography-font-size); font-style: var(--body_typography-font-style,normal); font-weight: var(--body_typography-font-weight); letter-spacing: var(--body_typography-letter-spacing);\">(Foto: Katar\u00edna Bako)<\/span><\/p>\n<p><b>\u0160tebe\u013e, \u0161tebl\u00edk \u2013 \u013eudovo prie\u010dna \u017er\u010fka na rebr\u00edku<\/b><\/p>\n<p>Koncept modulovej policovej zostavy \u0160tebel je zalo\u017een\u00fd na redukci\u00ed materi\u00e1lu a vyu\u017eitie jeho siln\u00fdch str\u00e1nok. \u0160tebe\u013e maxim\u00e1lne vyu\u017e\u00edva vlastnosti pou\u017eit\u00fdch materi\u00e1lov, ako pru\u017enos\u0165 dreva, h\u00fa\u017eevnatos\u0165 a tvrdos\u0165 ocele, krehk\u00e1 kr\u00e1sa skla, surov\u00e1 estetika plechu, alebo len recykl\u00e1cia\/upcykl\u00e1cia toho, \u010do je v danom okamihu dostupn\u00e9. Tvarovanie vych\u00e1dza z funk\u010dnej podstaty, pri\u010dom v\u00fdsledn\u00e1 zostava si uchov\u00e1va svoju DNA, aj pri pou\u017eit\u00ed r\u00f4znych materi\u00e1lov a stavebn\u00fdch prvkov.<\/p>\n<p>[\/fusion_text][fusion_imageframe image_id=&#8220;10768|full&#8220; max_width=&#8220;&#8220; sticky_max_width=&#8220;&#8220; skip_lazy_load=&#8220;&#8220; style_type=&#8220;&#8220; blur=&#8220;&#8220; stylecolor=&#8220;&#8220; hover_type=&#8220;none&#8220; bordersize=&#8220;&#8220; bordercolor=&#8220;&#8220; borderradius=&#8220;&#8220; align_medium=&#8220;none&#8220; align_small=&#8220;none&#8220; align=&#8220;none&#8220; lightbox=&#8220;no&#8220; gallery_id=&#8220;&#8220; lightbox_image=&#8220;&#8220; lightbox_image_id=&#8220;&#8220; alt=&#8220;&#8220; link=&#8220;&#8220; linktarget=&#8220;_self&#8220; animation_type=&#8220;&#8220; animation_direction=&#8220;left&#8220; animation_speed=&#8220;0.3&#8243; animation_offset=&#8220;&#8220; hide_on_mobile=&#8220;small-visibility,medium-visibility,large-visibility&#8220; sticky_display=&#8220;normal,sticky&#8220; class=&#8220;&#8220; id=&#8220;&#8220; filter_hue=&#8220;0&#8243; filter_saturation=&#8220;100&#8243; filter_brightness=&#8220;100&#8243; filter_contrast=&#8220;100&#8243; filter_invert=&#8220;0&#8243; filter_sepia=&#8220;0&#8243; filter_opacity=&#8220;100&#8243; filter_blur=&#8220;0&#8243; filter_hue_hover=&#8220;0&#8243; filter_saturation_hover=&#8220;100&#8243; filter_brightness_hover=&#8220;100&#8243; filter_contrast_hover=&#8220;100&#8243; filter_invert_hover=&#8220;0&#8243; filter_sepia_hover=&#8220;0&#8243; filter_opacity_hover=&#8220;100&#8243; filter_blur_hover=&#8220;0&#8243;]http:\/\/www.bratislavadesignweek.sk\/wp-content\/uploads\/2021\/11\/Stebel_foto-Katari\u0301na-Bako_6-scaled.jpg[\/fusion_imageframe][fusion_text columns=&#8220;&#8220; column_min_width=&#8220;&#8220; column_spacing=&#8220;&#8220; rule_style=&#8220;default&#8220; rule_size=&#8220;&#8220; rule_color=&#8220;&#8220; font_size=&#8220;&#8220; line_height=&#8220;&#8220; letter_spacing=&#8220;&#8220; text_color=&#8220;&#8220; content_alignment_medium=&#8220;&#8220; content_alignment_small=&#8220;&#8220; content_alignment=&#8220;&#8220; animation_type=&#8220;&#8220; animation_direction=&#8220;left&#8220; animation_speed=&#8220;0.3&#8243; animation_offset=&#8220;&#8220; hide_on_mobile=&#8220;small-visibility,medium-visibility,large-visibility&#8220; sticky_display=&#8220;normal,sticky&#8220; class=&#8220;&#8220; id=&#8220;&#8220;]<\/p>\n<p>(Foto: Katar\u00edna Bako)<\/p>\n<p>[\/fusion_text][fusion_gallery lightbox=&#8220;yes&#8220; hide_on_mobile=&#8220;small-visibility,medium-visibility,large-visibility&#8220;][fusion_gallery_image link=&#8220;&#8220; linktarget=&#8220;_self&#8220; alt=&#8220;&#8220; image=&#8220;http:\/\/www.bratislavadesignweek.sk\/wp-content\/uploads\/2021\/11\/Stebel_foto-Katari\u0301na-Bako_5-scaled.jpg&#8220; image_id=&#8220;10772|full&#8220; \/][fusion_gallery_image link=&#8220;&#8220; linktarget=&#8220;_self&#8220; alt=&#8220;&#8220; image=&#8220;http:\/\/www.bratislavadesignweek.sk\/wp-content\/uploads\/2021\/11\/Stebel_foto-Katari\u0301na-Bako_1A-scaled.jpg&#8220; image_id=&#8220;10773|full&#8220; \/][fusion_gallery_image image=&#8220;http:\/\/www.bratislavadesignweek.sk\/wp-content\/uploads\/2021\/11\/Stebel_foto-Katari\u0301na-Bako_1-1-scaled.jpg&#8220; image_id=&#8220;10774|full&#8220; link=&#8220;&#8220; linktarget=&#8220;_self&#8220; \/][\/fusion_gallery][\/fusion_builder_column][fusion_builder_column type=&#8220;1_6&#8243; layout=&#8220;1_6&#8243; spacing=&#8220;0&#8243; center_content=&#8220;no&#8220; link=&#8220;&#8220; target=&#8220;_self&#8220; min_height=&#8220;&#8220; hide_on_mobile=&#8220;large-visibility&#8220; class=&#8220;&#8220; id=&#8220;&#8220; background_image_id=&#8220;&#8220; background_color=&#8220;&#8220; background_image=&#8220;&#8220; background_position=&#8220;left top&#8220; undefined=&#8220;&#8220; background_repeat=&#8220;no-repeat&#8220; hover_type=&#8220;none&#8220; border_color=&#8220;&#8220; border_style=&#8220;solid&#8220; border_position=&#8220;all&#8220; padding_top=&#8220;&#8220; padding_right=&#8220;&#8220; padding_bottom=&#8220;&#8220; padding_left=&#8220;&#8220; margin_top=&#8220;&#8220; margin_bottom=&#8220;&#8220; animation_type=&#8220;&#8220; animation_direction=&#8220;left&#8220; animation_speed=&#8220;0.3&#8243; animation_offset=&#8220;&#8220; last=&#8220;true&#8220; element_content=&#8220;&#8220; border_sizes_top=&#8220;0px&#8220; border_sizes_bottom=&#8220;0px&#8220; border_sizes_left=&#8220;0px&#8220; border_sizes_right=&#8220;0px&#8220; first=&#8220;false&#8220; spacing_left=&#8220;0&#8243;][\/fusion_builder_column][\/fusion_builder_row][\/fusion_builder_container]<\/p>","protected":false},"excerpt":{"rendered":"<p>Phasellus eu scelerisque quam, id pulvinar ligula. Quisque pretium pharetra tortor. Vestibulum porta neque et ligula fringilla pharetra. Etiam eleifend ultricies nulla, in viverra.<\/p>","protected":false},"author":2,"featured_media":10764,"comment_status":"open","ping_status":"open","sticky":false,"template":"","format":"standard","meta":{"footnotes":""},"categories":[4,839,871,786],"tags":[],"_links":{"self":[{"href":"https:\/\/www.bratislavadesignweek.sk\/en\/wp-json\/wp\/v2\/posts\/10762"}],"collection":[{"href":"https:\/\/www.bratislavadesignweek.sk\/en\/wp-json\/wp\/v2\/posts"}],"about":[{"href":"https:\/\/www.bratislavadesignweek.sk\/en\/wp-json\/wp\/v2\/types\/post"}],"author":[{"embeddable":true,"href":"https:\/\/www.bratislavadesignweek.sk\/en\/wp-json\/wp\/v2\/users\/2"}],"replies":[{"embeddable":true,"href":"https:\/\/www.bratislavadesignweek.sk\/en\/wp-json\/wp\/v2\/comments?post=10762"}],"version-history":[{"count":5,"href":"https:\/\/www.bratislavadesignweek.sk\/en\/wp-json\/wp\/v2\/posts\/10762\/revisions"}],"predecessor-version":[{"id":10776,"href":"https:\/\/www.bratislavadesignweek.sk\/en\/wp-json\/wp\/v2\/posts\/10762\/revisions\/10776"}],"wp:featuredmedia":[{"embeddable":true,"href":"https:\/\/www.bratislavadesignweek.sk\/en\/wp-json\/wp\/v2\/media\/10764"}],"wp:attachment":[{"href":"https:\/\/www.bratislavadesignweek.sk\/en\/wp-json\/wp\/v2\/media?parent=10762"}],"wp:term":[{"taxonomy":"category","embeddable":true,"href":"https:\/\/www.bratislavadesignweek.sk\/en\/wp-json\/wp\/v2\/categories?post=10762"},{"taxonomy":"post_tag","embeddable":true,"href":"https:\/\/www.bratislavadesignweek.sk\/en\/wp-json\/wp\/v2\/tags?post=10762"}],"curies":[{"name":"wp","href":"https:\/\/api.w.org\/{rel}","templated":true}]}}