{"id":11034,"date":"2022-01-03T16:22:44","date_gmt":"2022-01-03T15:22:44","guid":{"rendered":"https:\/\/www.bratislavadesignweek.sk\/?p=11034"},"modified":"2022-01-03T17:24:21","modified_gmt":"2022-01-03T16:24:21","slug":"bratislava-design-week-2021-pandemic-edition-2","status":"publish","type":"post","link":"https:\/\/www.bratislavadesignweek.sk\/en\/bratislava-design-week-2021-pandemic-edition-2\/","title":{"rendered":"Bratislava Design Week 2021 Pandemic Edition 2"},"content":{"rendered":"<p>[fusion_builder_container admin_label=\"Storie Title\" hundred_percent=\"no\" hundred_percent_height=\"no\" hundred_percent_height_scroll=\"no\" hundred_percent_height_center_content=\"yes\" equal_height_columns=\"no\" hide_on_mobile=\"large-visibility\" status=\"published\" background_color=\"#1818\u2033 background_image=\"http:\/\/www.bratislavadesignweek.sk\/wp-content\/uploads\/2019\/03\/single-blog-post-feat.jpg\" background_position=\"center center\" background_repeat=\"no-repeat\" fade=\"yes\" background_parallax=\"none\" enable_mobile=\"no\" parallax_speed=\"0.3\u2033 video_aspect_ratio=\"16:9\u2033 video_loop=\"yes\" video_mute=\"yes\" border_style=\"solid\" padding_top=\"30%\" padding_right=\"3%\" padding_left=\"3%\" admin_toggled=\"yes\" flex_column_spacing=\"0px\" type=\"flex\" dynamic_params=\"eyJiYWNrZ3JvdW5kX2ltYWdlIjp7ImRhdGEiOiJwb3N0X2ZlYXR1cmVkX2ltYWdlIiwidHlwZSI6Im1haW4ifX0=\" margin_top=\"0px\"][fusion_builder_row][fusion_builder_column type=\"1_1\u2033 type=\"1_1\u2033 layout=\"1_1\u2033 spacing=\"0\u2033 center_content=\"no\" link=\"\" target=\"_self\" min_height=\"\" hide_on_mobile=\"small-visibility,medium-visibility,large-visibility\" class=\"\" id=\"\" background_image_id=\"\" background_color=\"#f5f5\u2033 background_image=\"\" background_position=\"left top\" undefined=\"\" background_repeat=\"no-repeat\" hover_type=\"none\" border_color=\"\" border_style=\"solid\" border_position=\"all\" padding_top=\"2%\" padding_right=\"8%\" padding_bottom=\"\" padding_left=\"8%\" margin_top=\"0px\" margin_bottom=\"0px\" animation_type=\"\" animation_direction=\"left\" animation_speed=\"0.3\u2033 animation_offset=\"\" last=\"true\" border_sizes_top=\"0px\" border_sizes_bottom=\"0px\" border_sizes_left=\"0px\" border_sizes_right=\"0px\" first=\"true\"][fusion_title hide_on_mobile=\"small-visibility,medium-visibility,large-visibility\" class=\"\" id=\"\" content_align=\"center\" size=\"2\u2033 font_size=\"\" line_height=\"\" letter_spacing=\"\" margin_top=\"30px\" margin_bottom=\"20px\" text_color=\"\" style_type=\"default\" sep_color=\"\" dynamic_params=\"eyJlbGVtZW50X2NvbnRlbnQiOnsiZGF0YSI6InBvc3RfdGl0bGUiLCJpbmNsdWRlX2NvbnRleHQiOiJubyJ9fQ==\" fusion_font_variant_title_font=\"\"]<\/p>\n<p>Modern Art Exhibition at Avada Galerie<\/p>\n<p>[\/fusion_title][fusion_separator style_type=&#8220;single solid&#8220; hide_on_mobile=&#8220;small-visibility,medium-visibility,large-visibility&#8220; class=&#8220;&#8220; id=&#8220;&#8220; sep_color=&#8220;#181818&#8243; top_margin=&#8220;20px&#8220; bottom_margin=&#8220;20px&#8220; border_size=&#8220;2&#8243; icon=&#8220;&#8220; icon_circle=&#8220;&#8220; icon_circle_color=&#8220;&#8220; width=&#8220;32px&#8220; alignment=&#8220;center&#8220; \/][\/fusion_builder_column][\/fusion_builder_row][\/fusion_builder_container][fusion_builder_container admin_label=&#8220;Storie Title Mobile&#8220; hundred_percent=&#8220;no&#8220; hundred_percent_height=&#8220;no&#8220; hundred_percent_height_scroll=&#8220;no&#8220; hundred_percent_height_center_content=&#8220;yes&#8220; equal_height_columns=&#8220;no&#8220; hide_on_mobile=&#8220;small-visibility,medium-visibility&#8220; status=&#8220;published&#8220; background_position=&#8220;center center&#8220; background_repeat=&#8220;no-repeat&#8220; fade=&#8220;no&#8220; background_parallax=&#8220;none&#8220; enable_mobile=&#8220;no&#8220; parallax_speed=&#8220;0.3&#8243; video_aspect_ratio=&#8220;16:9&#8243; video_loop=&#8220;yes&#8220; video_mute=&#8220;yes&#8220; border_style=&#8220;solid&#8220; admin_toggled=&#8220;yes&#8220; flex_column_spacing=&#8220;0px&#8220; type=&#8220;flex&#8220; background_color=&#8220;#f5f5f5&#8243; padding_right_small=&#8220;10%&#8220; padding_left_small=&#8220;10%&#8220; padding_top_small=&#8220;50px&#8220;][fusion_builder_row][fusion_builder_column type=&#8220;1_1&#8243; type=&#8220;1_1&#8243; layout=&#8220;1_1&#8243; spacing=&#8220;&#8220; center_content=&#8220;no&#8220; link=&#8220;&#8220; target=&#8220;_self&#8220; min_height=&#8220;&#8220; hide_on_mobile=&#8220;small-visibility,medium-visibility,large-visibility&#8220; class=&#8220;&#8220; id=&#8220;&#8220; background_image_id=&#8220;&#8220; background_color=&#8220;&#8220; background_image=&#8220;http:\/\/www.bratislavadesignweek.sk\/wp-content\/uploads\/2022\/01\/Screen-Shot-2022-01-03-at-15.52.53.png&#8220; background_position=&#8220;center center&#8220; undefined=&#8220;&#8220; background_repeat=&#8220;no-repeat&#8220; hover_type=&#8220;zoomout&#8220; border_color=&#8220;&#8220; border_style=&#8220;solid&#8220; border_position=&#8220;all&#8220; padding_top=&#8220;0%&#8220; padding_right=&#8220;&#8220; padding_bottom=&#8220;50%&#8220; padding_left=&#8220;&#8220; margin_top=&#8220;402px&#8220; margin_bottom=&#8220;240px&#8220; animation_type=&#8220;&#8220; animation_direction=&#8220;left&#8220; animation_speed=&#8220;0.3&#8243; animation_offset=&#8220;&#8220; last=&#8220;true&#8220; border_sizes_top=&#8220;0px&#8220; border_sizes_bottom=&#8220;0px&#8220; border_sizes_left=&#8220;0px&#8220; border_sizes_right=&#8220;0px&#8220; first=&#8220;true&#8220; margin_top_medium=&#8220;0px&#8220; padding_top_small=&#8220;0px&#8220; margin_top_small=&#8220;0px&#8220; padding_left_small=&#8220;0px&#8220; element_content=&#8220;&#8220; order_small=&#8220;0&#8243; padding_bottom_small=&#8220;217.0938px&#8220; margin_bottom_small=&#8220;77px&#8220; spacing_left_small=&#8220;0px&#8220;][\/fusion_builder_column][fusion_builder_column type=&#8220;1_1&#8243; type=&#8220;1_1&#8243; layout=&#8220;1_1&#8243; spacing=&#8220;0&#8243; center_content=&#8220;no&#8220; link=&#8220;&#8220; target=&#8220;_self&#8220; min_height=&#8220;&#8220; hide_on_mobile=&#8220;small-visibility,medium-visibility,large-visibility&#8220; class=&#8220;&#8220; id=&#8220;&#8220; background_image_id=&#8220;&#8220; background_color=&#8220;#f5f5f5&#8243; background_image=&#8220;&#8220; background_position=&#8220;left top&#8220; undefined=&#8220;&#8220; background_repeat=&#8220;no-repeat&#8220; hover_type=&#8220;none&#8220; border_color=&#8220;&#8220; border_style=&#8220;solid&#8220; border_position=&#8220;all&#8220; padding_top=&#8220;6%&#8220; padding_right=&#8220;&#8220; padding_bottom=&#8220;&#8220; padding_left=&#8220;&#8220; margin_top=&#8220;0px&#8220; margin_bottom=&#8220;0px&#8220; animation_type=&#8220;&#8220; animation_direction=&#8220;left&#8220; animation_speed=&#8220;0.3&#8243; animation_offset=&#8220;&#8220; last=&#8220;true&#8220; border_sizes_top=&#8220;0px&#8220; border_sizes_bottom=&#8220;0px&#8220; border_sizes_left=&#8220;0px&#8220; border_sizes_right=&#8220;0px&#8220; first=&#8220;true&#8220; padding_top_medium=&#8220;10px&#8220; order_small=&#8220;1&#8243;][fusion_title hide_on_mobile=&#8220;small-visibility,medium-visibility,large-visibility&#8220; class=&#8220;&#8220; id=&#8220;&#8220; content_align=&#8220;center&#8220; size=&#8220;2&#8243; font_size=&#8220;52px&#8220; line_height=&#8220;&#8220; letter_spacing=&#8220;&#8220; margin_top=&#8220;30px&#8220; margin_bottom=&#8220;20px&#8220; text_color=&#8220;&#8220; style_type=&#8220;default&#8220; sep_color=&#8220;&#8220; dynamic_params=&#8220;e30=&#8220;]<\/p>\n<p>Bratislava Design Week 2021 Pandemic Edition 2<\/p>\n<p>[\/fusion_title][fusion_separator style_type=&#8220;single solid&#8220; hide_on_mobile=&#8220;small-visibility,medium-visibility,large-visibility&#8220; class=&#8220;&#8220; id=&#8220;&#8220; sep_color=&#8220;#181818&#8243; top_margin=&#8220;20px&#8220; bottom_margin=&#8220;10px&#8220; border_size=&#8220;2&#8243; icon=&#8220;&#8220; icon_circle=&#8220;&#8220; icon_circle_color=&#8220;&#8220; width=&#8220;32px&#8220; alignment=&#8220;center&#8220; \/][\/fusion_builder_column][\/fusion_builder_row][\/fusion_builder_container][fusion_builder_container type=&#8220;flex&#8220; hundred_percent=&#8220;no&#8220; hundred_percent_height=&#8220;no&#8220; hundred_percent_height_scroll=&#8220;no&#8220; align_content=&#8220;stretch&#8220; flex_align_items=&#8220;flex-start&#8220; flex_justify_content=&#8220;flex-start&#8220; hundred_percent_height_center_content=&#8220;yes&#8220; equal_height_columns=&#8220;no&#8220; container_tag=&#8220;div&#8220; hide_on_mobile=&#8220;small-visibility,medium-visibility,large-visibility&#8220; status=&#8220;published&#8220; border_style=&#8220;solid&#8220; box_shadow=&#8220;no&#8220; box_shadow_blur=&#8220;0&#8243; box_shadow_spread=&#8220;0&#8243; gradient_start_position=&#8220;0&#8243; gradient_end_position=&#8220;100&#8243; gradient_type=&#8220;linear&#8220; radial_direction=&#8220;center center&#8220; linear_angle=&#8220;180&#8243; background_position=&#8220;center center&#8220; background_repeat=&#8220;no-repeat&#8220; fade=&#8220;no&#8220; background_parallax=&#8220;none&#8220; enable_mobile=&#8220;no&#8220; parallax_speed=&#8220;0.3&#8243; background_blend_mode=&#8220;none&#8220; video_aspect_ratio=&#8220;16:9&#8243; video_loop=&#8220;yes&#8220; video_mute=&#8220;yes&#8220; absolute=&#8220;off&#8220; absolute_devices=&#8220;small,medium,large&#8220; sticky=&#8220;off&#8220; sticky_devices=&#8220;small-visibility,medium-visibility,large-visibility&#8220; sticky_transition_offset=&#8220;0&#8243; scroll_offset=&#8220;0&#8243; animation_direction=&#8220;left&#8220; animation_speed=&#8220;0.3&#8243; filter_hue=&#8220;0&#8243; filter_saturation=&#8220;100&#8243; filter_brightness=&#8220;100&#8243; filter_contrast=&#8220;100&#8243; filter_invert=&#8220;0&#8243; filter_sepia=&#8220;0&#8243; filter_opacity=&#8220;100&#8243; filter_blur=&#8220;0&#8243; filter_hue_hover=&#8220;0&#8243; filter_saturation_hover=&#8220;100&#8243; filter_brightness_hover=&#8220;100&#8243; filter_contrast_hover=&#8220;100&#8243; filter_invert_hover=&#8220;0&#8243; filter_sepia_hover=&#8220;0&#8243; filter_opacity_hover=&#8220;100&#8243; filter_blur_hover=&#8220;0&#8243;][fusion_builder_row][fusion_builder_column type=&#8220;1_1&#8243; type=&#8220;1_1&#8243; layout=&#8220;1_1&#8243; align_self=&#8220;auto&#8220; content_layout=&#8220;column&#8220; align_content=&#8220;flex-start&#8220; valign_content=&#8220;flex-start&#8220; content_wrap=&#8220;wrap&#8220; spacing=&#8220;&#8220; center_content=&#8220;no&#8220; link=&#8220;&#8220; target=&#8220;_self&#8220; min_height=&#8220;&#8220; hide_on_mobile=&#8220;small-visibility,medium-visibility,large-visibility&#8220; sticky_display=&#8220;normal,sticky&#8220; class=&#8220;&#8220; id=&#8220;&#8220; type_medium=&#8220;&#8220; type_small=&#8220;&#8220; order_medium=&#8220;0&#8243; order_small=&#8220;0&#8243; dimension_spacing_medium=&#8220;&#8220; dimension_spacing_small=&#8220;&#8220; dimension_spacing=&#8220;&#8220; dimension_margin_medium=&#8220;&#8220; dimension_margin_small=&#8220;&#8220; margin_top=&#8220;&#8220; margin_bottom=&#8220;&#8220; padding_medium=&#8220;&#8220; padding_small=&#8220;&#8220; padding_top=&#8220;&#8220; padding_right=&#8220;&#8220; padding_bottom=&#8220;&#8220; padding_left=&#8220;&#8220; hover_type=&#8220;none&#8220; border_sizes=&#8220;&#8220; border_color=&#8220;&#8220; border_style=&#8220;solid&#8220; border_radius=&#8220;&#8220; box_shadow=&#8220;no&#8220; dimension_box_shadow=&#8220;&#8220; box_shadow_blur=&#8220;0&#8243; box_shadow_spread=&#8220;0&#8243; box_shadow_color=&#8220;&#8220; box_shadow_style=&#8220;&#8220; background_type=&#8220;single&#8220; gradient_start_color=&#8220;&#8220; gradient_end_color=&#8220;&#8220; gradient_start_position=&#8220;0&#8243; gradient_end_position=&#8220;100&#8243; gradient_type=&#8220;linear&#8220; radial_direction=&#8220;center center&#8220; linear_angle=&#8220;180&#8243; background_color=&#8220;&#8220; background_image=&#8220;&#8220; background_image_id=&#8220;&#8220; background_position=&#8220;left top&#8220; background_repeat=&#8220;no-repeat&#8220; background_blend_mode=&#8220;none&#8220; render_logics=&#8220;&#8220; filter_type=&#8220;regular&#8220; filter_hue=&#8220;0&#8243; filter_saturation=&#8220;100&#8243; filter_brightness=&#8220;100&#8243; filter_contrast=&#8220;100&#8243; filter_invert=&#8220;0&#8243; filter_sepia=&#8220;0&#8243; filter_opacity=&#8220;100&#8243; filter_blur=&#8220;0&#8243; filter_hue_hover=&#8220;0&#8243; filter_saturation_hover=&#8220;100&#8243; filter_brightness_hover=&#8220;100&#8243; filter_contrast_hover=&#8220;100&#8243; filter_invert_hover=&#8220;0&#8243; filter_sepia_hover=&#8220;0&#8243; filter_opacity_hover=&#8220;100&#8243; filter_blur_hover=&#8220;0&#8243; animation_type=&#8220;&#8220; animation_direction=&#8220;left&#8220; animation_speed=&#8220;0.3&#8243; animation_offset=&#8220;&#8220; last=&#8220;true&#8220; border_position=&#8220;all&#8220; first=&#8220;true&#8220;][fusion_text columns=&#8220;&#8220; column_min_width=&#8220;&#8220; column_spacing=&#8220;&#8220; rule_style=&#8220;default&#8220; rule_size=&#8220;&#8220; rule_color=&#8220;&#8220; font_size=&#8220;&#8220; line_height=&#8220;&#8220; letter_spacing=&#8220;&#8220; text_color=&#8220;&#8220; content_alignment_medium=&#8220;&#8220; content_alignment_small=&#8220;&#8220; content_alignment=&#8220;&#8220; animation_type=&#8220;&#8220; animation_direction=&#8220;left&#8220; animation_speed=&#8220;0.3&#8243; animation_offset=&#8220;&#8220; hide_on_mobile=&#8220;small-visibility,medium-visibility,large-visibility&#8220; sticky_display=&#8220;normal,sticky&#8220; class=&#8220;&#8220; id=&#8220;&#8220;]<\/p>\n<p><b>V\u00fdstavy<\/b>: Zoya Gallery (Erd\u0151dyho pal\u00e1c) do 19. decembra 2021<\/p>\n<p><b>Hlavn\u00e9 centr\u00e1ly:<\/b> <a href=\"https:\/\/muzeumbratislava.sk\/muzeum-historickych-interierov\">Apponyiho pal\u00e1c (M\u00fazeum historick\u00fdch interi\u00e9rov, M\u00fazeum mesta Bratislavy) do 23. janu\u00e1ra 2022<\/a><\/p>\n<blockquote>\n<p>\u201c Ke\u010f sme koncipovali Bratislava Design Week pre tento rok neo\u010dak\u00e1vali sme, \u017ee sa ocitneme e\u0161te v hor\u0161ej situ\u00e1cii ako ten minul\u00fd. Lockdown zasiahol do pr\u00edprav na posledn\u00fa chv\u00ed\u013eu a tak sme museli n\u00e1\u0161 program adaptova\u0165 a presun\u00fa\u0165 do online priestoru, \u010do je pre festival ktor\u00e9ho hlavnou podstatou s\u00fa v\u00fdstavy obzvl\u00e1\u0161\u0165 n\u00e1ro\u010dn\u00e9. Napriek tomu v\u00fdstavy nain\u0161talujeme a v\u010faka ochote na\u0161ich partnerov ich pred\u013a\u017eime v Zoya Gallery do 19. <span style=\"color: var(--body_typography-color); font-family: var(--body_typography-font-family); font-size: var(--body_typography-font-size); font-style: var(--body_typography-font-style,normal); font-weight: var(--body_typography-font-weight); letter-spacing: var(--body_typography-letter-spacing);\">decembra a v Apponyiho pal\u00e1ci (MMB) a\u017e do 23. janu\u00e1ra. Sme optimisti a ver\u00edme, \u017ee si ich verejnos\u0165 bude m\u00f4c\u0165 pozrie\u0165 aj na\u017eivo. \u201c <\/span><span style=\"background-color: #f5f5f5; color: var(--body_typography-color); font-family: var(--body_typography-font-family); font-size: var(--body_typography-font-size); font-style: var(--body_typography-font-style,normal); font-weight: var(--body_typography-font-weight); letter-spacing: var(--body_typography-letter-spacing);\">\u013dubica Hust\u00e1<\/span><\/p>\n<\/blockquote>\n<p>Hlavn\u00e1 t\u00e9ma: CHARAKTER V roku 2021 sa bude festival BADW kona\u0165 op\u00e4\u0165 na za\u010diatku decembra po\u010das adventu v kr\u00e1snych historick\u00fdch pal\u00e1coch v Starom Meste. Hlavnou t\u00e9mou je CHARAKTER. Charakter je slovo s viacer\u00fdmi v\u00fdznamami, rovnako \u0161iroko ho vn\u00edmame a chceme reflektova\u0165 aj my. Charakter ako nie\u010do, \u010do vystihuje povahu \u010dloveka, ale aj povahu nejakej epochy, dizajn\u00e9rskej \u0161koly, pr\u00edstupu. Ak je niekto zodpovedn\u00fd, oh\u013eadupln\u00fd, re\u0161pektuje pravdu a pravidl\u00e1, zvykne sa hovori\u0165 \u017ee m\u00e1 pevn\u00fd charakter. Mysl\u00edme, \u017ee je t\u00e1to vlastnos\u0165 v s\u00fa\u010dasnosti s oh\u013eadom na spolo\u010densk\u00fa situ\u00e1ciu, alebo klimatick\u00fa kr\u00edzu mimoriadne d\u00f4le\u017eit\u00e1 a preto ju chceme akcentova\u0165. V dizajne ak m\u00e1 nie\u010do podobn\u00fd charakter, ide o nejak\u00fd typick\u00e9 \u010drty, spolo\u010dn\u00e9 v\u00fdchodisk\u00e1, n\u00e1zor. Po extr\u00e9mnom roku chceme op\u00e4\u0165 h\u013eada\u0165 oby\u010dajn\u00fa rados\u0165 z kr\u00e1sy a inakosti, z kreat\u00edvnej energie, ale aj z mo\u017enosti stret\u00e1va\u0165 sa a vz\u00e1jomne sa zoznamova\u0165 so svojou pr\u00e1cou v re\u00e1li. Ver\u00edme, \u017ee okolnosti bud\u00fa tomu naklonen\u00e9.<\/p>\n<p><b>Tv\u00e1rou BADW<\/b> pre rok 2021 je dizajn\u00e9rka a \u0161perk\u00e1rka <b><a href=\"https:\/\/www.instagram.com\/kristyna_spanihelova\/\" target=\"_blank\" rel=\"noopener noreferrer\">Kryst\u00edna \u0160panihelov\u00e1<\/a><\/b>.<\/p>\n<p><b>Ed\u00edcia Majstri<\/b> \u2013 kde predstavujeme osobnosti dej\u00edn slovensk\u00e9ho dizajnu sa predstav\u00ed \u2013 dizajn\u00e9rka, architektka aj autorka \u0161perkov <b><a href=\"https:\/\/scd.sk\/en\/osobnost\/julia-kunovska-en\/\" target=\"_blank\" rel=\"noopener noreferrer\">J\u00daLIA K\u00daNOVSK\u00c1<\/a><\/b>.<\/p>\n<p>Medzi zahrani\u010dn\u00fdmi osobnos\u0165ami sa formou v\u00fdstavy, alebo predn\u00e1\u0161ky predstavia napr\u00edklad:<\/p>\n<p>Clemens Lauer (DE) , Ji\u0159\u00ed Krej\u010d\u00edrik (CZ) , Lucas Munoz (ESP)<\/p>\n<p>Werena Michels (DE), Tal Erez (IL), Gabriel Roland (AT)<\/p>\n<p>Zeitgeist limited (AT)<\/p>\n<p>Kur\u00e1torsk\u00e9 v\u00fdstavy v Apponyiho pal\u00e1ci predstavia v\u00fdber toho najlep\u0161ieho zo slovensk\u00e9ho dizajnu, ale aj vybran\u00e9 osobnosti zo zahrani\u010dia (kur\u00e1torky Vlasta Kubu\u0161ov\u00e1, Oleksandra Baku\u0161ina, \u013dubica Hust\u00e1). In\u0161tal\u00e1cie BADW bud\u00fa aj na \u010fal\u0161\u00edch miestach v meste &#8211; v Slovenskej n\u00e1rodnej gal\u00e9rii a v Staromestskej gal\u00e9rii. V\u00fdstavy Open Call prebiehaj\u00fa v Zoya gallery, BOH\u00c9MA GALLERY a \u010diasto\u010dne aj v Apponyiho pal\u00e1ci. S\u00fa\u010das\u0165ou programu bud\u00fa aj medzin\u00e1rodn\u00e9 predn\u00e1\u0161ky a diskusie BADW TALKS a MAGDAMAG TALKS v kur\u00e1torskej koncepcii riadite\u013eky \u013dubice Hustej, dizajn\u00e9rky Vlasty Kubu\u0161ovej a architektky, editorky Gabriely Smetanovej (magdamag.sk).<\/p>\n<p>[\/fusion_text][\/fusion_builder_column][\/fusion_builder_row][\/fusion_builder_container]<\/p>","protected":false},"excerpt":{"rendered":"<p>Phasellus eu scelerisque quam, id pulvinar ligula. Quisque pretium pharetra tortor. Vestibulum porta neque et ligula fringilla pharetra. Etiam eleifend ultricies nulla, in viverra.<\/p>","protected":false},"author":2,"featured_media":11035,"comment_status":"open","ping_status":"open","sticky":false,"template":"","format":"standard","meta":{"footnotes":""},"categories":[871,786],"tags":[],"_links":{"self":[{"href":"https:\/\/www.bratislavadesignweek.sk\/en\/wp-json\/wp\/v2\/posts\/11034"}],"collection":[{"href":"https:\/\/www.bratislavadesignweek.sk\/en\/wp-json\/wp\/v2\/posts"}],"about":[{"href":"https:\/\/www.bratislavadesignweek.sk\/en\/wp-json\/wp\/v2\/types\/post"}],"author":[{"embeddable":true,"href":"https:\/\/www.bratislavadesignweek.sk\/en\/wp-json\/wp\/v2\/users\/2"}],"replies":[{"embeddable":true,"href":"https:\/\/www.bratislavadesignweek.sk\/en\/wp-json\/wp\/v2\/comments?post=11034"}],"version-history":[{"count":5,"href":"https:\/\/www.bratislavadesignweek.sk\/en\/wp-json\/wp\/v2\/posts\/11034\/revisions"}],"predecessor-version":[{"id":11050,"href":"https:\/\/www.bratislavadesignweek.sk\/en\/wp-json\/wp\/v2\/posts\/11034\/revisions\/11050"}],"wp:featuredmedia":[{"embeddable":true,"href":"https:\/\/www.bratislavadesignweek.sk\/en\/wp-json\/wp\/v2\/media\/11035"}],"wp:attachment":[{"href":"https:\/\/www.bratislavadesignweek.sk\/en\/wp-json\/wp\/v2\/media?parent=11034"}],"wp:term":[{"taxonomy":"category","embeddable":true,"href":"https:\/\/www.bratislavadesignweek.sk\/en\/wp-json\/wp\/v2\/categories?post=11034"},{"taxonomy":"post_tag","embeddable":true,"href":"https:\/\/www.bratislavadesignweek.sk\/en\/wp-json\/wp\/v2\/tags?post=11034"}],"curies":[{"name":"wp","href":"https:\/\/api.w.org\/{rel}","templated":true}]}}