{"id":11904,"date":"2022-11-12T14:46:22","date_gmt":"2022-11-12T13:46:22","guid":{"rendered":"https:\/\/www.bratislavadesignweek.sk\/?p=11904"},"modified":"2022-12-04T18:25:27","modified_gmt":"2022-12-04T17:25:27","slug":"brigita-teplanova","status":"publish","type":"post","link":"https:\/\/www.bratislavadesignweek.sk\/en\/brigita-teplanova\/","title":{"rendered":"Brigita Teplanov\u00e1"},"content":{"rendered":"<p>[fusion_builder_container admin_label=&#8220;Storie Title&#8220; hundred_percent=&#8220;no&#8220; hundred_percent_height=&#8220;no&#8220; hundred_percent_height_scroll=&#8220;no&#8220; hundred_percent_height_center_content=&#8220;yes&#8220; equal_height_columns=&#8220;no&#8220; hide_on_mobile=&#8220;large-visibility&#8220; status=&#8220;published&#8220; background_color=&#8220;#181818&#8243; background_position=&#8220;center center&#8220; background_repeat=&#8220;no-repeat&#8220; fade=&#8220;yes&#8220; background_parallax=&#8220;none&#8220; enable_mobile=&#8220;no&#8220; parallax_speed=&#8220;0.3&#8243; video_aspect_ratio=&#8220;16:9&#8243; video_loop=&#8220;yes&#8220; video_mute=&#8220;yes&#8220; border_style=&#8220;solid&#8220; padding_top=&#8220;30%&#8220; padding_right=&#8220;3%&#8220; padding_left=&#8220;3%&#8220; admin_toggled=&#8220;yes&#8220; flex_column_spacing=&#8220;0px&#8220; type=&#8220;flex&#8220; dynamic_params=&#8220;e30=&#8220; margin_top=&#8220;0px&#8220; background_image=&#8220;http:\/\/www.bratislavadesignweek.sk\/wp-content\/uploads\/2022\/11\/bjorgis-2_photocredit_-Gabor-Angyal-scaled.jpg&#8220;][fusion_builder_row][fusion_builder_column type=&#8220;1_1&#8243; type=&#8220;1_1&#8243; layout=&#8220;1_1&#8243; spacing=&#8220;0&#8243; center_content=&#8220;no&#8220; target=&#8220;_self&#8220; hide_on_mobile=&#8220;small-visibility,medium-visibility,large-visibility&#8220; background_color=&#8220;var(&#8211;awb-color1)&#8220; background_position=&#8220;left top&#8220; background_repeat=&#8220;no-repeat&#8220; hover_type=&#8220;none&#8220; border_style=&#8220;solid&#8220; border_position=&#8220;all&#8220; padding_top=&#8220;2%&#8220; padding_right=&#8220;8%&#8220; padding_left=&#8220;8%&#8220; margin_top=&#8220;0px&#8220; margin_bottom=&#8220;0px&#8220; animation_direction=&#8220;left&#8220; animation_speed=&#8220;0.3&#8243; last=&#8220;true&#8220; border_sizes_top=&#8220;0px&#8220; border_sizes_bottom=&#8220;0px&#8220; border_sizes_left=&#8220;0px&#8220; border_sizes_right=&#8220;0px&#8220; first=&#8220;true&#8220; min_height=&#8220;&#8220; link=&#8220;&#8220;][fusion_title hide_on_mobile=&#8220;small-visibility,medium-visibility,large-visibility&#8220; content_align=&#8220;center&#8220; size=&#8220;2&#8243; margin_top=&#8220;30px&#8220; margin_bottom=&#8220;20px&#8220; style_type=&#8220;default&#8220; dynamic_params=&#8220;eyJlbGVtZW50X2NvbnRlbnQiOnsiZGF0YSI6InBvc3RfdGl0bGUiLCJpbmNsdWRlX2NvbnRleHQiOiJubyJ9fQ==&#8220;]<\/p>\n<p>Modern Art Exhibition at Avada Galerie<\/p>\n<p>[\/fusion_title][fusion_separator style_type=&#8220;single solid&#8220; hide_on_mobile=&#8220;small-visibility,medium-visibility,large-visibility&#8220; sep_color=&#8220;#181818&#8243; top_margin=&#8220;20px&#8220; bottom_margin=&#8220;20px&#8220; border_size=&#8220;2&#8243; width=&#8220;32px&#8220; alignment=&#8220;center&#8220; \/][\/fusion_builder_column][\/fusion_builder_row][\/fusion_builder_container][fusion_builder_container admin_label=&#8220;Storie Title Mobile&#8220; hundred_percent=&#8220;no&#8220; hundred_percent_height=&#8220;no&#8220; hundred_percent_height_scroll=&#8220;no&#8220; hundred_percent_height_center_content=&#8220;yes&#8220; equal_height_columns=&#8220;no&#8220; hide_on_mobile=&#8220;small-visibility,medium-visibility&#8220; status=&#8220;published&#8220; background_position=&#8220;center center&#8220; background_repeat=&#8220;no-repeat&#8220; fade=&#8220;no&#8220; background_parallax=&#8220;none&#8220; enable_mobile=&#8220;no&#8220; parallax_speed=&#8220;0.3&#8243; video_aspect_ratio=&#8220;16:9&#8243; video_loop=&#8220;yes&#8220; video_mute=&#8220;yes&#8220; border_style=&#8220;solid&#8220; admin_toggled=&#8220;yes&#8220; flex_column_spacing=&#8220;0px&#8220; type=&#8220;flex&#8220; background_color=&#8220;rgba(255,255,255,0)&#8220; padding_right_small=&#8220;10%&#8220; padding_left_small=&#8220;10%&#8220; padding_top_small=&#8220;50px&#8220;][fusion_builder_row][fusion_builder_column type=&#8220;1_1&#8243; type=&#8220;1_1&#8243; layout=&#8220;1_1&#8243; center_content=&#8220;no&#8220; target=&#8220;_self&#8220; hide_on_mobile=&#8220;small-visibility,medium-visibility,large-visibility&#8220; background_image=&#8220;http:\/\/www.bratislavadesignweek.sk\/wp-content\/uploads\/2022\/11\/bjorgi_smartphone.jpg&#8220; background_position=&#8220;center center&#8220; background_repeat=&#8220;no-repeat&#8220; hover_type=&#8220;zoomout&#8220; border_style=&#8220;solid&#8220; border_position=&#8220;all&#8220; padding_top=&#8220;10%&#8220; padding_bottom=&#8220;10%&#8220; animation_direction=&#8220;left&#8220; animation_speed=&#8220;0.3&#8243; last=&#8220;true&#8220; border_sizes_top=&#8220;0px&#8220; border_sizes_bottom=&#8220;0px&#8220; border_sizes_left=&#8220;0px&#8220; border_sizes_right=&#8220;0px&#8220; first=&#8220;true&#8220; margin_top_medium=&#8220;0px&#8220; padding_bottom_small=&#8220;256.7875px&#8220; background_blend_mode=&#8220;overlay&#8220; min_height=&#8220;&#8220; link=&#8220;&#8220;][fusion_separator style_type=&#8220;default&#8220; hide_on_mobile=&#8220;medium-visibility&#8220; top_margin=&#8220;200px&#8220; alignment=&#8220;center&#8220; \/][\/fusion_builder_column][fusion_builder_column type=&#8220;1_1&#8243; type=&#8220;1_1&#8243; layout=&#8220;1_1&#8243; spacing=&#8220;0&#8243; center_content=&#8220;no&#8220; target=&#8220;_self&#8220; hide_on_mobile=&#8220;small-visibility,medium-visibility,large-visibility&#8220; background_color=&#8220;rgba(255,255,255,0)&#8220; background_position=&#8220;left top&#8220; background_repeat=&#8220;no-repeat&#8220; hover_type=&#8220;none&#8220; border_style=&#8220;solid&#8220; border_position=&#8220;all&#8220; padding_top=&#8220;6%&#8220; margin_top=&#8220;0px&#8220; margin_bottom=&#8220;0px&#8220; animation_direction=&#8220;left&#8220; animation_speed=&#8220;0.3&#8243; last=&#8220;true&#8220; border_sizes_top=&#8220;0px&#8220; border_sizes_bottom=&#8220;0px&#8220; border_sizes_left=&#8220;0px&#8220; border_sizes_right=&#8220;0px&#8220; first=&#8220;true&#8220; padding_top_medium=&#8220;10px&#8220; min_height=&#8220;&#8220; link=&#8220;&#8220;][fusion_title hide_on_mobile=&#8220;small-visibility,medium-visibility,large-visibility&#8220; content_align=&#8220;center&#8220; size=&#8220;2&#8243; font_size=&#8220;52px&#8220; margin_top=&#8220;30px&#8220; margin_bottom=&#8220;20px&#8220; style_type=&#8220;default&#8220; dynamic_params=&#8220;e30=&#8220;]<\/p>\n<h3><span style=\"font-family: pepi-regular;\">Brigita Teplanov\u00e1<\/span><\/h3>\n<p>[\/fusion_title][fusion_separator style_type=&#8220;single solid&#8220; hide_on_mobile=&#8220;small-visibility,medium-visibility,large-visibility&#8220; sep_color=&#8220;#181818&#8243; top_margin=&#8220;20px&#8220; bottom_margin=&#8220;10px&#8220; border_size=&#8220;2&#8243; width=&#8220;32px&#8220; alignment=&#8220;center&#8220; \/][\/fusion_builder_column][\/fusion_builder_row][\/fusion_builder_container][fusion_builder_container hundred_percent=&#8220;no&#8220; hundred_percent_height=&#8220;no&#8220; hundred_percent_height_scroll=&#8220;no&#8220; hundred_percent_height_center_content=&#8220;yes&#8220; equal_height_columns=&#8220;no&#8220; hide_on_mobile=&#8220;small-visibility,medium-visibility,large-visibility&#8220; status=&#8220;published&#8220; background_position=&#8220;center center&#8220; background_repeat=&#8220;no-repeat&#8220; fade=&#8220;no&#8220; background_parallax=&#8220;none&#8220; enable_mobile=&#8220;no&#8220; parallax_speed=&#8220;0.3&#8243; video_aspect_ratio=&#8220;16:9&#8243; video_loop=&#8220;yes&#8220; video_mute=&#8220;yes&#8220; border_style=&#8220;solid&#8220; padding_top=&#8220;10px&#8220; padding_bottom=&#8220;100px&#8220; admin_toggled=&#8220;yes&#8220; admin_label=&#8220;Intro&#8220; flex_column_spacing=&#8220;0px&#8220; type=&#8220;flex&#8220; flex_justify_content=&#8220;center&#8220; background_color=&#8220;rgba(255,255,255,0)&#8220; padding_right_small=&#8220;10%&#8220; padding_left_small=&#8220;10%&#8220;][fusion_builder_row][fusion_builder_column type=&#8220;1_6&#8243; type=&#8220;1_6&#8243; layout=&#8220;1_6&#8243; spacing=&#8220;0&#8243; center_content=&#8220;no&#8220; target=&#8220;_self&#8220; hide_on_mobile=&#8220;large-visibility&#8220; background_position=&#8220;left top&#8220; background_repeat=&#8220;no-repeat&#8220; hover_type=&#8220;none&#8220; border_style=&#8220;solid&#8220; border_position=&#8220;all&#8220; animation_direction=&#8220;left&#8220; animation_speed=&#8220;0.3&#8243; last=&#8220;false&#8220; element_content=&#8220;&#8220; border_sizes_top=&#8220;0px&#8220; border_sizes_bottom=&#8220;0px&#8220; border_sizes_left=&#8220;0px&#8220; border_sizes_right=&#8220;0px&#8220; first=&#8220;true&#8220; spacing_right=&#8220;0&#8243; background_blend_mode=&#8220;overlay&#8220; min_height=&#8220;&#8220; link=&#8220;&#8220;][\/fusion_builder_column][fusion_builder_column type=&#8220;2_3&#8243; type=&#8220;2_3&#8243; layout=&#8220;2_3&#8243; spacing=&#8220;0&#8243; center_content=&#8220;no&#8220; target=&#8220;_self&#8220; hide_on_mobile=&#8220;small-visibility,medium-visibility,large-visibility&#8220; background_position=&#8220;left top&#8220; background_repeat=&#8220;no-repeat&#8220; hover_type=&#8220;none&#8220; border_style=&#8220;solid&#8220; border_position=&#8220;all&#8220; animation_direction=&#8220;left&#8220; animation_speed=&#8220;0.3&#8243; last=&#8220;false&#8220; border_sizes_top=&#8220;0px&#8220; border_sizes_bottom=&#8220;0px&#8220; border_sizes_left=&#8220;0px&#8220; border_sizes_right=&#8220;0px&#8220; first=&#8220;false&#8220; spacing_right=&#8220;0&#8243; spacing_left=&#8220;0&#8243; type_small=&#8220;1_1&#8243; type_medium=&#8220;80&#8243; background_blend_mode=&#8220;overlay&#8220; min_height=&#8220;&#8220; link=&#8220;&#8220;][fusion_imageframe custom_aspect_ratio=&#8220;100&#8243; lightbox=&#8220;no&#8220; linktarget=&#8220;_self&#8220; align_medium=&#8220;none&#8220; align_small=&#8220;none&#8220; align=&#8220;none&#8220; hover_type=&#8220;none&#8220; caption_style=&#8220;off&#8220; caption_align_medium=&#8220;none&#8220; caption_align_small=&#8220;none&#8220; caption_align=&#8220;none&#8220; caption_title_tag=&#8220;2&#8243; animation_direction=&#8220;left&#8220; animation_speed=&#8220;0.3&#8243; hide_on_mobile=&#8220;small-visibility,medium-visibility,large-visibility&#8220; sticky_display=&#8220;normal,sticky&#8220; filter_hue=&#8220;0&#8243; filter_saturation=&#8220;100&#8243; filter_brightness=&#8220;100&#8243; filter_contrast=&#8220;100&#8243; filter_invert=&#8220;0&#8243; filter_sepia=&#8220;0&#8243; filter_opacity=&#8220;100&#8243; filter_blur=&#8220;0&#8243; filter_hue_hover=&#8220;0&#8243; filter_saturation_hover=&#8220;100&#8243; filter_brightness_hover=&#8220;100&#8243; filter_contrast_hover=&#8220;100&#8243; filter_invert_hover=&#8220;0&#8243; filter_sepia_hover=&#8220;0&#8243; filter_opacity_hover=&#8220;100&#8243; filter_blur_hover=&#8220;0&#8243; image_id=&#8220;11908|full&#8220;]http:\/\/www.bratislavadesignweek.sk\/wp-content\/uploads\/2022\/11\/bjorgis-5_photocredit_-Gabor-Angyal-scaled.jpg[\/fusion_imageframe][fusion_text animation_direction=&#8220;left&#8220; animation_speed=&#8220;0.3&#8243; hide_on_mobile=&#8220;small-visibility,medium-visibility,large-visibility&#8220; sticky_display=&#8220;normal,sticky&#8220;]<\/p>\n<p style=\"text-align: right;\"><em><span style=\"font-family: pepi-regular; font-size: 10pt;\">Bjorgi&#8217;s, Charakter, autor fotografie: Gabor Angyal<\/span><\/em><\/p>\n<p>[\/fusion_text][fusion_text rule_style=\"default\" hide_on_mobile=\"small-visibility,medium-visibility,large-visibility\"]<\/p>\n<h4 class=\"fusion-responsive-typography-calculated\" style=\"--fontsize: 26; line-height: 1.5; --minfontsize: 26;\" data-fontsize=\"26\" data-lineheight=\"39px\"><span style=\"font-family: pepi-regular; font-size: 18pt;\"><strong>Klob\u00fakObjekty Bjorgi&#8217;s<br \/>\n&#8218;CHARAKTER&#8216;<\/strong><\/span><\/h4>\n<p>&nbsp;<\/p>\n<p><span style=\"font-size: 18pt;\"><span style=\"font-weight: 400; font-family: pepi-regular;\"> je priestorov\u00e1<\/span><span style=\"font-weight: 400;\"><span style=\"font-family: pepi-regular;\"> in\u0161tal\u00e1cia, ktor\u00e1 podporuje a vytv\u00e1ra piedest\u00e1l pre klob\u00faky Bjorgi&#8217;s ako objekty. Formy klob\u00fakov zn\u00e1zor\u0148uj\u00fa ka\u017edodenn\u00e9 pocity nevyrovnanosti, harm\u00f3nie, pochybnosti, jemnosti a jedine\u010dnosti. Objekty vyjadruj\u00fa r\u00f4zne charaktery formou, farbou alebo dotvoren\u00edm in\u00fdmi prvkami. Ka\u017ed\u00fd klob\u00fak m\u00e1 svoju samostatn\u00fa osobnos\u0165, no spolu vytv\u00e1raj\u00fa celok. V\u00fdsledkom je s\u00fahra jedine\u010dn\u00fdch nosite\u013en\u00fdch objektov.<\/span> <\/span><\/span><\/p>\n<p>[\/fusion_text][fusion_text rule_style=&#8220;default&#8220; hide_on_mobile=&#8220;small-visibility,medium-visibility,large-visibility&#8220; margin_top=&#8220;20px&#8220; margin_bottom=&#8220;50px&#8220;][\/fusion_text][fusion_imageframe image_id=&#8220;11910|full&#8220; hover_type=&#8220;none&#8220; align_medium=&#8220;none&#8220; align_small=&#8220;none&#8220; align=&#8220;none&#8220; lightbox=&#8220;no&#8220; linktarget=&#8220;_self&#8220; animation_direction=&#8220;left&#8220; animation_speed=&#8220;0.3&#8243; hide_on_mobile=&#8220;small-visibility,medium-visibility,large-visibility&#8220; sticky_display=&#8220;normal,sticky&#8220; filter_hue=&#8220;0&#8243; filter_saturation=&#8220;100&#8243; filter_brightness=&#8220;100&#8243; filter_contrast=&#8220;100&#8243; filter_invert=&#8220;0&#8243; filter_sepia=&#8220;0&#8243; filter_opacity=&#8220;100&#8243; filter_blur=&#8220;0&#8243; filter_hue_hover=&#8220;0&#8243; filter_saturation_hover=&#8220;100&#8243; filter_brightness_hover=&#8220;100&#8243; filter_contrast_hover=&#8220;100&#8243; filter_invert_hover=&#8220;0&#8243; filter_sepia_hover=&#8220;0&#8243; filter_opacity_hover=&#8220;100&#8243; filter_blur_hover=&#8220;0&#8243;]http:\/\/www.bratislavadesignweek.sk\/wp-content\/uploads\/2022\/11\/bjorgis-3_photocredit_-Gabor-Angyal-scaled.jpg[\/fusion_imageframe][fusion_text animation_direction=&#8220;left&#8220; animation_speed=&#8220;0.3&#8243; hide_on_mobile=&#8220;small-visibility,medium-visibility,large-visibility&#8220; sticky_display=&#8220;normal,sticky&#8220;]<\/p>\n<p style=\"text-align: right;\"><em><span style=\"font-family: pepi-regular; font-size: 10pt;\">Bjorgi&#8217;s, Charakter, autor fotografie: Gabor Angyal<\/span><\/em><\/p>\n<p>[\/fusion_text][fusion_imageframe custom_aspect_ratio=&#8220;100&#8243; lightbox=&#8220;no&#8220; linktarget=&#8220;_self&#8220; align_medium=&#8220;none&#8220; align_small=&#8220;none&#8220; align=&#8220;none&#8220; hover_type=&#8220;none&#8220; caption_style=&#8220;off&#8220; caption_align_medium=&#8220;none&#8220; caption_align_small=&#8220;none&#8220; caption_align=&#8220;none&#8220; caption_title_tag=&#8220;2&#8243; animation_direction=&#8220;left&#8220; animation_speed=&#8220;0.3&#8243; hide_on_mobile=&#8220;small-visibility,medium-visibility,large-visibility&#8220; sticky_display=&#8220;normal,sticky&#8220; filter_hue=&#8220;0&#8243; filter_saturation=&#8220;100&#8243; filter_brightness=&#8220;100&#8243; filter_contrast=&#8220;100&#8243; filter_invert=&#8220;0&#8243; filter_sepia=&#8220;0&#8243; filter_opacity=&#8220;100&#8243; filter_blur=&#8220;0&#8243; filter_hue_hover=&#8220;0&#8243; filter_saturation_hover=&#8220;100&#8243; filter_brightness_hover=&#8220;100&#8243; filter_contrast_hover=&#8220;100&#8243; filter_invert_hover=&#8220;0&#8243; filter_sepia_hover=&#8220;0&#8243; filter_opacity_hover=&#8220;100&#8243; filter_blur_hover=&#8220;0&#8243; image_id=&#8220;11909|full&#8220;]http:\/\/www.bratislavadesignweek.sk\/wp-content\/uploads\/2022\/11\/bjorgis-4_photocredit_-Gabor-Angyal-scaled.jpg[\/fusion_imageframe][fusion_text animation_direction=&#8220;left&#8220; animation_speed=&#8220;0.3&#8243; hide_on_mobile=&#8220;small-visibility,medium-visibility,large-visibility&#8220; sticky_display=&#8220;normal,sticky&#8220;]<\/p>\n<p style=\"text-align: right;\"><em><span style=\"font-family: pepi-regular; font-size: 10pt;\">Bjorgi&#8217;s, Charakter, autor fotografie: Gabor Angyal<\/span><\/em><\/p>\n<p>[\/fusion_text][fusion_imageframe custom_aspect_ratio=&#8220;100&#8243; lightbox=&#8220;no&#8220; linktarget=&#8220;_self&#8220; align_medium=&#8220;none&#8220; align_small=&#8220;none&#8220; align=&#8220;none&#8220; hover_type=&#8220;none&#8220; caption_style=&#8220;off&#8220; caption_align_medium=&#8220;none&#8220; caption_align_small=&#8220;none&#8220; caption_align=&#8220;none&#8220; caption_title_tag=&#8220;2&#8243; animation_direction=&#8220;left&#8220; animation_speed=&#8220;0.3&#8243; hide_on_mobile=&#8220;small-visibility,medium-visibility,large-visibility&#8220; sticky_display=&#8220;normal,sticky&#8220; filter_hue=&#8220;0&#8243; filter_saturation=&#8220;100&#8243; filter_brightness=&#8220;100&#8243; filter_contrast=&#8220;100&#8243; filter_invert=&#8220;0&#8243; filter_sepia=&#8220;0&#8243; filter_opacity=&#8220;100&#8243; filter_blur=&#8220;0&#8243; filter_hue_hover=&#8220;0&#8243; filter_saturation_hover=&#8220;100&#8243; filter_brightness_hover=&#8220;100&#8243; filter_contrast_hover=&#8220;100&#8243; filter_invert_hover=&#8220;0&#8243; filter_sepia_hover=&#8220;0&#8243; filter_opacity_hover=&#8220;100&#8243; filter_blur_hover=&#8220;0&#8243; image_id=&#8220;11911|full&#8220;]http:\/\/www.bratislavadesignweek.sk\/wp-content\/uploads\/2022\/11\/bjorgis-1_photocredit_-Gabor-Angyal-scaled.jpg[\/fusion_imageframe][fusion_text animation_direction=&#8220;left&#8220; animation_speed=&#8220;0.3&#8243; hide_on_mobile=&#8220;small-visibility,medium-visibility,large-visibility&#8220; sticky_display=&#8220;normal,sticky&#8220;]<\/p>\n<p style=\"text-align: right;\"><em><span style=\"font-family: pepi-regular; font-size: 10pt;\">Bjorgi&#8217;s, Charakter, autor fotografie: Gabor Angyal<\/span><\/em><\/p>\n<p>[\/fusion_text][fusion_imageframe custom_aspect_ratio=&#8220;100&#8243; lightbox=&#8220;no&#8220; linktarget=&#8220;_self&#8220; align_medium=&#8220;none&#8220; align_small=&#8220;none&#8220; align=&#8220;none&#8220; hover_type=&#8220;none&#8220; caption_style=&#8220;off&#8220; caption_align_medium=&#8220;none&#8220; caption_align_small=&#8220;none&#8220; caption_align=&#8220;none&#8220; caption_title_tag=&#8220;2&#8243; animation_direction=&#8220;left&#8220; animation_speed=&#8220;0.3&#8243; hide_on_mobile=&#8220;small-visibility,medium-visibility,large-visibility&#8220; sticky_display=&#8220;normal,sticky&#8220; filter_hue=&#8220;0&#8243; filter_saturation=&#8220;100&#8243; filter_brightness=&#8220;100&#8243; filter_contrast=&#8220;100&#8243; filter_invert=&#8220;0&#8243; filter_sepia=&#8220;0&#8243; filter_opacity=&#8220;100&#8243; filter_blur=&#8220;0&#8243; filter_hue_hover=&#8220;0&#8243; filter_saturation_hover=&#8220;100&#8243; filter_brightness_hover=&#8220;100&#8243; filter_contrast_hover=&#8220;100&#8243; filter_invert_hover=&#8220;0&#8243; filter_sepia_hover=&#8220;0&#8243; filter_opacity_hover=&#8220;100&#8243; filter_blur_hover=&#8220;0&#8243; image_id=&#8220;11905|full&#8220;]http:\/\/www.bratislavadesignweek.sk\/wp-content\/uploads\/2022\/11\/bjorgis-2_photocredit_-Gabor-Angyal-scaled.jpg[\/fusion_imageframe][fusion_text animation_direction=&#8220;left&#8220; animation_speed=&#8220;0.3&#8243; hide_on_mobile=&#8220;small-visibility,medium-visibility,large-visibility&#8220; sticky_display=&#8220;normal,sticky&#8220;]<\/p>\n<p style=\"text-align: right;\"><em><span style=\"font-family: pepi-regular; font-size: 10pt;\">Bjorgi&#8217;s, Charakter, autor fotografie: Gabor Angyal<\/span><\/em><\/p>\n<p>[\/fusion_text][fusion_imageframe custom_aspect_ratio=&#8220;100&#8243; lightbox=&#8220;no&#8220; linktarget=&#8220;_self&#8220; align_medium=&#8220;none&#8220; align_small=&#8220;none&#8220; align=&#8220;none&#8220; hover_type=&#8220;none&#8220; caption_style=&#8220;off&#8220; caption_align_medium=&#8220;none&#8220; caption_align_small=&#8220;none&#8220; caption_align=&#8220;none&#8220; caption_title_tag=&#8220;2&#8243; animation_direction=&#8220;left&#8220; animation_speed=&#8220;0.3&#8243; hide_on_mobile=&#8220;small-visibility,medium-visibility,large-visibility&#8220; sticky_display=&#8220;normal,sticky&#8220; filter_hue=&#8220;0&#8243; filter_saturation=&#8220;100&#8243; filter_brightness=&#8220;100&#8243; filter_contrast=&#8220;100&#8243; filter_invert=&#8220;0&#8243; filter_sepia=&#8220;0&#8243; filter_opacity=&#8220;100&#8243; filter_blur=&#8220;0&#8243; filter_hue_hover=&#8220;0&#8243; filter_saturation_hover=&#8220;100&#8243; filter_brightness_hover=&#8220;100&#8243; filter_contrast_hover=&#8220;100&#8243; filter_invert_hover=&#8220;0&#8243; filter_sepia_hover=&#8220;0&#8243; filter_opacity_hover=&#8220;100&#8243; filter_blur_hover=&#8220;0&#8243; image_id=&#8220;11907|full&#8220;]http:\/\/www.bratislavadesignweek.sk\/wp-content\/uploads\/2022\/11\/portret-bjorgis-6_photocredit_-Gabor-Angyal-scaled.jpg[\/fusion_imageframe][fusion_text animation_direction=&#8220;left&#8220; animation_speed=&#8220;0.3&#8243; hide_on_mobile=&#8220;small-visibility,medium-visibility,large-visibility&#8220; sticky_display=&#8220;normal,sticky&#8220;][\/fusion_text][fusion_text animation_direction=&#8220;left&#8220; animation_speed=&#8220;0.3&#8243; hide_on_mobile=&#8220;small-visibility,medium-visibility,large-visibility&#8220; sticky_display=&#8220;normal,sticky&#8220; columns=&#8220;1&#8243;]<\/p>\n<p style=\"text-align: right;\"><em><span style=\"font-family: pepi-regular; font-size: 10pt;\">Brigita Teplanov\u00e1, autor fotografie: Gabor Angyal<\/span><\/em><\/p>\n<p>[\/fusion_text][fusion_text animation_direction=\"left\" animation_speed=\"0.3\u2033 hide_on_mobile=\"small-visibility,medium-visibility,large-visibility\" sticky_display=\"normal,sticky\"]<\/p>\n<p><span style=\"font-family: pepi-regular; font-size: 14pt;\">v\u00fdstavn\u00fd priestor: Zoya Gallery &amp; sl\u00e1vica <\/span><\/p>\n<p><span style=\"font-family: pepi-regular; font-size: 14pt;\">instagram: <\/span><span style=\"font-family: pepi-regular; font-size: 14pt;\"><a href=\"https:\/\/www.instagram.com\/bjorgi_teplan\/\">bjorgi_teplan, <\/a><\/span><a style=\"font-family: pepi-regular; font-size: 14pt;\" href=\"https:\/\/www.instagram.com\/bjorgishats\/\">bjorgishats<\/a><\/p>\n<p>[\/fusion_text][\/fusion_builder_column][\/fusion_builder_column type=\"1_6\u2033 type=\"1_6\u2033 layout=\"1_6\u2033 spacing=\"0\u2033 center_content=\"no\" target=\"_self\" hide_on_mobile=\"large-visibility\" background_position=\"left top\" background_repeat=\"no-repeat\" hover_type=\"none\" border_style=\"solid\" border_position=\"all\" animation_direction=\"left\" animation_speed=\"0.3\u2033 last=\"true\" element_content=\"\" border_sizes_top=\"0px\" border_sizes_bottom=\"0px\" border_sizes_left=\"0px\" border_sizes_right=\"0px\" first=\"false\" spacing_left=\"0\u2033 background_blend_mode=\"overlay\" min_height=\"\" link=\"\"][\/fusion_builder_column][\/fusion_builder_row][\/fusion_builder_container]<\/p>","protected":false},"excerpt":{"rendered":"<p>Phasellus eu scelerisque quam, id pulvinar ligula. Quisque pretium pharetra tortor. Vestibulum porta neque et ligula fringilla pharetra. Etiam eleifend ultricies nulla, in viverra.<\/p>","protected":false},"author":2,"featured_media":11905,"comment_status":"open","ping_status":"open","sticky":false,"template":"","format":"standard","meta":{"footnotes":""},"categories":[878,786],"tags":[],"_links":{"self":[{"href":"https:\/\/www.bratislavadesignweek.sk\/en\/wp-json\/wp\/v2\/posts\/11904"}],"collection":[{"href":"https:\/\/www.bratislavadesignweek.sk\/en\/wp-json\/wp\/v2\/posts"}],"about":[{"href":"https:\/\/www.bratislavadesignweek.sk\/en\/wp-json\/wp\/v2\/types\/post"}],"author":[{"embeddable":true,"href":"https:\/\/www.bratislavadesignweek.sk\/en\/wp-json\/wp\/v2\/users\/2"}],"replies":[{"embeddable":true,"href":"https:\/\/www.bratislavadesignweek.sk\/en\/wp-json\/wp\/v2\/comments?post=11904"}],"version-history":[{"count":9,"href":"https:\/\/www.bratislavadesignweek.sk\/en\/wp-json\/wp\/v2\/posts\/11904\/revisions"}],"predecessor-version":[{"id":12648,"href":"https:\/\/www.bratislavadesignweek.sk\/en\/wp-json\/wp\/v2\/posts\/11904\/revisions\/12648"}],"wp:featuredmedia":[{"embeddable":true,"href":"https:\/\/www.bratislavadesignweek.sk\/en\/wp-json\/wp\/v2\/media\/11905"}],"wp:attachment":[{"href":"https:\/\/www.bratislavadesignweek.sk\/en\/wp-json\/wp\/v2\/media?parent=11904"}],"wp:term":[{"taxonomy":"category","embeddable":true,"href":"https:\/\/www.bratislavadesignweek.sk\/en\/wp-json\/wp\/v2\/categories?post=11904"},{"taxonomy":"post_tag","embeddable":true,"href":"https:\/\/www.bratislavadesignweek.sk\/en\/wp-json\/wp\/v2\/tags?post=11904"}],"curies":[{"name":"wp","href":"https:\/\/api.w.org\/{rel}","templated":true}]}}