{"id":12125,"date":"2022-11-16T14:20:06","date_gmt":"2022-11-16T13:20:06","guid":{"rendered":"https:\/\/www.bratislavadesignweek.sk\/?p=12125"},"modified":"2022-12-06T20:57:32","modified_gmt":"2022-12-06T19:57:32","slug":"vladimira-hradecka-living-documentary","status":"publish","type":"post","link":"https:\/\/www.bratislavadesignweek.sk\/en\/vladimira-hradecka-living-documentary\/","title":{"rendered":"Vladimira Hradecka \/ Living documentary"},"content":{"rendered":"<p>[fusion_builder_container admin_label=&#8220;Storie Title&#8220; hundred_percent=&#8220;no&#8220; hundred_percent_height=&#8220;no&#8220; hundred_percent_height_scroll=&#8220;no&#8220; hundred_percent_height_center_content=&#8220;yes&#8220; equal_height_columns=&#8220;no&#8220; hide_on_mobile=&#8220;large-visibility&#8220; status=&#8220;published&#8220; background_color=&#8220;#181818&#8243; background_position=&#8220;center center&#8220; background_repeat=&#8220;no-repeat&#8220; fade=&#8220;yes&#8220; background_parallax=&#8220;none&#8220; enable_mobile=&#8220;no&#8220; parallax_speed=&#8220;0.3&#8243; video_aspect_ratio=&#8220;16:9&#8243; video_loop=&#8220;yes&#8220; video_mute=&#8220;yes&#8220; border_style=&#8220;solid&#8220; padding_top=&#8220;30%&#8220; padding_right=&#8220;3%&#8220; padding_left=&#8220;3%&#8220; admin_toggled=&#8220;yes&#8220; flex_column_spacing=&#8220;0px&#8220; type=&#8220;flex&#8220; dynamic_params=&#8220;e30=&#8220; margin_top=&#8220;0px&#8220; background_image=&#8220;http:\/\/www.bratislavadesignweek.sk\/wp-content\/uploads\/2022\/11\/04.png&#8220;][fusion_builder_row][fusion_builder_column type=&#8220;1_1&#8243; type=&#8220;1_1&#8243; layout=&#8220;1_1&#8243; spacing=&#8220;0&#8243; center_content=&#8220;no&#8220; target=&#8220;_self&#8220; hide_on_mobile=&#8220;small-visibility,medium-visibility,large-visibility&#8220; background_color=&#8220;var(&#8211;awb-color1)&#8220; background_position=&#8220;left top&#8220; background_repeat=&#8220;no-repeat&#8220; hover_type=&#8220;none&#8220; border_style=&#8220;solid&#8220; border_position=&#8220;all&#8220; padding_top=&#8220;2%&#8220; padding_right=&#8220;8%&#8220; padding_left=&#8220;8%&#8220; margin_top=&#8220;0px&#8220; margin_bottom=&#8220;0px&#8220; animation_direction=&#8220;left&#8220; animation_speed=&#8220;0.3&#8243; last=&#8220;true&#8220; border_sizes_top=&#8220;0px&#8220; border_sizes_bottom=&#8220;0px&#8220; border_sizes_left=&#8220;0px&#8220; border_sizes_right=&#8220;0px&#8220; first=&#8220;true&#8220; min_height=&#8220;&#8220; link=&#8220;&#8220;][fusion_title hide_on_mobile=&#8220;small-visibility,medium-visibility,large-visibility&#8220; content_align=&#8220;center&#8220; size=&#8220;2&#8243; margin_top=&#8220;30px&#8220; margin_bottom=&#8220;20px&#8220; style_type=&#8220;default&#8220; dynamic_params=&#8220;eyJlbGVtZW50X2NvbnRlbnQiOnsiZGF0YSI6InBvc3RfdGl0bGUiLCJpbmNsdWRlX2NvbnRleHQiOiJubyJ9fQ==&#8220;]<\/p>\n<p>Modern Art Exhibition at Avada Galerie<\/p>\n<p>[\/fusion_title][fusion_separator style_type=&#8220;single solid&#8220; hide_on_mobile=&#8220;small-visibility,medium-visibility,large-visibility&#8220; sep_color=&#8220;#181818&#8243; top_margin=&#8220;20px&#8220; bottom_margin=&#8220;20px&#8220; border_size=&#8220;2&#8243; width=&#8220;32px&#8220; alignment=&#8220;center&#8220; \/][\/fusion_builder_column][\/fusion_builder_row][\/fusion_builder_container][fusion_builder_container admin_label=&#8220;Storie Title Mobile&#8220; hundred_percent=&#8220;no&#8220; hundred_percent_height=&#8220;no&#8220; hundred_percent_height_scroll=&#8220;no&#8220; hundred_percent_height_center_content=&#8220;yes&#8220; equal_height_columns=&#8220;no&#8220; hide_on_mobile=&#8220;small-visibility,medium-visibility&#8220; status=&#8220;published&#8220; background_position=&#8220;center center&#8220; background_repeat=&#8220;no-repeat&#8220; fade=&#8220;no&#8220; background_parallax=&#8220;none&#8220; enable_mobile=&#8220;no&#8220; parallax_speed=&#8220;0.3&#8243; video_aspect_ratio=&#8220;16:9&#8243; video_loop=&#8220;yes&#8220; video_mute=&#8220;yes&#8220; border_style=&#8220;solid&#8220; admin_toggled=&#8220;yes&#8220; flex_column_spacing=&#8220;0px&#8220; type=&#8220;flex&#8220; background_color=&#8220;rgba(255,255,255,0)&#8220; padding_right_small=&#8220;10%&#8220; padding_left_small=&#8220;10%&#8220; padding_top_small=&#8220;50px&#8220;][fusion_builder_row][fusion_builder_column type=&#8220;1_1&#8243; type=&#8220;1_1&#8243; layout=&#8220;1_1&#8243; center_content=&#8220;no&#8220; target=&#8220;_self&#8220; hide_on_mobile=&#8220;small-visibility,medium-visibility,large-visibility&#8220; background_image=&#8220;http:\/\/www.bratislavadesignweek.sk\/wp-content\/uploads\/2022\/11\/hradecka_smartphone.jpg&#8220; background_position=&#8220;center center&#8220; background_repeat=&#8220;no-repeat&#8220; hover_type=&#8220;zoomout&#8220; border_style=&#8220;solid&#8220; border_position=&#8220;all&#8220; padding_top=&#8220;10%&#8220; padding_bottom=&#8220;10%&#8220; animation_direction=&#8220;left&#8220; animation_speed=&#8220;0.3&#8243; last=&#8220;true&#8220; border_sizes_top=&#8220;0px&#8220; border_sizes_bottom=&#8220;0px&#8220; border_sizes_left=&#8220;0px&#8220; border_sizes_right=&#8220;0px&#8220; first=&#8220;true&#8220; margin_top_medium=&#8220;0px&#8220; padding_bottom_small=&#8220;256.7875px&#8220; background_blend_mode=&#8220;overlay&#8220; min_height=&#8220;&#8220; link=&#8220;&#8220;][fusion_separator style_type=&#8220;default&#8220; hide_on_mobile=&#8220;medium-visibility&#8220; top_margin=&#8220;200px&#8220; alignment=&#8220;center&#8220; \/][\/fusion_builder_column][fusion_builder_column type=&#8220;1_1&#8243; type=&#8220;1_1&#8243; layout=&#8220;1_1&#8243; spacing=&#8220;0&#8243; center_content=&#8220;no&#8220; target=&#8220;_self&#8220; hide_on_mobile=&#8220;small-visibility,medium-visibility,large-visibility&#8220; background_color=&#8220;rgba(255,255,255,0)&#8220; background_position=&#8220;left top&#8220; background_repeat=&#8220;no-repeat&#8220; hover_type=&#8220;none&#8220; border_style=&#8220;solid&#8220; border_position=&#8220;all&#8220; padding_top=&#8220;6%&#8220; margin_top=&#8220;0px&#8220; margin_bottom=&#8220;0px&#8220; animation_direction=&#8220;left&#8220; animation_speed=&#8220;0.3&#8243; last=&#8220;true&#8220; border_sizes_top=&#8220;0px&#8220; border_sizes_bottom=&#8220;0px&#8220; border_sizes_left=&#8220;0px&#8220; border_sizes_right=&#8220;0px&#8220; first=&#8220;true&#8220; padding_top_medium=&#8220;10px&#8220; min_height=&#8220;&#8220; link=&#8220;&#8220;][fusion_title hide_on_mobile=&#8220;small-visibility,medium-visibility,large-visibility&#8220; content_align=&#8220;center&#8220; size=&#8220;2&#8243; font_size=&#8220;52px&#8220; margin_top=&#8220;30px&#8220; margin_bottom=&#8220;20px&#8220; style_type=&#8220;default&#8220; dynamic_params=&#8220;e30=&#8220;]<\/p>\n<h3><span style=\"font-family: pepi-regular;\">Vladimira Hradecka \/ Living documentary<\/span><\/h3>\n<p>[\/fusion_title][fusion_separator style_type=&#8220;single solid&#8220; hide_on_mobile=&#8220;small-visibility,medium-visibility,large-visibility&#8220; sep_color=&#8220;#181818&#8243; top_margin=&#8220;20px&#8220; bottom_margin=&#8220;10px&#8220; border_size=&#8220;2&#8243; width=&#8220;32px&#8220; alignment=&#8220;center&#8220; \/][\/fusion_builder_column][\/fusion_builder_row][\/fusion_builder_container][fusion_builder_container hundred_percent=&#8220;no&#8220; hundred_percent_height=&#8220;no&#8220; hundred_percent_height_scroll=&#8220;no&#8220; hundred_percent_height_center_content=&#8220;yes&#8220; equal_height_columns=&#8220;no&#8220; hide_on_mobile=&#8220;small-visibility,medium-visibility,large-visibility&#8220; status=&#8220;published&#8220; background_position=&#8220;center center&#8220; background_repeat=&#8220;no-repeat&#8220; fade=&#8220;no&#8220; background_parallax=&#8220;none&#8220; enable_mobile=&#8220;no&#8220; parallax_speed=&#8220;0.3&#8243; video_aspect_ratio=&#8220;16:9&#8243; video_loop=&#8220;yes&#8220; video_mute=&#8220;yes&#8220; border_style=&#8220;solid&#8220; padding_top=&#8220;10px&#8220; padding_bottom=&#8220;100px&#8220; admin_toggled=&#8220;yes&#8220; admin_label=&#8220;Intro&#8220; flex_column_spacing=&#8220;0px&#8220; type=&#8220;flex&#8220; flex_justify_content=&#8220;center&#8220; background_color=&#8220;rgba(255,255,255,0)&#8220; padding_right_small=&#8220;10%&#8220; padding_left_small=&#8220;10%&#8220;][fusion_builder_row][fusion_builder_column type=&#8220;1_6&#8243; type=&#8220;1_6&#8243; layout=&#8220;1_6&#8243; spacing=&#8220;0&#8243; center_content=&#8220;no&#8220; target=&#8220;_self&#8220; hide_on_mobile=&#8220;large-visibility&#8220; background_position=&#8220;left top&#8220; background_repeat=&#8220;no-repeat&#8220; hover_type=&#8220;none&#8220; border_style=&#8220;solid&#8220; border_position=&#8220;all&#8220; animation_direction=&#8220;left&#8220; animation_speed=&#8220;0.3&#8243; last=&#8220;false&#8220; element_content=&#8220;&#8220; border_sizes_top=&#8220;0px&#8220; border_sizes_bottom=&#8220;0px&#8220; border_sizes_left=&#8220;0px&#8220; border_sizes_right=&#8220;0px&#8220; first=&#8220;true&#8220; spacing_right=&#8220;0&#8243; background_blend_mode=&#8220;overlay&#8220; min_height=&#8220;&#8220; link=&#8220;&#8220;][\/fusion_builder_column][fusion_builder_column type=&#8220;2_3&#8243; type=&#8220;2_3&#8243; layout=&#8220;2_3&#8243; spacing=&#8220;0&#8243; center_content=&#8220;no&#8220; target=&#8220;_self&#8220; hide_on_mobile=&#8220;small-visibility,medium-visibility,large-visibility&#8220; background_position=&#8220;left top&#8220; background_repeat=&#8220;no-repeat&#8220; hover_type=&#8220;none&#8220; border_style=&#8220;solid&#8220; border_position=&#8220;all&#8220; animation_direction=&#8220;left&#8220; animation_speed=&#8220;0.3&#8243; last=&#8220;false&#8220; border_sizes_top=&#8220;0px&#8220; border_sizes_bottom=&#8220;0px&#8220; border_sizes_left=&#8220;0px&#8220; border_sizes_right=&#8220;0px&#8220; first=&#8220;false&#8220; spacing_right=&#8220;0&#8243; spacing_left=&#8220;0&#8243; type_small=&#8220;1_1&#8243; type_medium=&#8220;80&#8243; background_blend_mode=&#8220;overlay&#8220; min_height=&#8220;&#8220; link=&#8220;&#8220;][fusion_imageframe custom_aspect_ratio=&#8220;100&#8243; lightbox=&#8220;no&#8220; linktarget=&#8220;_self&#8220; align_medium=&#8220;none&#8220; align_small=&#8220;none&#8220; align=&#8220;none&#8220; hover_type=&#8220;none&#8220; caption_style=&#8220;off&#8220; caption_align_medium=&#8220;none&#8220; caption_align_small=&#8220;none&#8220; caption_align=&#8220;none&#8220; caption_title_tag=&#8220;2&#8243; animation_direction=&#8220;left&#8220; animation_speed=&#8220;0.3&#8243; hide_on_mobile=&#8220;small-visibility,medium-visibility,large-visibility&#8220; sticky_display=&#8220;normal,sticky&#8220; filter_hue=&#8220;0&#8243; filter_saturation=&#8220;100&#8243; filter_brightness=&#8220;100&#8243; filter_contrast=&#8220;100&#8243; filter_invert=&#8220;0&#8243; filter_sepia=&#8220;0&#8243; filter_opacity=&#8220;100&#8243; filter_blur=&#8220;0&#8243; filter_hue_hover=&#8220;0&#8243; filter_saturation_hover=&#8220;100&#8243; filter_brightness_hover=&#8220;100&#8243; filter_contrast_hover=&#8220;100&#8243; filter_invert_hover=&#8220;0&#8243; filter_sepia_hover=&#8220;0&#8243; filter_opacity_hover=&#8220;100&#8243; filter_blur_hover=&#8220;0&#8243; image_id=&#8220;12131|full&#8220;]http:\/\/www.bratislavadesignweek.sk\/wp-content\/uploads\/2022\/11\/01.png[\/fusion_imageframe][fusion_text animation_direction=&#8220;left&#8220; animation_speed=&#8220;0.3&#8243; hide_on_mobile=&#8220;small-visibility,medium-visibility,large-visibility&#8220; sticky_display=&#8220;normal,sticky&#8220;]<\/p>\n<p style=\"text-align: right;\"><em><span style=\"font-family: pepi-regular; font-size: 10pt;\">Vladimira Hradecka \/ Living documentary, The future is who we are<\/span><\/em><\/p>\n<p>[\/fusion_text][fusion_text rule_style=\"default\" hide_on_mobile=\"small-visibility,medium-visibility,large-visibility\"]<\/p>\n<h4 class=\"fusion-responsive-typography-calculated\" style=\"--fontsize: 26; line-height: 1.5; --minfontsize: 26;\" data-fontsize=\"26\" data-lineheight=\"39px\"><span style=\"font-family: pepi-regular; font-size: 18pt;\">Vladimira Hradecka \/ Living documentary<\/span><br \/>\n<span style=\"font-family: pepi-regular; font-size: 18pt;\">The future is who we are<\/span><\/h4>\n<p><span style=\"font-family: pepi-regular; font-size: 18pt;\">Bud\u00facnos\u0165 je tak\u00e1, ak\u00ed sme: fluidn\u00e1, \u00fazkostliv\u00e1, otvoren\u00e1, spochyb\u0148uj\u00faca, <\/span><span style=\"font-family: pepi-regular; font-size: 18pt;\">popudliv\u00e1, prepojen\u00e1, fascinuj\u00faca, podmaniv\u00e1.<\/span><br \/>\n<span style=\"font-family: pepi-regular; font-size: 18pt;\"><br \/>\n<\/span><\/p>\n<p><span style=\"font-family: pepi-regular; font-size: 18pt;\">Toto poetick\u00e9 video s postklubovou queer atmosf\u00e9rou zobrazuje s\u00fa\u010dasn\u00fd <\/span><span style=\"font-family: pepi-regular; font-size: 18pt;\">svet v umen\u00ed, m\u00f3de, medi\u00e1lnom svete a v \u013eudskej komunik\u00e1cii. Takisto sa <\/span><span style=\"font-family: pepi-regular; font-size: 18pt;\">dot\u00fdka t\u00e9m enviroment\u00e1lnej \u00fazkosti, posthuman etiky, neur\u00f3nov\u00e9ho <\/span><span style=\"font-family: pepi-regular; font-size: 18pt;\">zrkadlenia a vz\u00e1jomnosti.<\/span><\/p>\n<p>[\/fusion_text][fusion_text rule_style=&#8220;default&#8220; hide_on_mobile=&#8220;small-visibility,medium-visibility,large-visibility&#8220; margin_top=&#8220;20px&#8220; margin_bottom=&#8220;50px&#8220;][\/fusion_text][fusion_imageframe hover_type=&#8220;none&#8220; align_medium=&#8220;none&#8220; align_small=&#8220;none&#8220; align=&#8220;none&#8220; lightbox=&#8220;no&#8220; linktarget=&#8220;_self&#8220; animation_direction=&#8220;left&#8220; animation_speed=&#8220;0.3&#8243; hide_on_mobile=&#8220;small-visibility,medium-visibility,large-visibility&#8220; sticky_display=&#8220;normal,sticky&#8220; filter_hue=&#8220;0&#8243; filter_saturation=&#8220;100&#8243; filter_brightness=&#8220;100&#8243; filter_contrast=&#8220;100&#8243; filter_invert=&#8220;0&#8243; filter_sepia=&#8220;0&#8243; filter_opacity=&#8220;100&#8243; filter_blur=&#8220;0&#8243; filter_hue_hover=&#8220;0&#8243; filter_saturation_hover=&#8220;100&#8243; filter_brightness_hover=&#8220;100&#8243; filter_contrast_hover=&#8220;100&#8243; filter_invert_hover=&#8220;0&#8243; filter_sepia_hover=&#8220;0&#8243; filter_opacity_hover=&#8220;100&#8243; filter_blur_hover=&#8220;0&#8243; image_id=&#8220;12130|full&#8220;]http:\/\/www.bratislavadesignweek.sk\/wp-content\/uploads\/2022\/11\/02.png[\/fusion_imageframe][fusion_text animation_direction=&#8220;left&#8220; animation_speed=&#8220;0.3&#8243; hide_on_mobile=&#8220;small-visibility,medium-visibility,large-visibility&#8220; sticky_display=&#8220;normal,sticky&#8220;]<\/p>\n<p style=\"text-align: right;\"><em><span style=\"font-family: pepi-regular; font-size: 10pt;\">Vladimira Hradecka \/ Living documentary, The future is who we are<\/span><\/em><\/p>\n<p>[\/fusion_text][fusion_imageframe custom_aspect_ratio=&#8220;100&#8243; lightbox=&#8220;no&#8220; linktarget=&#8220;_self&#8220; align_medium=&#8220;none&#8220; align_small=&#8220;none&#8220; align=&#8220;none&#8220; hover_type=&#8220;none&#8220; caption_style=&#8220;off&#8220; caption_align_medium=&#8220;none&#8220; caption_align_small=&#8220;none&#8220; caption_align=&#8220;none&#8220; caption_title_tag=&#8220;2&#8243; animation_direction=&#8220;left&#8220; animation_speed=&#8220;0.3&#8243; hide_on_mobile=&#8220;small-visibility,medium-visibility,large-visibility&#8220; sticky_display=&#8220;normal,sticky&#8220; filter_hue=&#8220;0&#8243; filter_saturation=&#8220;100&#8243; filter_brightness=&#8220;100&#8243; filter_contrast=&#8220;100&#8243; filter_invert=&#8220;0&#8243; filter_sepia=&#8220;0&#8243; filter_opacity=&#8220;100&#8243; filter_blur=&#8220;0&#8243; filter_hue_hover=&#8220;0&#8243; filter_saturation_hover=&#8220;100&#8243; filter_brightness_hover=&#8220;100&#8243; filter_contrast_hover=&#8220;100&#8243; filter_invert_hover=&#8220;0&#8243; filter_sepia_hover=&#8220;0&#8243; filter_opacity_hover=&#8220;100&#8243; filter_blur_hover=&#8220;0&#8243; image_id=&#8220;12129|full&#8220;]http:\/\/www.bratislavadesignweek.sk\/wp-content\/uploads\/2022\/11\/03.png[\/fusion_imageframe][fusion_text animation_direction=&#8220;left&#8220; animation_speed=&#8220;0.3&#8243; hide_on_mobile=&#8220;small-visibility,medium-visibility,large-visibility&#8220; sticky_display=&#8220;normal,sticky&#8220;]<\/p>\n<p style=\"text-align: right;\"><em><span style=\"font-family: pepi-regular; font-size: 10pt;\">Vladimira Hradecka \/ Living documentary, The future is who we are<\/span><\/em><\/p>\n<p>[\/fusion_text][fusion_imageframe custom_aspect_ratio=&#8220;100&#8243; lightbox=&#8220;no&#8220; linktarget=&#8220;_self&#8220; align_medium=&#8220;none&#8220; align_small=&#8220;none&#8220; align=&#8220;none&#8220; hover_type=&#8220;none&#8220; caption_style=&#8220;off&#8220; caption_align_medium=&#8220;none&#8220; caption_align_small=&#8220;none&#8220; caption_align=&#8220;none&#8220; caption_title_tag=&#8220;2&#8243; animation_direction=&#8220;left&#8220; animation_speed=&#8220;0.3&#8243; hide_on_mobile=&#8220;small-visibility,medium-visibility,large-visibility&#8220; sticky_display=&#8220;normal,sticky&#8220; filter_hue=&#8220;0&#8243; filter_saturation=&#8220;100&#8243; filter_brightness=&#8220;100&#8243; filter_contrast=&#8220;100&#8243; filter_invert=&#8220;0&#8243; filter_sepia=&#8220;0&#8243; filter_opacity=&#8220;100&#8243; filter_blur=&#8220;0&#8243; filter_hue_hover=&#8220;0&#8243; filter_saturation_hover=&#8220;100&#8243; filter_brightness_hover=&#8220;100&#8243; filter_contrast_hover=&#8220;100&#8243; filter_invert_hover=&#8220;0&#8243; filter_sepia_hover=&#8220;0&#8243; filter_opacity_hover=&#8220;100&#8243; filter_blur_hover=&#8220;0&#8243; image_id=&#8220;12127|full&#8220;]http:\/\/www.bratislavadesignweek.sk\/wp-content\/uploads\/2022\/11\/05.png[\/fusion_imageframe][fusion_text animation_direction=&#8220;left&#8220; animation_speed=&#8220;0.3&#8243; hide_on_mobile=&#8220;small-visibility,medium-visibility,large-visibility&#8220; sticky_display=&#8220;normal,sticky&#8220;]<\/p>\n<p style=\"text-align: right;\"><em><span style=\"font-family: pepi-regular; font-size: 10pt;\">Vladimira Hradecka \/ Living documentary, The future is who we are<\/span><\/em><\/p>\n<p>[\/fusion_text][fusion_text animation_direction=\"left\" animation_speed=\"0.3\u2033 hide_on_mobile=\"small-visibility,medium-visibility,large-visibility\" sticky_display=\"normal,sticky\"]<\/p>\n<p><span style=\"font-family: pepi-regular; font-size: 18pt;\">Director: Vladimira Hradecka \/ Living documentary<\/span><br \/>\n<span style=\"font-family: pepi-regular; font-size: 18pt;\">Art direction: Jan Durina<\/span><br \/>\n<span style=\"font-family: pepi-regular; font-size: 18pt;\">Music: Ephemeral Harms<\/span><br \/>\n<span style=\"font-family: pepi-regular; font-size: 18pt;\">Director of Photography: Michal Ko\u0161tensk\u00fd<\/span><br \/>\n<span style=\"font-family: pepi-regular; font-size: 18pt;\">Make up &amp; hair: Petra Pucherova<\/span><br \/>\n<span style=\"font-family: pepi-regular; font-size: 18pt;\">Production Manager: Marianna Vadovi\u010dov\u00e1<\/span><br \/>\n<span style=\"font-family: pepi-regular; font-size: 18pt;\">Editor: Peter Piso\u0148 \/ Studio 727<\/span><br \/>\n<span style=\"font-family: pepi-regular; font-size: 18pt;\">Colourist: Bro\u0148a Brt\u00e1\u0148ov\u00e1<\/span><br \/>\n<span style=\"font-family: pepi-regular; font-size: 18pt;\">Guest performance: Maty Grzn\u00e1r<\/span><br \/>\n<span style=\"font-family: pepi-regular; font-size: 18pt;\">(Make up &amp; hair: Maty Grzn\u00e1r<\/span><br \/>\n<span style=\"font-family: pepi-regular; font-size: 18pt;\">Styling: Maty Grzn\u00e1r and Linda Strakova)<\/span><br \/>\n<span style=\"font-family: pepi-regular; font-size: 18pt;\">Models: Exit MM<\/span><br \/>\n<span style=\"font-family: pepi-regular; font-size: 18pt;\">and Linda Strakova<\/span><br \/>\n<span style=\"font-family: pepi-regular; font-size: 18pt;\">Backstage Photography: Lena Knappova<\/span><br \/>\n<span style=\"font-family: pepi-regular; font-size: 18pt;\">Produced by Slovak Fashion Council<\/span><\/p>\n<p>[\/fusion_text][fusion_imageframe custom_aspect_ratio=&#8220;100&#8243; lightbox=&#8220;no&#8220; linktarget=&#8220;_self&#8220; align_medium=&#8220;none&#8220; align_small=&#8220;none&#8220; align=&#8220;none&#8220; hover_type=&#8220;none&#8220; caption_style=&#8220;off&#8220; caption_align_medium=&#8220;none&#8220; caption_align_small=&#8220;none&#8220; caption_align=&#8220;none&#8220; caption_title_tag=&#8220;2&#8243; animation_direction=&#8220;left&#8220; animation_speed=&#8220;0.3&#8243; hide_on_mobile=&#8220;small-visibility,medium-visibility,large-visibility&#8220; sticky_display=&#8220;normal,sticky&#8220; filter_hue=&#8220;0&#8243; filter_saturation=&#8220;100&#8243; filter_brightness=&#8220;100&#8243; filter_contrast=&#8220;100&#8243; filter_invert=&#8220;0&#8243; filter_sepia=&#8220;0&#8243; filter_opacity=&#8220;100&#8243; filter_blur=&#8220;0&#8243; filter_hue_hover=&#8220;0&#8243; filter_saturation_hover=&#8220;100&#8243; filter_brightness_hover=&#8220;100&#8243; filter_contrast_hover=&#8220;100&#8243; filter_invert_hover=&#8220;0&#8243; filter_sepia_hover=&#8220;0&#8243; filter_opacity_hover=&#8220;100&#8243; filter_blur_hover=&#8220;0&#8243; image_id=&#8220;12126|full&#8220;]http:\/\/www.bratislavadesignweek.sk\/wp-content\/uploads\/2022\/11\/VH-foto-scaled.jpg[\/fusion_imageframe][fusion_text animation_direction=&#8220;left&#8220; animation_speed=&#8220;0.3&#8243; hide_on_mobile=&#8220;small-visibility,medium-visibility,large-visibility&#8220; sticky_display=&#8220;normal,sticky&#8220;]<\/p>\n<p style=\"text-align: right;\"><span style=\"font-family: pepi-regular; font-size: 10pt;\"><em>Vladimira Hradecka<\/em><\/span><\/p>\n<p>[\/fusion_text][\/fusion_text animation_direction=\"left\" animation_speed=\"0.3\u2033 hide_on_mobile=\"small-visibility,medium-visibility,large-visibility\" sticky_display=\"normal,sticky\"][\/fusion_text][\/fusion_text][fusion_text animation_direction=\"left\" animation_speed=\"0.3\u2033 hide_on_mobile=\"small-visibility,medium-visibility,large-visibility\" sticky_display=\"normal,sticky\"]<\/p>\n<p><span style=\"font-family: pepi-regular; font-size: 14pt;\">exhibition space: the Zoya Gallery<br \/>\n<\/span><\/p>\n<p><span style=\"font-family: pepi-regular; font-size: 14pt;\">facebook: <a href=\"https:\/\/www.facebook.com\/Living.docu\">Living documentary<\/a><\/span><\/p>\n<p><span style=\"font-family: pepi-regular; font-size: 14pt;\">instagram: <a href=\"https:\/\/www.instagram.com\/living_documentary\/?hl=sk\">living_documentary<\/a><\/span><\/p>\n<p>[\/fusion_text][\/fusion_builder_column][\/fusion_builder_column type=\"1_6\u2033 type=\"1_6\u2033 layout=\"1_6\u2033 spacing=\"0\u2033 center_content=\"no\" target=\"_self\" hide_on_mobile=\"large-visibility\" background_position=\"left top\" background_repeat=\"no-repeat\" hover_type=\"none\" border_style=\"solid\" border_position=\"all\" animation_direction=\"left\" animation_speed=\"0.3\u2033 last=\"true\" element_content=\"\" border_sizes_top=\"0px\" border_sizes_bottom=\"0px\" border_sizes_left=\"0px\" border_sizes_right=\"0px\" first=\"false\" spacing_left=\"0\u2033 background_blend_mode=\"overlay\" min_height=\"\" link=\"\"][\/fusion_builder_column][\/fusion_builder_row][\/fusion_builder_container]<\/p>","protected":false},"excerpt":{"rendered":"<p>Phasellus eu scelerisque quam, id pulvinar ligula. Quisque pretium pharetra tortor. Vestibulum porta neque et ligula fringilla pharetra. Etiam eleifend ultricies nulla, in viverra.<\/p>","protected":false},"author":2,"featured_media":12128,"comment_status":"open","ping_status":"open","sticky":false,"template":"","format":"standard","meta":{"footnotes":""},"categories":[878,786],"tags":[],"_links":{"self":[{"href":"https:\/\/www.bratislavadesignweek.sk\/en\/wp-json\/wp\/v2\/posts\/12125"}],"collection":[{"href":"https:\/\/www.bratislavadesignweek.sk\/en\/wp-json\/wp\/v2\/posts"}],"about":[{"href":"https:\/\/www.bratislavadesignweek.sk\/en\/wp-json\/wp\/v2\/types\/post"}],"author":[{"embeddable":true,"href":"https:\/\/www.bratislavadesignweek.sk\/en\/wp-json\/wp\/v2\/users\/2"}],"replies":[{"embeddable":true,"href":"https:\/\/www.bratislavadesignweek.sk\/en\/wp-json\/wp\/v2\/comments?post=12125"}],"version-history":[{"count":6,"href":"https:\/\/www.bratislavadesignweek.sk\/en\/wp-json\/wp\/v2\/posts\/12125\/revisions"}],"predecessor-version":[{"id":12696,"href":"https:\/\/www.bratislavadesignweek.sk\/en\/wp-json\/wp\/v2\/posts\/12125\/revisions\/12696"}],"wp:featuredmedia":[{"embeddable":true,"href":"https:\/\/www.bratislavadesignweek.sk\/en\/wp-json\/wp\/v2\/media\/12128"}],"wp:attachment":[{"href":"https:\/\/www.bratislavadesignweek.sk\/en\/wp-json\/wp\/v2\/media?parent=12125"}],"wp:term":[{"taxonomy":"category","embeddable":true,"href":"https:\/\/www.bratislavadesignweek.sk\/en\/wp-json\/wp\/v2\/categories?post=12125"},{"taxonomy":"post_tag","embeddable":true,"href":"https:\/\/www.bratislavadesignweek.sk\/en\/wp-json\/wp\/v2\/tags?post=12125"}],"curies":[{"name":"wp","href":"https:\/\/api.w.org\/{rel}","templated":true}]}}