{"id":13067,"date":"2023-11-27T23:53:34","date_gmt":"2023-11-27T22:53:34","guid":{"rendered":"https:\/\/www.bratislavadesignweek.sk\/?p=13067"},"modified":"2024-09-22T19:28:46","modified_gmt":"2024-09-22T17:28:46","slug":"edicia-majstri-viliam-chlebo-1955","status":"publish","type":"post","link":"https:\/\/www.bratislavadesignweek.sk\/en\/edicia-majstri-viliam-chlebo-1955\/","title":{"rendered":"Ed\u00edcia Majstri \/ Viliam Chlebo (1955)"},"content":{"rendered":"<p><strong>Ed\u00edcia Majstri \/ Viliam Chlebo (1955)<\/strong><\/p>\n<p><span style=\"font-family: pepi-regular;\">V ed\u00edci\u00ed Majstri predstav\u00edme tento rok ve\u013emi z\u00e1sadn\u00fa osobnos\u0165 slovensk\u00e9ho, spr\u00e1vnej\u0161ie \u010deskoslovensk\u00e9ho dizajnu Viliama Chleba. S\u00e1m poch\u00e1dzal z \u010deskoslovenskej rodiny (mama \u010ce\u0161ka, otec Slov\u00e1k). Napriek tomu, \u017ee ne\u0161tudoval dizajn na vysokej, ale len strednej \u0161kole ( v Sp.N. Vsi) jeho sedac\u00ed n\u00e1bytok, ktor\u00fd navrhol pre Kodretu Myjava zasiahol v 70. &#8211; 80.tych rokoch mas\u00edvne verejn\u00fd priestor \u2013 najm\u00e4 kancel\u00e1rske, \u0161kolsk\u00e9, \u00faradn\u00e9 ale aj bytov\u00e9 interi\u00e9ry. Vyr\u00e1bal sa 30. rokov a celkovo i\u0161lo o 10.-tky tis\u00edc kusov. Pre viacer\u00e9 gener\u00e1cie je jasne \u010ditate\u013en\u00fd a vzbudzuje siln\u00e9 em\u00f3cie. I\u0161lo najm\u00e4 o s\u00e9riu T2403. Jednoduch\u00e1 kovov\u00e1 <\/span><span style=\"font-family: pepi-regular;\">kon\u0161trukcia a \u010dal\u00fanen\u00fd odn\u00edmate\u013en\u00fd po\u0165ah z ra\u017en\u00e9ho pl\u00e1tna pripevnen\u00fd vtedy modern\u00fdmi cvokmi bol symbolom dynamick\u00e9ho interi\u00e9ru \u2013novej doby .<\/span><\/p>\n<p><span style=\"font-family: pepi-regular;\"><img fetchpriority=\"high\" decoding=\"async\" class=\"size-full wp-image-13069 aligncenter\" src=\"http:\/\/www.bratislavadesignweek.sk\/wp-content\/uploads\/2023\/11\/image-2.png\" alt=\"\" width=\"648\" height=\"648\" srcset=\"https:\/\/www.bratislavadesignweek.sk\/wp-content\/uploads\/2023\/11\/image-2.png 648w, https:\/\/www.bratislavadesignweek.sk\/wp-content\/uploads\/2023\/11\/image-2-300x300.png 300w, https:\/\/www.bratislavadesignweek.sk\/wp-content\/uploads\/2023\/11\/image-2-150x150.png 150w, https:\/\/www.bratislavadesignweek.sk\/wp-content\/uploads\/2023\/11\/image-2-66x66.png 66w, https:\/\/www.bratislavadesignweek.sk\/wp-content\/uploads\/2023\/11\/image-2-200x200.png 200w, https:\/\/www.bratislavadesignweek.sk\/wp-content\/uploads\/2023\/11\/image-2-400x400.png 400w, https:\/\/www.bratislavadesignweek.sk\/wp-content\/uploads\/2023\/11\/image-2-600x600.png 600w\" sizes=\"(max-width: 648px) 100vw, 648px\" \/><\/span><\/p>\n<p><span style=\"font-family: pepi-regular; font-size: 8pt;\">Kreslo T2407\u00a0(spolupr\u00e1ca\u00a0s architektom Karlom Pr\u00e1gerom pre dostavbu ND v Prahe), 1979<\/span><\/p>\n<p><span style=\"font-family: pepi-regular;\">Okrem neho ale navrhol , e\u0161te mnoho \u010fal\u0161\u00edch dizajnov a bol aj tvorcom interi\u00e9rov. Spolupracoval s mnoh\u00fdmi podnikmi, v\u00fdznamn\u00e1 bola spolupr\u00e1ca s Drevopodnikom Hole\u0161ov. Do 80. rokov pracoval v tvrorivom tandeme s Jaroslavom Hre\u0161\u010d\u00e1kom.<\/span><\/p>\n<p><span style=\"font-family: pepi-regular;\"><img decoding=\"async\" class=\"wp-image-13068 size-full aligncenter\" src=\"http:\/\/www.bratislavadesignweek.sk\/wp-content\/uploads\/2023\/11\/image.png\" alt=\"\" width=\"800\" height=\"852\" srcset=\"https:\/\/www.bratislavadesignweek.sk\/wp-content\/uploads\/2023\/11\/image.png 800w, https:\/\/www.bratislavadesignweek.sk\/wp-content\/uploads\/2023\/11\/image-282x300.png 282w, https:\/\/www.bratislavadesignweek.sk\/wp-content\/uploads\/2023\/11\/image-768x818.png 768w, https:\/\/www.bratislavadesignweek.sk\/wp-content\/uploads\/2023\/11\/image-200x213.png 200w, https:\/\/www.bratislavadesignweek.sk\/wp-content\/uploads\/2023\/11\/image-400x426.png 400w, https:\/\/www.bratislavadesignweek.sk\/wp-content\/uploads\/2023\/11\/image-600x639.png 600w\" sizes=\"(max-width: 800px) 100vw, 800px\" \/><\/span><\/p>\n<p><span style=\"font-family: pepi-regular; font-size: 8pt;\">Kreslo T 2403\u00a0Kodreta Myjava<\/span><\/p>\n<p><span style=\"font-family: pepi-regular;\">Chlebo patr\u00edjednozna\u010dne z h\u013eadiska dosahu jeho tvorbymedzi naj\u00faspe\u0161nej\u0161\u00edch tvorcov \u2013 dizajn\u00e9rov na Slovesnsku ale aj v b\u00fdvalej \u010cSSR. Rozhovor s\u00a0n\u00edm prinesieme \u010doskoro.<\/span><\/p>","protected":false},"excerpt":{"rendered":"<p>Ed\u00edcia Majstri \/ Viliam Chlebo (1955) V ed\u00edci\u00ed Majstri predstav\u00edme tento rok ve\u013emi z\u00e1sadn\u00fa osobnos\u0165 slovensk\u00e9ho, spr\u00e1vnej\u0161ie \u010deskoslovensk\u00e9ho dizajnu Viliama Chleba. S\u00e1m poch\u00e1dzal z \u010deskoslovenskej rodiny (mama \u010ce\u0161ka, otec Slov\u00e1k). Napriek tomu, \u017ee ne\u0161tudoval dizajn na vysokej, ale len strednej \u0161kole ( v Sp.N. Vsi) jeho sedac\u00ed n\u00e1bytok, ktor\u00fd navrhol pre Kodretu Myjava zasiahol v [&hellip;]<\/p>","protected":false},"author":2,"featured_media":13070,"comment_status":"closed","ping_status":"closed","sticky":false,"template":"","format":"standard","meta":{"footnotes":""},"categories":[883],"tags":[],"_links":{"self":[{"href":"https:\/\/www.bratislavadesignweek.sk\/en\/wp-json\/wp\/v2\/posts\/13067"}],"collection":[{"href":"https:\/\/www.bratislavadesignweek.sk\/en\/wp-json\/wp\/v2\/posts"}],"about":[{"href":"https:\/\/www.bratislavadesignweek.sk\/en\/wp-json\/wp\/v2\/types\/post"}],"author":[{"embeddable":true,"href":"https:\/\/www.bratislavadesignweek.sk\/en\/wp-json\/wp\/v2\/users\/2"}],"replies":[{"embeddable":true,"href":"https:\/\/www.bratislavadesignweek.sk\/en\/wp-json\/wp\/v2\/comments?post=13067"}],"version-history":[{"count":6,"href":"https:\/\/www.bratislavadesignweek.sk\/en\/wp-json\/wp\/v2\/posts\/13067\/revisions"}],"predecessor-version":[{"id":14279,"href":"https:\/\/www.bratislavadesignweek.sk\/en\/wp-json\/wp\/v2\/posts\/13067\/revisions\/14279"}],"wp:featuredmedia":[{"embeddable":true,"href":"https:\/\/www.bratislavadesignweek.sk\/en\/wp-json\/wp\/v2\/media\/13070"}],"wp:attachment":[{"href":"https:\/\/www.bratislavadesignweek.sk\/en\/wp-json\/wp\/v2\/media?parent=13067"}],"wp:term":[{"taxonomy":"category","embeddable":true,"href":"https:\/\/www.bratislavadesignweek.sk\/en\/wp-json\/wp\/v2\/categories?post=13067"},{"taxonomy":"post_tag","embeddable":true,"href":"https:\/\/www.bratislavadesignweek.sk\/en\/wp-json\/wp\/v2\/tags?post=13067"}],"curies":[{"name":"wp","href":"https:\/\/api.w.org\/{rel}","templated":true}]}}