{"id":13081,"date":"2023-12-03T22:48:29","date_gmt":"2023-12-03T21:48:29","guid":{"rendered":"https:\/\/www.bratislavadesignweek.sk\/?p=13081"},"modified":"2024-09-22T19:28:26","modified_gmt":"2024-09-22T17:28:26","slug":"ingrid-budovska-zmena-po-100-rokoch","status":"publish","type":"post","link":"https:\/\/www.bratislavadesignweek.sk\/en\/ingrid-budovska-zmena-po-100-rokoch\/","title":{"rendered":"INGRID BUDOVSK\u00c1 \/ ZMENA PO 100 ROKOCH"},"content":{"rendered":"<p><img fetchpriority=\"high\" decoding=\"async\" class=\"aligncenter wp-image-13082\" src=\"http:\/\/www.bratislavadesignweek.sk\/wp-content\/uploads\/2023\/12\/BADW23_opencall-21.png\" alt=\"\" width=\"500\" height=\"500\" srcset=\"https:\/\/www.bratislavadesignweek.sk\/wp-content\/uploads\/2023\/12\/BADW23_opencall-21.png 1081w, https:\/\/www.bratislavadesignweek.sk\/wp-content\/uploads\/2023\/12\/BADW23_opencall-21-300x300.png 300w, https:\/\/www.bratislavadesignweek.sk\/wp-content\/uploads\/2023\/12\/BADW23_opencall-21-1024x1024.png 1024w, https:\/\/www.bratislavadesignweek.sk\/wp-content\/uploads\/2023\/12\/BADW23_opencall-21-150x150.png 150w, https:\/\/www.bratislavadesignweek.sk\/wp-content\/uploads\/2023\/12\/BADW23_opencall-21-768x768.png 768w, https:\/\/www.bratislavadesignweek.sk\/wp-content\/uploads\/2023\/12\/BADW23_opencall-21-66x66.png 66w, https:\/\/www.bratislavadesignweek.sk\/wp-content\/uploads\/2023\/12\/BADW23_opencall-21-200x200.png 200w, https:\/\/www.bratislavadesignweek.sk\/wp-content\/uploads\/2023\/12\/BADW23_opencall-21-400x400.png 400w, https:\/\/www.bratislavadesignweek.sk\/wp-content\/uploads\/2023\/12\/BADW23_opencall-21-600x600.png 600w, https:\/\/www.bratislavadesignweek.sk\/wp-content\/uploads\/2023\/12\/BADW23_opencall-21-800x800.png 800w\" sizes=\"(max-width: 500px) 100vw, 500px\" \/><\/p>\n<p><span style=\"font-family: pepi-regular; font-size: 18pt;\">Projekt Zmena po 100 rokoch je mojim posledn\u00fdm projektom, na ktorom pracujem od za\u010diatku tohto roka 2023. Ako je to pri mnoh\u00fdch projektoch, my\u0161lienky sa postupne zbieraj\u00fa a\u017e v jednom momente praskn\u00fa, ako orie\u0161ok v rozpr\u00e1vke&#8230;ten m\u00f4j praskol niekedy v janu\u00e1ri a od tohto \u010dasu to u\u017e bola len pr\u00e1ca. Zh\u00e1\u0148anie star\u00fdch \u013eanov\u00fdch materi\u00e1lov, tvorba n\u00e1vrhov, strihov, mnoh\u00fdch prototypov. Hlavn\u00e1 my\u0161lienka bola jasn\u00e1, uk\u00e1za\u0165, \u017ee \u013eanov\u00e9 pl\u00e1tno utkan\u00e9 niekedy na za\u010diatku 20 storo\u010dia, vyhoden\u00e9 na poval\u00e1ch a zapr\u00e1\u0161en\u00fdch stodol\u00e1ch m\u00f4\u017ee z\u00edska\u0165 svoju nov\u00fa podobu a sl\u00fa\u017ei\u0165 \u010falej. Vznikol teda n\u00e1vrh d\u00e1mskeho modelu kab\u00e1tika a sukne. A ke\u010f\u017ee d\u00e1ma potrebuje aj pekn\u00e9 top\u00e1nky a kabelku, tak som oslovila \u0161ikovn\u00e9ho obuvn\u00edka v Brne p. Hork\u00e9ho a zn\u00e1mu slovensk\u00fa bra\u0161n\u00e1rsku f. Verbua, aby k m\u00f4jmu modelu vytvorili top\u00e1no\u010dky a kabelku pod\u013ea mojich n\u00e1vrhov a dodan\u00e9ho \u013eanov\u00e9ho materi\u00e1lu. Obaja sa s rados\u0165ou pripojili k tomuto projektu. Teraz konkr\u00e9tne, k materi\u00e1lom a v\u00fdrobe. Kab\u00e1tik je vytvoren\u00fd s p\u00f4vodn\u00e9ho \u013eanov\u00e9ho obrusu. Na sukienku boli pou\u017eit\u00e9 mal\u00e9 \u013eanov\u00e9 obr\u00fasky. Top\u00e1nky a kabelka s\u00fa vyroben\u00e9 zo star\u00fdch \u013eanov\u00fdch vriec ( vrece\/kabelka). Ke\u010f\u017ee sa s\u00fastre\u010fujem na ru\u010dn\u00fa tvorbu, kab\u00e1tik aj sukienka s\u00fa okrem zo\u0161\u00edvan\u00fdch dielov u\u0161it\u00e9 ru\u010dne, stepovania aj ru\u010dne vy\u0161\u00edvan\u00e9 dierky. Podobne je tomu aj pri zhotoven\u00ed top\u00e1no\u010diek aj kabelky&#8230;v\u0161etko je poctiv\u00e1 ru\u010dn\u00e1 robota. Vieme ako sa na\u0161a plan\u00e9ta top\u00ed v mori ekologick\u00fdch probl\u00e9moch, ktor\u00e9 jej \u013eudia svoj\u00edm spr\u00e1van\u00edm sp\u00f4sobuj\u00fa. D\u00e1vno si v\u00e1\u017ene uvedomujem v\u0161etky tieto skuto\u010dnosti vo svojej pr\u00e1ci a preto vznikol aj tento projekt, cez ktor\u00fd by som rada upriamila v\u00e4\u010d\u0161iu pozornos\u0165, ako sa d\u00e1 pracova\u0165 u\u017e s materi\u00e1lom d\u00e1vno vyroben\u00fdm, ktor\u00fd svojou kvalitou m\u00f4\u017ee v novej podobe sl\u00fa\u017ei\u0165 mo\u017eno \u010fal\u0161\u00edch 100rokov a \u013ean tak\u00fdm materi\u00e1lom je.<\/span><\/p>\n<p><img decoding=\"async\" class=\"aligncenter wp-image-13083 size-fusion-600\" src=\"http:\/\/www.bratislavadesignweek.sk\/wp-content\/uploads\/2023\/12\/ZMENA-PO-100-ROKOCH-1_INA_BUDOVSKA-600x400.jpeg\" alt=\"\" width=\"600\" height=\"400\" srcset=\"https:\/\/www.bratislavadesignweek.sk\/wp-content\/uploads\/2023\/12\/ZMENA-PO-100-ROKOCH-1_INA_BUDOVSKA-600x400.jpeg 600w, https:\/\/www.bratislavadesignweek.sk\/wp-content\/uploads\/2023\/12\/ZMENA-PO-100-ROKOCH-1_INA_BUDOVSKA-300x200.jpeg 300w, https:\/\/www.bratislavadesignweek.sk\/wp-content\/uploads\/2023\/12\/ZMENA-PO-100-ROKOCH-1_INA_BUDOVSKA-1024x682.jpeg 1024w, https:\/\/www.bratislavadesignweek.sk\/wp-content\/uploads\/2023\/12\/ZMENA-PO-100-ROKOCH-1_INA_BUDOVSKA-768x512.jpeg 768w, https:\/\/www.bratislavadesignweek.sk\/wp-content\/uploads\/2023\/12\/ZMENA-PO-100-ROKOCH-1_INA_BUDOVSKA-200x133.jpeg 200w, https:\/\/www.bratislavadesignweek.sk\/wp-content\/uploads\/2023\/12\/ZMENA-PO-100-ROKOCH-1_INA_BUDOVSKA-400x267.jpeg 400w, https:\/\/www.bratislavadesignweek.sk\/wp-content\/uploads\/2023\/12\/ZMENA-PO-100-ROKOCH-1_INA_BUDOVSKA-800x533.jpeg 800w, https:\/\/www.bratislavadesignweek.sk\/wp-content\/uploads\/2023\/12\/ZMENA-PO-100-ROKOCH-1_INA_BUDOVSKA-1200x800.jpeg 1200w, https:\/\/www.bratislavadesignweek.sk\/wp-content\/uploads\/2023\/12\/ZMENA-PO-100-ROKOCH-1_INA_BUDOVSKA.jpeg 1280w\" sizes=\"(max-width: 600px) 100vw, 600px\" \/> <img decoding=\"async\" class=\"aligncenter wp-image-13084 size-fusion-600\" src=\"http:\/\/www.bratislavadesignweek.sk\/wp-content\/uploads\/2023\/12\/ZMENA-PO-100-ROKOCH-2_INA_BUDOVSKA-600x423.jpeg\" alt=\"\" width=\"600\" height=\"423\" srcset=\"https:\/\/www.bratislavadesignweek.sk\/wp-content\/uploads\/2023\/12\/ZMENA-PO-100-ROKOCH-2_INA_BUDOVSKA-600x423.jpeg 600w, https:\/\/www.bratislavadesignweek.sk\/wp-content\/uploads\/2023\/12\/ZMENA-PO-100-ROKOCH-2_INA_BUDOVSKA-300x212.jpeg 300w, https:\/\/www.bratislavadesignweek.sk\/wp-content\/uploads\/2023\/12\/ZMENA-PO-100-ROKOCH-2_INA_BUDOVSKA-1024x722.jpeg 1024w, https:\/\/www.bratislavadesignweek.sk\/wp-content\/uploads\/2023\/12\/ZMENA-PO-100-ROKOCH-2_INA_BUDOVSKA-768x541.jpeg 768w, https:\/\/www.bratislavadesignweek.sk\/wp-content\/uploads\/2023\/12\/ZMENA-PO-100-ROKOCH-2_INA_BUDOVSKA-1536x1083.jpeg 1536w, https:\/\/www.bratislavadesignweek.sk\/wp-content\/uploads\/2023\/12\/ZMENA-PO-100-ROKOCH-2_INA_BUDOVSKA-200x141.jpeg 200w, https:\/\/www.bratislavadesignweek.sk\/wp-content\/uploads\/2023\/12\/ZMENA-PO-100-ROKOCH-2_INA_BUDOVSKA-400x282.jpeg 400w, https:\/\/www.bratislavadesignweek.sk\/wp-content\/uploads\/2023\/12\/ZMENA-PO-100-ROKOCH-2_INA_BUDOVSKA-800x564.jpeg 800w, https:\/\/www.bratislavadesignweek.sk\/wp-content\/uploads\/2023\/12\/ZMENA-PO-100-ROKOCH-2_INA_BUDOVSKA-1200x846.jpeg 1200w, https:\/\/www.bratislavadesignweek.sk\/wp-content\/uploads\/2023\/12\/ZMENA-PO-100-ROKOCH-2_INA_BUDOVSKA.jpeg 1756w\" sizes=\"(max-width: 600px) 100vw, 600px\" \/> <img loading=\"lazy\" decoding=\"async\" class=\"aligncenter wp-image-13085 size-fusion-600\" src=\"http:\/\/www.bratislavadesignweek.sk\/wp-content\/uploads\/2023\/12\/ZMENA-PO-100-ROKOCH-3_INA_BUDOVSKA-600x400.jpeg\" alt=\"\" width=\"600\" height=\"400\" srcset=\"https:\/\/www.bratislavadesignweek.sk\/wp-content\/uploads\/2023\/12\/ZMENA-PO-100-ROKOCH-3_INA_BUDOVSKA-600x400.jpeg 600w, https:\/\/www.bratislavadesignweek.sk\/wp-content\/uploads\/2023\/12\/ZMENA-PO-100-ROKOCH-3_INA_BUDOVSKA-300x200.jpeg 300w, https:\/\/www.bratislavadesignweek.sk\/wp-content\/uploads\/2023\/12\/ZMENA-PO-100-ROKOCH-3_INA_BUDOVSKA-1024x682.jpeg 1024w, https:\/\/www.bratislavadesignweek.sk\/wp-content\/uploads\/2023\/12\/ZMENA-PO-100-ROKOCH-3_INA_BUDOVSKA-768x512.jpeg 768w, https:\/\/www.bratislavadesignweek.sk\/wp-content\/uploads\/2023\/12\/ZMENA-PO-100-ROKOCH-3_INA_BUDOVSKA-200x133.jpeg 200w, https:\/\/www.bratislavadesignweek.sk\/wp-content\/uploads\/2023\/12\/ZMENA-PO-100-ROKOCH-3_INA_BUDOVSKA-400x267.jpeg 400w, https:\/\/www.bratislavadesignweek.sk\/wp-content\/uploads\/2023\/12\/ZMENA-PO-100-ROKOCH-3_INA_BUDOVSKA-800x533.jpeg 800w, https:\/\/www.bratislavadesignweek.sk\/wp-content\/uploads\/2023\/12\/ZMENA-PO-100-ROKOCH-3_INA_BUDOVSKA-1200x800.jpeg 1200w, https:\/\/www.bratislavadesignweek.sk\/wp-content\/uploads\/2023\/12\/ZMENA-PO-100-ROKOCH-3_INA_BUDOVSKA.jpeg 1280w\" sizes=\"(max-width: 600px) 100vw, 600px\" \/> <img loading=\"lazy\" decoding=\"async\" class=\"aligncenter wp-image-13086 size-fusion-600\" src=\"http:\/\/www.bratislavadesignweek.sk\/wp-content\/uploads\/2023\/12\/ZMENA-PO-100-ROKOCH-4_INA_BUDOVSKA-600x450.jpeg\" alt=\"\" width=\"600\" height=\"450\" srcset=\"https:\/\/www.bratislavadesignweek.sk\/wp-content\/uploads\/2023\/12\/ZMENA-PO-100-ROKOCH-4_INA_BUDOVSKA-600x450.jpeg 600w, https:\/\/www.bratislavadesignweek.sk\/wp-content\/uploads\/2023\/12\/ZMENA-PO-100-ROKOCH-4_INA_BUDOVSKA-300x225.jpeg 300w, https:\/\/www.bratislavadesignweek.sk\/wp-content\/uploads\/2023\/12\/ZMENA-PO-100-ROKOCH-4_INA_BUDOVSKA-1024x768.jpeg 1024w, https:\/\/www.bratislavadesignweek.sk\/wp-content\/uploads\/2023\/12\/ZMENA-PO-100-ROKOCH-4_INA_BUDOVSKA-768x576.jpeg 768w, https:\/\/www.bratislavadesignweek.sk\/wp-content\/uploads\/2023\/12\/ZMENA-PO-100-ROKOCH-4_INA_BUDOVSKA-1536x1152.jpeg 1536w, https:\/\/www.bratislavadesignweek.sk\/wp-content\/uploads\/2023\/12\/ZMENA-PO-100-ROKOCH-4_INA_BUDOVSKA-200x150.jpeg 200w, https:\/\/www.bratislavadesignweek.sk\/wp-content\/uploads\/2023\/12\/ZMENA-PO-100-ROKOCH-4_INA_BUDOVSKA-400x300.jpeg 400w, https:\/\/www.bratislavadesignweek.sk\/wp-content\/uploads\/2023\/12\/ZMENA-PO-100-ROKOCH-4_INA_BUDOVSKA-800x600.jpeg 800w, https:\/\/www.bratislavadesignweek.sk\/wp-content\/uploads\/2023\/12\/ZMENA-PO-100-ROKOCH-4_INA_BUDOVSKA-1200x900.jpeg 1200w, https:\/\/www.bratislavadesignweek.sk\/wp-content\/uploads\/2023\/12\/ZMENA-PO-100-ROKOCH-4_INA_BUDOVSKA.jpeg 1650w\" sizes=\"(max-width: 600px) 100vw, 600px\" \/> <img loading=\"lazy\" decoding=\"async\" class=\"aligncenter wp-image-13087 size-fusion-600\" src=\"http:\/\/www.bratislavadesignweek.sk\/wp-content\/uploads\/2023\/12\/ZMENA-PO-100-ROKOCH-5_INA_BUDOVSKA-600x400.jpeg\" alt=\"\" width=\"600\" height=\"400\" srcset=\"https:\/\/www.bratislavadesignweek.sk\/wp-content\/uploads\/2023\/12\/ZMENA-PO-100-ROKOCH-5_INA_BUDOVSKA-600x400.jpeg 600w, https:\/\/www.bratislavadesignweek.sk\/wp-content\/uploads\/2023\/12\/ZMENA-PO-100-ROKOCH-5_INA_BUDOVSKA-300x200.jpeg 300w, https:\/\/www.bratislavadesignweek.sk\/wp-content\/uploads\/2023\/12\/ZMENA-PO-100-ROKOCH-5_INA_BUDOVSKA-1024x682.jpeg 1024w, https:\/\/www.bratislavadesignweek.sk\/wp-content\/uploads\/2023\/12\/ZMENA-PO-100-ROKOCH-5_INA_BUDOVSKA-768x512.jpeg 768w, https:\/\/www.bratislavadesignweek.sk\/wp-content\/uploads\/2023\/12\/ZMENA-PO-100-ROKOCH-5_INA_BUDOVSKA-200x133.jpeg 200w, https:\/\/www.bratislavadesignweek.sk\/wp-content\/uploads\/2023\/12\/ZMENA-PO-100-ROKOCH-5_INA_BUDOVSKA-400x267.jpeg 400w, https:\/\/www.bratislavadesignweek.sk\/wp-content\/uploads\/2023\/12\/ZMENA-PO-100-ROKOCH-5_INA_BUDOVSKA-800x533.jpeg 800w, https:\/\/www.bratislavadesignweek.sk\/wp-content\/uploads\/2023\/12\/ZMENA-PO-100-ROKOCH-5_INA_BUDOVSKA-1200x800.jpeg 1200w, https:\/\/www.bratislavadesignweek.sk\/wp-content\/uploads\/2023\/12\/ZMENA-PO-100-ROKOCH-5_INA_BUDOVSKA.jpeg 1280w\" sizes=\"(max-width: 600px) 100vw, 600px\" \/> <img loading=\"lazy\" decoding=\"async\" class=\"aligncenter wp-image-13088 size-fusion-600\" src=\"http:\/\/www.bratislavadesignweek.sk\/wp-content\/uploads\/2023\/12\/ZMENA-PO-100-ROKOCH-6_INA_BUDOVSKA-600x800.jpeg\" alt=\"\" width=\"600\" height=\"800\" srcset=\"https:\/\/www.bratislavadesignweek.sk\/wp-content\/uploads\/2023\/12\/ZMENA-PO-100-ROKOCH-6_INA_BUDOVSKA-600x800.jpeg 600w, https:\/\/www.bratislavadesignweek.sk\/wp-content\/uploads\/2023\/12\/ZMENA-PO-100-ROKOCH-6_INA_BUDOVSKA-225x300.jpeg 225w, https:\/\/www.bratislavadesignweek.sk\/wp-content\/uploads\/2023\/12\/ZMENA-PO-100-ROKOCH-6_INA_BUDOVSKA-768x1025.jpeg 768w, https:\/\/www.bratislavadesignweek.sk\/wp-content\/uploads\/2023\/12\/ZMENA-PO-100-ROKOCH-6_INA_BUDOVSKA-200x267.jpeg 200w, https:\/\/www.bratislavadesignweek.sk\/wp-content\/uploads\/2023\/12\/ZMENA-PO-100-ROKOCH-6_INA_BUDOVSKA-400x534.jpeg 400w, https:\/\/www.bratislavadesignweek.sk\/wp-content\/uploads\/2023\/12\/ZMENA-PO-100-ROKOCH-6_INA_BUDOVSKA-800x1067.jpeg 800w, https:\/\/www.bratislavadesignweek.sk\/wp-content\/uploads\/2023\/12\/ZMENA-PO-100-ROKOCH-6_INA_BUDOVSKA.jpeg 928w\" sizes=\"(max-width: 600px) 100vw, 600px\" \/><\/p>","protected":false},"excerpt":{"rendered":"<p>Projekt Zmena po 100 rokoch je mojim posledn\u00fdm projektom, na ktorom pracujem od za\u010diatku tohto roka 2023. Ako je to pri mnoh\u00fdch projektoch, my\u0161lienky sa postupne zbieraj\u00fa a\u017e v jednom momente praskn\u00fa, ako orie\u0161ok v rozpr\u00e1vke&#8230;ten m\u00f4j praskol niekedy v janu\u00e1ri a od tohto \u010dasu to u\u017e bola len pr\u00e1ca. Zh\u00e1\u0148anie star\u00fdch \u013eanov\u00fdch materi\u00e1lov, tvorba [&hellip;]<\/p>","protected":false},"author":2,"featured_media":13082,"comment_status":"closed","ping_status":"closed","sticky":false,"template":"","format":"standard","meta":{"footnotes":""},"categories":[885,786],"tags":[],"_links":{"self":[{"href":"https:\/\/www.bratislavadesignweek.sk\/en\/wp-json\/wp\/v2\/posts\/13081"}],"collection":[{"href":"https:\/\/www.bratislavadesignweek.sk\/en\/wp-json\/wp\/v2\/posts"}],"about":[{"href":"https:\/\/www.bratislavadesignweek.sk\/en\/wp-json\/wp\/v2\/types\/post"}],"author":[{"embeddable":true,"href":"https:\/\/www.bratislavadesignweek.sk\/en\/wp-json\/wp\/v2\/users\/2"}],"replies":[{"embeddable":true,"href":"https:\/\/www.bratislavadesignweek.sk\/en\/wp-json\/wp\/v2\/comments?post=13081"}],"version-history":[{"count":4,"href":"https:\/\/www.bratislavadesignweek.sk\/en\/wp-json\/wp\/v2\/posts\/13081\/revisions"}],"predecessor-version":[{"id":14278,"href":"https:\/\/www.bratislavadesignweek.sk\/en\/wp-json\/wp\/v2\/posts\/13081\/revisions\/14278"}],"wp:featuredmedia":[{"embeddable":true,"href":"https:\/\/www.bratislavadesignweek.sk\/en\/wp-json\/wp\/v2\/media\/13082"}],"wp:attachment":[{"href":"https:\/\/www.bratislavadesignweek.sk\/en\/wp-json\/wp\/v2\/media?parent=13081"}],"wp:term":[{"taxonomy":"category","embeddable":true,"href":"https:\/\/www.bratislavadesignweek.sk\/en\/wp-json\/wp\/v2\/categories?post=13081"},{"taxonomy":"post_tag","embeddable":true,"href":"https:\/\/www.bratislavadesignweek.sk\/en\/wp-json\/wp\/v2\/tags?post=13081"}],"curies":[{"name":"wp","href":"https:\/\/api.w.org\/{rel}","templated":true}]}}