{"id":13105,"date":"2023-12-03T23:05:39","date_gmt":"2023-12-03T22:05:39","guid":{"rendered":"https:\/\/www.bratislavadesignweek.sk\/?p=13105"},"modified":"2024-09-22T19:28:03","modified_gmt":"2024-09-22T17:28:03","slug":"datalab-martin-uhrik-roman-hajtmanek-vladimir-hain-alexander-kupko-podte-dalej","status":"publish","type":"post","link":"https:\/\/www.bratislavadesignweek.sk\/en\/datalab-martin-uhrik-roman-hajtmanek-vladimir-hain-alexander-kupko-podte-dalej\/","title":{"rendered":"DATA[LAB] \/ PO\u010eTE \u010eALEJ"},"content":{"rendered":"<p><img fetchpriority=\"high\" decoding=\"async\" class=\"aligncenter wp-image-13106\" src=\"http:\/\/www.bratislavadesignweek.sk\/wp-content\/uploads\/2023\/12\/BADW23_opencall_datalab.png\" alt=\"\" width=\"500\" height=\"500\" srcset=\"https:\/\/www.bratislavadesignweek.sk\/wp-content\/uploads\/2023\/12\/BADW23_opencall_datalab.png 1080w, https:\/\/www.bratislavadesignweek.sk\/wp-content\/uploads\/2023\/12\/BADW23_opencall_datalab-300x300.png 300w, https:\/\/www.bratislavadesignweek.sk\/wp-content\/uploads\/2023\/12\/BADW23_opencall_datalab-1024x1024.png 1024w, https:\/\/www.bratislavadesignweek.sk\/wp-content\/uploads\/2023\/12\/BADW23_opencall_datalab-150x150.png 150w, https:\/\/www.bratislavadesignweek.sk\/wp-content\/uploads\/2023\/12\/BADW23_opencall_datalab-768x769.png 768w, https:\/\/www.bratislavadesignweek.sk\/wp-content\/uploads\/2023\/12\/BADW23_opencall_datalab-66x66.png 66w, https:\/\/www.bratislavadesignweek.sk\/wp-content\/uploads\/2023\/12\/BADW23_opencall_datalab-200x200.png 200w, https:\/\/www.bratislavadesignweek.sk\/wp-content\/uploads\/2023\/12\/BADW23_opencall_datalab-400x400.png 400w, https:\/\/www.bratislavadesignweek.sk\/wp-content\/uploads\/2023\/12\/BADW23_opencall_datalab-600x601.png 600w, https:\/\/www.bratislavadesignweek.sk\/wp-content\/uploads\/2023\/12\/BADW23_opencall_datalab-800x801.png 800w\" sizes=\"(max-width: 500px) 100vw, 500px\" \/><\/p>\n<p>In\u0161tal\u00e1cia Po\u010fte \u010falej! predstavuje na\u0161u ideu ob\u00fdva\u010dky bud\u00facnosti, ktor\u00e1 poz\u00fdva n\u00e1v\u0161tevn\u00edkov na odv\u00e1\u017ene vst\u00fapenie. In\u0161tal\u00e1cia prezentuje viacero \u0161tudentsk\u00fdch projektov z akademick\u00e9ho roka 2022\/23. Ide o \u0161tyri objekty na rozhran\u00ed fyzick\u00e9ho a virtu\u00e1lneho sveta, vytvoren\u00e9 v r\u00e1mci semestr\u00e1lnej t\u00e9my &#8222;Objektil&#8220; a premietanie troch projektov, ktor\u00e9 virtu\u00e1lnou realitou roz\u0161iruj\u00fa diela Laca Terena, v semestr\u00e1lnej t\u00e9me &#8222;Virtu\u00e1lna gal\u00e9ria&#8220;. Diela odpovedaj\u00fa na s\u00fa\u010dasn\u00e9 ot\u00e1zky ako zachovanie si psychickej rovnov\u00e1hy empatiou a sebavyjadren\u00edm zalo\u017eenom na spojen\u00ed trad\u00edcie a do bud\u00facnosti orientovan\u00e9ho dizajnu. \u0160tudentsk\u00e9 projekty s\u00fa in\u0161talovan\u00e9 na podklade potiahnutom zrkadlovou f\u00f3liou (\u0161es\u0165uholn\u00edk s r\u00e1diusom 2,8m), \u010do zaru\u010duje unik\u00e1tny z\u00e1\u017eitok zo samotn\u00e9ho priestoru ob\u00fdva\u010dky. In\u0161tal\u00e1cia je z\u00e1rove\u0148 obkolesen\u00e1 poloprieh\u013eadn\u00fdmi z\u00e1vesmi (2,5m do v\u00fd\u0161ky), ktor\u00e9 priestor oddeluj\u00fa od ostatn\u00fdch vystavovan\u00fdch diel. N\u00e1v\u0161tevn\u00edkov by sme radi vyzvali aby sa neb\u00e1li vst\u00fapi\u0165 do na\u0161ej futuristickej ob\u00fdva\u010dky a sami si vysk\u00fa\u0161ali, ako by sa im v takom priestore b\u00fdvalo.<\/p>\n<p><img decoding=\"async\" class=\"aligncenter wp-image-13107 size-fusion-600\" src=\"http:\/\/www.bratislavadesignweek.sk\/wp-content\/uploads\/2023\/12\/Podte_dalej01_DATALAB-600x338.png\" alt=\"\" width=\"600\" height=\"338\" srcset=\"https:\/\/www.bratislavadesignweek.sk\/wp-content\/uploads\/2023\/12\/Podte_dalej01_DATALAB-600x338.png 600w, https:\/\/www.bratislavadesignweek.sk\/wp-content\/uploads\/2023\/12\/Podte_dalej01_DATALAB-300x169.png 300w, https:\/\/www.bratislavadesignweek.sk\/wp-content\/uploads\/2023\/12\/Podte_dalej01_DATALAB-1024x576.png 1024w, https:\/\/www.bratislavadesignweek.sk\/wp-content\/uploads\/2023\/12\/Podte_dalej01_DATALAB-768x432.png 768w, https:\/\/www.bratislavadesignweek.sk\/wp-content\/uploads\/2023\/12\/Podte_dalej01_DATALAB-1536x864.png 1536w, https:\/\/www.bratislavadesignweek.sk\/wp-content\/uploads\/2023\/12\/Podte_dalej01_DATALAB-200x113.png 200w, https:\/\/www.bratislavadesignweek.sk\/wp-content\/uploads\/2023\/12\/Podte_dalej01_DATALAB-400x225.png 400w, https:\/\/www.bratislavadesignweek.sk\/wp-content\/uploads\/2023\/12\/Podte_dalej01_DATALAB-800x450.png 800w, https:\/\/www.bratislavadesignweek.sk\/wp-content\/uploads\/2023\/12\/Podte_dalej01_DATALAB-1200x675.png 1200w, https:\/\/www.bratislavadesignweek.sk\/wp-content\/uploads\/2023\/12\/Podte_dalej01_DATALAB.png 1920w\" sizes=\"(max-width: 600px) 100vw, 600px\" \/> <img decoding=\"async\" class=\"aligncenter wp-image-13108 size-fusion-600\" src=\"http:\/\/www.bratislavadesignweek.sk\/wp-content\/uploads\/2023\/12\/Podte_dalej04_DATALAB-600x338.png\" alt=\"\" width=\"600\" height=\"338\" srcset=\"https:\/\/www.bratislavadesignweek.sk\/wp-content\/uploads\/2023\/12\/Podte_dalej04_DATALAB-600x338.png 600w, https:\/\/www.bratislavadesignweek.sk\/wp-content\/uploads\/2023\/12\/Podte_dalej04_DATALAB-300x169.png 300w, https:\/\/www.bratislavadesignweek.sk\/wp-content\/uploads\/2023\/12\/Podte_dalej04_DATALAB-1024x576.png 1024w, https:\/\/www.bratislavadesignweek.sk\/wp-content\/uploads\/2023\/12\/Podte_dalej04_DATALAB-768x432.png 768w, https:\/\/www.bratislavadesignweek.sk\/wp-content\/uploads\/2023\/12\/Podte_dalej04_DATALAB-1536x864.png 1536w, https:\/\/www.bratislavadesignweek.sk\/wp-content\/uploads\/2023\/12\/Podte_dalej04_DATALAB-200x113.png 200w, https:\/\/www.bratislavadesignweek.sk\/wp-content\/uploads\/2023\/12\/Podte_dalej04_DATALAB-400x225.png 400w, https:\/\/www.bratislavadesignweek.sk\/wp-content\/uploads\/2023\/12\/Podte_dalej04_DATALAB-800x450.png 800w, https:\/\/www.bratislavadesignweek.sk\/wp-content\/uploads\/2023\/12\/Podte_dalej04_DATALAB-1200x675.png 1200w, https:\/\/www.bratislavadesignweek.sk\/wp-content\/uploads\/2023\/12\/Podte_dalej04_DATALAB.png 1920w\" sizes=\"(max-width: 600px) 100vw, 600px\" \/> <img loading=\"lazy\" decoding=\"async\" class=\"aligncenter wp-image-13109 size-fusion-600\" src=\"http:\/\/www.bratislavadesignweek.sk\/wp-content\/uploads\/2023\/12\/Podte_dalej06_DATALAB-600x347.png\" alt=\"\" width=\"600\" height=\"347\" srcset=\"https:\/\/www.bratislavadesignweek.sk\/wp-content\/uploads\/2023\/12\/Podte_dalej06_DATALAB-600x347.png 600w, https:\/\/www.bratislavadesignweek.sk\/wp-content\/uploads\/2023\/12\/Podte_dalej06_DATALAB-300x173.png 300w, https:\/\/www.bratislavadesignweek.sk\/wp-content\/uploads\/2023\/12\/Podte_dalej06_DATALAB-1024x592.png 1024w, https:\/\/www.bratislavadesignweek.sk\/wp-content\/uploads\/2023\/12\/Podte_dalej06_DATALAB-768x444.png 768w, https:\/\/www.bratislavadesignweek.sk\/wp-content\/uploads\/2023\/12\/Podte_dalej06_DATALAB-1536x888.png 1536w, https:\/\/www.bratislavadesignweek.sk\/wp-content\/uploads\/2023\/12\/Podte_dalej06_DATALAB-2048x1184.png 2048w, https:\/\/www.bratislavadesignweek.sk\/wp-content\/uploads\/2023\/12\/Podte_dalej06_DATALAB-200x116.png 200w, https:\/\/www.bratislavadesignweek.sk\/wp-content\/uploads\/2023\/12\/Podte_dalej06_DATALAB-400x231.png 400w, https:\/\/www.bratislavadesignweek.sk\/wp-content\/uploads\/2023\/12\/Podte_dalej06_DATALAB-800x462.png 800w, https:\/\/www.bratislavadesignweek.sk\/wp-content\/uploads\/2023\/12\/Podte_dalej06_DATALAB-1200x694.png 1200w\" sizes=\"(max-width: 600px) 100vw, 600px\" \/> <img loading=\"lazy\" decoding=\"async\" class=\"aligncenter wp-image-13110 size-fusion-600\" src=\"http:\/\/www.bratislavadesignweek.sk\/wp-content\/uploads\/2023\/12\/Podte_dalej09_DATALAB-600x338.jpg\" alt=\"\" width=\"600\" height=\"338\" srcset=\"https:\/\/www.bratislavadesignweek.sk\/wp-content\/uploads\/2023\/12\/Podte_dalej09_DATALAB-600x338.jpg 600w, https:\/\/www.bratislavadesignweek.sk\/wp-content\/uploads\/2023\/12\/Podte_dalej09_DATALAB-300x169.jpg 300w, https:\/\/www.bratislavadesignweek.sk\/wp-content\/uploads\/2023\/12\/Podte_dalej09_DATALAB-1024x576.jpg 1024w, https:\/\/www.bratislavadesignweek.sk\/wp-content\/uploads\/2023\/12\/Podte_dalej09_DATALAB-768x432.jpg 768w, https:\/\/www.bratislavadesignweek.sk\/wp-content\/uploads\/2023\/12\/Podte_dalej09_DATALAB-1536x864.jpg 1536w, https:\/\/www.bratislavadesignweek.sk\/wp-content\/uploads\/2023\/12\/Podte_dalej09_DATALAB-200x113.jpg 200w, https:\/\/www.bratislavadesignweek.sk\/wp-content\/uploads\/2023\/12\/Podte_dalej09_DATALAB-400x225.jpg 400w, https:\/\/www.bratislavadesignweek.sk\/wp-content\/uploads\/2023\/12\/Podte_dalej09_DATALAB-800x450.jpg 800w, https:\/\/www.bratislavadesignweek.sk\/wp-content\/uploads\/2023\/12\/Podte_dalej09_DATALAB-1200x675.jpg 1200w, https:\/\/www.bratislavadesignweek.sk\/wp-content\/uploads\/2023\/12\/Podte_dalej09_DATALAB.jpg 1920w\" sizes=\"(max-width: 600px) 100vw, 600px\" \/> <img loading=\"lazy\" decoding=\"async\" class=\"aligncenter wp-image-13111 size-fusion-600\" src=\"http:\/\/www.bratislavadesignweek.sk\/wp-content\/uploads\/2023\/12\/Podte_dalej10_DATALAB-600x338.jpg\" alt=\"\" width=\"600\" height=\"338\" srcset=\"https:\/\/www.bratislavadesignweek.sk\/wp-content\/uploads\/2023\/12\/Podte_dalej10_DATALAB-600x338.jpg 600w, https:\/\/www.bratislavadesignweek.sk\/wp-content\/uploads\/2023\/12\/Podte_dalej10_DATALAB-300x169.jpg 300w, https:\/\/www.bratislavadesignweek.sk\/wp-content\/uploads\/2023\/12\/Podte_dalej10_DATALAB-1024x576.jpg 1024w, https:\/\/www.bratislavadesignweek.sk\/wp-content\/uploads\/2023\/12\/Podte_dalej10_DATALAB-768x432.jpg 768w, https:\/\/www.bratislavadesignweek.sk\/wp-content\/uploads\/2023\/12\/Podte_dalej10_DATALAB-1536x864.jpg 1536w, https:\/\/www.bratislavadesignweek.sk\/wp-content\/uploads\/2023\/12\/Podte_dalej10_DATALAB-200x113.jpg 200w, https:\/\/www.bratislavadesignweek.sk\/wp-content\/uploads\/2023\/12\/Podte_dalej10_DATALAB-400x225.jpg 400w, https:\/\/www.bratislavadesignweek.sk\/wp-content\/uploads\/2023\/12\/Podte_dalej10_DATALAB-800x450.jpg 800w, https:\/\/www.bratislavadesignweek.sk\/wp-content\/uploads\/2023\/12\/Podte_dalej10_DATALAB-1200x675.jpg 1200w, https:\/\/www.bratislavadesignweek.sk\/wp-content\/uploads\/2023\/12\/Podte_dalej10_DATALAB.jpg 1920w\" sizes=\"(max-width: 600px) 100vw, 600px\" \/> <img loading=\"lazy\" decoding=\"async\" class=\"aligncenter wp-image-13112 size-fusion-600\" src=\"http:\/\/www.bratislavadesignweek.sk\/wp-content\/uploads\/2023\/12\/Podte_dalej12_DATALAB-600x400.png\" alt=\"\" width=\"600\" height=\"400\" srcset=\"https:\/\/www.bratislavadesignweek.sk\/wp-content\/uploads\/2023\/12\/Podte_dalej12_DATALAB-600x400.png 600w, https:\/\/www.bratislavadesignweek.sk\/wp-content\/uploads\/2023\/12\/Podte_dalej12_DATALAB-300x200.png 300w, https:\/\/www.bratislavadesignweek.sk\/wp-content\/uploads\/2023\/12\/Podte_dalej12_DATALAB-1024x683.png 1024w, https:\/\/www.bratislavadesignweek.sk\/wp-content\/uploads\/2023\/12\/Podte_dalej12_DATALAB-768x512.png 768w, https:\/\/www.bratislavadesignweek.sk\/wp-content\/uploads\/2023\/12\/Podte_dalej12_DATALAB-1536x1024.png 1536w, https:\/\/www.bratislavadesignweek.sk\/wp-content\/uploads\/2023\/12\/Podte_dalej12_DATALAB-2048x1365.png 2048w, https:\/\/www.bratislavadesignweek.sk\/wp-content\/uploads\/2023\/12\/Podte_dalej12_DATALAB-200x133.png 200w, https:\/\/www.bratislavadesignweek.sk\/wp-content\/uploads\/2023\/12\/Podte_dalej12_DATALAB-400x267.png 400w, https:\/\/www.bratislavadesignweek.sk\/wp-content\/uploads\/2023\/12\/Podte_dalej12_DATALAB-800x533.png 800w, https:\/\/www.bratislavadesignweek.sk\/wp-content\/uploads\/2023\/12\/Podte_dalej12_DATALAB-1200x800.png 1200w\" sizes=\"(max-width: 600px) 100vw, 600px\" \/> <img loading=\"lazy\" decoding=\"async\" class=\"aligncenter wp-image-13113 size-fusion-600\" src=\"http:\/\/www.bratislavadesignweek.sk\/wp-content\/uploads\/2023\/12\/Podte_dalej14_DATALAB-600x400.jpg\" alt=\"\" width=\"600\" height=\"400\" srcset=\"https:\/\/www.bratislavadesignweek.sk\/wp-content\/uploads\/2023\/12\/Podte_dalej14_DATALAB-600x400.jpg 600w, https:\/\/www.bratislavadesignweek.sk\/wp-content\/uploads\/2023\/12\/Podte_dalej14_DATALAB-300x200.jpg 300w, https:\/\/www.bratislavadesignweek.sk\/wp-content\/uploads\/2023\/12\/Podte_dalej14_DATALAB-1024x683.jpg 1024w, https:\/\/www.bratislavadesignweek.sk\/wp-content\/uploads\/2023\/12\/Podte_dalej14_DATALAB-768x512.jpg 768w, https:\/\/www.bratislavadesignweek.sk\/wp-content\/uploads\/2023\/12\/Podte_dalej14_DATALAB-1536x1024.jpg 1536w, https:\/\/www.bratislavadesignweek.sk\/wp-content\/uploads\/2023\/12\/Podte_dalej14_DATALAB-2048x1365.jpg 2048w, https:\/\/www.bratislavadesignweek.sk\/wp-content\/uploads\/2023\/12\/Podte_dalej14_DATALAB-200x133.jpg 200w, https:\/\/www.bratislavadesignweek.sk\/wp-content\/uploads\/2023\/12\/Podte_dalej14_DATALAB-400x267.jpg 400w, https:\/\/www.bratislavadesignweek.sk\/wp-content\/uploads\/2023\/12\/Podte_dalej14_DATALAB-800x533.jpg 800w, https:\/\/www.bratislavadesignweek.sk\/wp-content\/uploads\/2023\/12\/Podte_dalej14_DATALAB-1200x800.jpg 1200w\" sizes=\"(max-width: 600px) 100vw, 600px\" \/> <img loading=\"lazy\" decoding=\"async\" class=\"aligncenter wp-image-13114 size-fusion-600\" src=\"http:\/\/www.bratislavadesignweek.sk\/wp-content\/uploads\/2023\/12\/Podte_dalej16_DATALAB-600x338.jpg\" alt=\"\" width=\"600\" height=\"338\" srcset=\"https:\/\/www.bratislavadesignweek.sk\/wp-content\/uploads\/2023\/12\/Podte_dalej16_DATALAB-600x338.jpg 600w, https:\/\/www.bratislavadesignweek.sk\/wp-content\/uploads\/2023\/12\/Podte_dalej16_DATALAB-300x169.jpg 300w, https:\/\/www.bratislavadesignweek.sk\/wp-content\/uploads\/2023\/12\/Podte_dalej16_DATALAB-1024x576.jpg 1024w, https:\/\/www.bratislavadesignweek.sk\/wp-content\/uploads\/2023\/12\/Podte_dalej16_DATALAB-768x432.jpg 768w, https:\/\/www.bratislavadesignweek.sk\/wp-content\/uploads\/2023\/12\/Podte_dalej16_DATALAB-1536x864.jpg 1536w, https:\/\/www.bratislavadesignweek.sk\/wp-content\/uploads\/2023\/12\/Podte_dalej16_DATALAB-2048x1152.jpg 2048w, https:\/\/www.bratislavadesignweek.sk\/wp-content\/uploads\/2023\/12\/Podte_dalej16_DATALAB-200x113.jpg 200w, https:\/\/www.bratislavadesignweek.sk\/wp-content\/uploads\/2023\/12\/Podte_dalej16_DATALAB-400x225.jpg 400w, https:\/\/www.bratislavadesignweek.sk\/wp-content\/uploads\/2023\/12\/Podte_dalej16_DATALAB-800x450.jpg 800w, https:\/\/www.bratislavadesignweek.sk\/wp-content\/uploads\/2023\/12\/Podte_dalej16_DATALAB-1200x675.jpg 1200w\" sizes=\"(max-width: 600px) 100vw, 600px\" \/><\/p>","protected":false},"excerpt":{"rendered":"<p>In\u0161tal\u00e1cia Po\u010fte \u010falej! predstavuje na\u0161u ideu ob\u00fdva\u010dky bud\u00facnosti, ktor\u00e1 poz\u00fdva n\u00e1v\u0161tevn\u00edkov na odv\u00e1\u017ene vst\u00fapenie. In\u0161tal\u00e1cia prezentuje viacero \u0161tudentsk\u00fdch projektov z akademick\u00e9ho roka 2022\/23. Ide o \u0161tyri objekty na rozhran\u00ed fyzick\u00e9ho a virtu\u00e1lneho sveta, vytvoren\u00e9 v r\u00e1mci semestr\u00e1lnej t\u00e9my &#8222;Objektil&#8220; a premietanie troch projektov, ktor\u00e9 virtu\u00e1lnou realitou roz\u0161iruj\u00fa diela Laca Terena, v semestr\u00e1lnej t\u00e9me &#8222;Virtu\u00e1lna gal\u00e9ria&#8220;. [&hellip;]<\/p>","protected":false},"author":2,"featured_media":13106,"comment_status":"closed","ping_status":"closed","sticky":false,"template":"","format":"standard","meta":{"footnotes":""},"categories":[885],"tags":[],"_links":{"self":[{"href":"https:\/\/www.bratislavadesignweek.sk\/en\/wp-json\/wp\/v2\/posts\/13105"}],"collection":[{"href":"https:\/\/www.bratislavadesignweek.sk\/en\/wp-json\/wp\/v2\/posts"}],"about":[{"href":"https:\/\/www.bratislavadesignweek.sk\/en\/wp-json\/wp\/v2\/types\/post"}],"author":[{"embeddable":true,"href":"https:\/\/www.bratislavadesignweek.sk\/en\/wp-json\/wp\/v2\/users\/2"}],"replies":[{"embeddable":true,"href":"https:\/\/www.bratislavadesignweek.sk\/en\/wp-json\/wp\/v2\/comments?post=13105"}],"version-history":[{"count":3,"href":"https:\/\/www.bratislavadesignweek.sk\/en\/wp-json\/wp\/v2\/posts\/13105\/revisions"}],"predecessor-version":[{"id":14277,"href":"https:\/\/www.bratislavadesignweek.sk\/en\/wp-json\/wp\/v2\/posts\/13105\/revisions\/14277"}],"wp:featuredmedia":[{"embeddable":true,"href":"https:\/\/www.bratislavadesignweek.sk\/en\/wp-json\/wp\/v2\/media\/13106"}],"wp:attachment":[{"href":"https:\/\/www.bratislavadesignweek.sk\/en\/wp-json\/wp\/v2\/media?parent=13105"}],"wp:term":[{"taxonomy":"category","embeddable":true,"href":"https:\/\/www.bratislavadesignweek.sk\/en\/wp-json\/wp\/v2\/categories?post=13105"},{"taxonomy":"post_tag","embeddable":true,"href":"https:\/\/www.bratislavadesignweek.sk\/en\/wp-json\/wp\/v2\/tags?post=13105"}],"curies":[{"name":"wp","href":"https:\/\/api.w.org\/{rel}","templated":true}]}}