{"id":13117,"date":"2023-12-03T23:11:56","date_gmt":"2023-12-03T22:11:56","guid":{"rendered":"https:\/\/www.bratislavadesignweek.sk\/?p=13117"},"modified":"2023-12-03T23:11:56","modified_gmt":"2023-12-03T22:11:56","slug":"marko-horban-posed","status":"publish","type":"post","link":"https:\/\/www.bratislavadesignweek.sk\/en\/marko-horban-posed\/","title":{"rendered":"MARKO HORBAN \/ POSED"},"content":{"rendered":"<p><img fetchpriority=\"high\" decoding=\"async\" class=\"aligncenter wp-image-13118 size-fusion-400\" src=\"http:\/\/www.bratislavadesignweek.sk\/wp-content\/uploads\/2023\/12\/BADW23_opencall-10-400x400.png\" alt=\"\" width=\"400\" height=\"400\" srcset=\"https:\/\/www.bratislavadesignweek.sk\/wp-content\/uploads\/2023\/12\/BADW23_opencall-10-400x400.png 400w, https:\/\/www.bratislavadesignweek.sk\/wp-content\/uploads\/2023\/12\/BADW23_opencall-10-300x300.png 300w, https:\/\/www.bratislavadesignweek.sk\/wp-content\/uploads\/2023\/12\/BADW23_opencall-10-1024x1024.png 1024w, https:\/\/www.bratislavadesignweek.sk\/wp-content\/uploads\/2023\/12\/BADW23_opencall-10-150x150.png 150w, https:\/\/www.bratislavadesignweek.sk\/wp-content\/uploads\/2023\/12\/BADW23_opencall-10-768x768.png 768w, https:\/\/www.bratislavadesignweek.sk\/wp-content\/uploads\/2023\/12\/BADW23_opencall-10-66x66.png 66w, https:\/\/www.bratislavadesignweek.sk\/wp-content\/uploads\/2023\/12\/BADW23_opencall-10-200x200.png 200w, https:\/\/www.bratislavadesignweek.sk\/wp-content\/uploads\/2023\/12\/BADW23_opencall-10-600x600.png 600w, https:\/\/www.bratislavadesignweek.sk\/wp-content\/uploads\/2023\/12\/BADW23_opencall-10-800x800.png 800w, https:\/\/www.bratislavadesignweek.sk\/wp-content\/uploads\/2023\/12\/BADW23_opencall-10.png 1081w\" sizes=\"(max-width: 400px) 100vw, 400px\" \/><\/p>\n<p>&nbsp;<\/p>\n<p>Ateli\u00e9r VERK_lab prin\u00e1\u0161a pokra\u010dovanie bet\u00f3noveho laborovania, aktu\u00e1lne zameran\u00e9 na kr\u00e1tky a od\u013eah\u010den\u00fd posed. Objektom v\u00fdvoja sa stala jednoduch\u00e1 taburetka, resp. valcovit\u00fd tvar na ktor\u00fd odkazuje. Prim\u00e1rnou v\u00fdzvou bolo odlia\u0165 tento tvar do odnesite\u013enej v\u00e1hy, \u010do je pri bet\u00f3novych objektoch problematick\u00e9. Sekund\u00e1rnym cie\u013eom je t\u00fato formu vyu\u017ei\u0165 na h\u013eadanie in\u00fdch funk\u010dn\u00fdch a v\u00fdznamov\u00fdch odkazov. Odvaha v tomto pr\u00edpade vyznieva ako slovn\u00e1 hra\u010dka, preto\u017ee odv\u00e1\u017ei\u0165 sa taburetku odv\u00e1\u017ei\u0165 si vy\u017eaduje viac fyzickej sily ako ment\u00e1lnej v\u00f4le. Odv\u00e1hou m\u00f4\u017ee by\u0165 aj absencia predpokladanej hmotnosti objektu a nie prekonanie strachu z posadenia.<\/p>\n<p>&nbsp;<\/p>\n<p><img decoding=\"async\" class=\"aligncenter size-full wp-image-13119\" src=\"http:\/\/www.bratislavadesignweek.sk\/wp-content\/uploads\/2023\/12\/POSED01_MARKO_HORBAN-scaled.jpg\" alt=\"\" width=\"2560\" height=\"1810\" srcset=\"https:\/\/www.bratislavadesignweek.sk\/wp-content\/uploads\/2023\/12\/POSED01_MARKO_HORBAN-scaled.jpg 2560w, https:\/\/www.bratislavadesignweek.sk\/wp-content\/uploads\/2023\/12\/POSED01_MARKO_HORBAN-300x212.jpg 300w, https:\/\/www.bratislavadesignweek.sk\/wp-content\/uploads\/2023\/12\/POSED01_MARKO_HORBAN-1024x724.jpg 1024w, https:\/\/www.bratislavadesignweek.sk\/wp-content\/uploads\/2023\/12\/POSED01_MARKO_HORBAN-768x543.jpg 768w, https:\/\/www.bratislavadesignweek.sk\/wp-content\/uploads\/2023\/12\/POSED01_MARKO_HORBAN-1536x1086.jpg 1536w, https:\/\/www.bratislavadesignweek.sk\/wp-content\/uploads\/2023\/12\/POSED01_MARKO_HORBAN-2048x1448.jpg 2048w, https:\/\/www.bratislavadesignweek.sk\/wp-content\/uploads\/2023\/12\/POSED01_MARKO_HORBAN-200x141.jpg 200w, https:\/\/www.bratislavadesignweek.sk\/wp-content\/uploads\/2023\/12\/POSED01_MARKO_HORBAN-400x283.jpg 400w, https:\/\/www.bratislavadesignweek.sk\/wp-content\/uploads\/2023\/12\/POSED01_MARKO_HORBAN-600x424.jpg 600w, https:\/\/www.bratislavadesignweek.sk\/wp-content\/uploads\/2023\/12\/POSED01_MARKO_HORBAN-800x566.jpg 800w, https:\/\/www.bratislavadesignweek.sk\/wp-content\/uploads\/2023\/12\/POSED01_MARKO_HORBAN-1200x848.jpg 1200w\" sizes=\"(max-width: 2560px) 100vw, 2560px\" \/> <img decoding=\"async\" class=\"aligncenter size-full wp-image-13120\" src=\"http:\/\/www.bratislavadesignweek.sk\/wp-content\/uploads\/2023\/12\/POSED02_MARKO_HORBAN-scaled.jpg\" alt=\"\" width=\"2560\" height=\"1810\" srcset=\"https:\/\/www.bratislavadesignweek.sk\/wp-content\/uploads\/2023\/12\/POSED02_MARKO_HORBAN-scaled.jpg 2560w, https:\/\/www.bratislavadesignweek.sk\/wp-content\/uploads\/2023\/12\/POSED02_MARKO_HORBAN-300x212.jpg 300w, https:\/\/www.bratislavadesignweek.sk\/wp-content\/uploads\/2023\/12\/POSED02_MARKO_HORBAN-1024x724.jpg 1024w, https:\/\/www.bratislavadesignweek.sk\/wp-content\/uploads\/2023\/12\/POSED02_MARKO_HORBAN-768x543.jpg 768w, https:\/\/www.bratislavadesignweek.sk\/wp-content\/uploads\/2023\/12\/POSED02_MARKO_HORBAN-1536x1086.jpg 1536w, https:\/\/www.bratislavadesignweek.sk\/wp-content\/uploads\/2023\/12\/POSED02_MARKO_HORBAN-2048x1448.jpg 2048w, https:\/\/www.bratislavadesignweek.sk\/wp-content\/uploads\/2023\/12\/POSED02_MARKO_HORBAN-200x141.jpg 200w, https:\/\/www.bratislavadesignweek.sk\/wp-content\/uploads\/2023\/12\/POSED02_MARKO_HORBAN-400x283.jpg 400w, https:\/\/www.bratislavadesignweek.sk\/wp-content\/uploads\/2023\/12\/POSED02_MARKO_HORBAN-600x424.jpg 600w, https:\/\/www.bratislavadesignweek.sk\/wp-content\/uploads\/2023\/12\/POSED02_MARKO_HORBAN-800x566.jpg 800w, https:\/\/www.bratislavadesignweek.sk\/wp-content\/uploads\/2023\/12\/POSED02_MARKO_HORBAN-1200x848.jpg 1200w\" sizes=\"(max-width: 2560px) 100vw, 2560px\" \/> <img loading=\"lazy\" decoding=\"async\" class=\"aligncenter size-full wp-image-13121\" src=\"http:\/\/www.bratislavadesignweek.sk\/wp-content\/uploads\/2023\/12\/POSED04_MARKO_HORBAN-scaled.jpg\" alt=\"\" width=\"2560\" height=\"1810\" srcset=\"https:\/\/www.bratislavadesignweek.sk\/wp-content\/uploads\/2023\/12\/POSED04_MARKO_HORBAN-scaled.jpg 2560w, https:\/\/www.bratislavadesignweek.sk\/wp-content\/uploads\/2023\/12\/POSED04_MARKO_HORBAN-300x212.jpg 300w, https:\/\/www.bratislavadesignweek.sk\/wp-content\/uploads\/2023\/12\/POSED04_MARKO_HORBAN-1024x724.jpg 1024w, https:\/\/www.bratislavadesignweek.sk\/wp-content\/uploads\/2023\/12\/POSED04_MARKO_HORBAN-768x543.jpg 768w, https:\/\/www.bratislavadesignweek.sk\/wp-content\/uploads\/2023\/12\/POSED04_MARKO_HORBAN-1536x1086.jpg 1536w, https:\/\/www.bratislavadesignweek.sk\/wp-content\/uploads\/2023\/12\/POSED04_MARKO_HORBAN-2048x1448.jpg 2048w, https:\/\/www.bratislavadesignweek.sk\/wp-content\/uploads\/2023\/12\/POSED04_MARKO_HORBAN-200x141.jpg 200w, https:\/\/www.bratislavadesignweek.sk\/wp-content\/uploads\/2023\/12\/POSED04_MARKO_HORBAN-400x283.jpg 400w, https:\/\/www.bratislavadesignweek.sk\/wp-content\/uploads\/2023\/12\/POSED04_MARKO_HORBAN-600x424.jpg 600w, https:\/\/www.bratislavadesignweek.sk\/wp-content\/uploads\/2023\/12\/POSED04_MARKO_HORBAN-800x566.jpg 800w, https:\/\/www.bratislavadesignweek.sk\/wp-content\/uploads\/2023\/12\/POSED04_MARKO_HORBAN-1200x848.jpg 1200w\" sizes=\"(max-width: 2560px) 100vw, 2560px\" \/> <img loading=\"lazy\" decoding=\"async\" class=\"aligncenter size-full wp-image-13122\" src=\"http:\/\/www.bratislavadesignweek.sk\/wp-content\/uploads\/2023\/12\/POSED05_MARKO_HORBAN-scaled.jpg\" alt=\"\" width=\"2560\" height=\"1810\" srcset=\"https:\/\/www.bratislavadesignweek.sk\/wp-content\/uploads\/2023\/12\/POSED05_MARKO_HORBAN-scaled.jpg 2560w, https:\/\/www.bratislavadesignweek.sk\/wp-content\/uploads\/2023\/12\/POSED05_MARKO_HORBAN-300x212.jpg 300w, https:\/\/www.bratislavadesignweek.sk\/wp-content\/uploads\/2023\/12\/POSED05_MARKO_HORBAN-1024x724.jpg 1024w, https:\/\/www.bratislavadesignweek.sk\/wp-content\/uploads\/2023\/12\/POSED05_MARKO_HORBAN-768x543.jpg 768w, https:\/\/www.bratislavadesignweek.sk\/wp-content\/uploads\/2023\/12\/POSED05_MARKO_HORBAN-1536x1086.jpg 1536w, https:\/\/www.bratislavadesignweek.sk\/wp-content\/uploads\/2023\/12\/POSED05_MARKO_HORBAN-2048x1448.jpg 2048w, https:\/\/www.bratislavadesignweek.sk\/wp-content\/uploads\/2023\/12\/POSED05_MARKO_HORBAN-200x141.jpg 200w, https:\/\/www.bratislavadesignweek.sk\/wp-content\/uploads\/2023\/12\/POSED05_MARKO_HORBAN-400x283.jpg 400w, https:\/\/www.bratislavadesignweek.sk\/wp-content\/uploads\/2023\/12\/POSED05_MARKO_HORBAN-600x424.jpg 600w, https:\/\/www.bratislavadesignweek.sk\/wp-content\/uploads\/2023\/12\/POSED05_MARKO_HORBAN-800x566.jpg 800w, https:\/\/www.bratislavadesignweek.sk\/wp-content\/uploads\/2023\/12\/POSED05_MARKO_HORBAN-1200x848.jpg 1200w\" sizes=\"(max-width: 2560px) 100vw, 2560px\" \/><\/p>","protected":false},"excerpt":{"rendered":"<p>&nbsp; Ateli\u00e9r VERK_lab prin\u00e1\u0161a pokra\u010dovanie bet\u00f3noveho laborovania, aktu\u00e1lne zameran\u00e9 na kr\u00e1tky a od\u013eah\u010den\u00fd posed. Objektom v\u00fdvoja sa stala jednoduch\u00e1 taburetka, resp. valcovit\u00fd tvar na ktor\u00fd odkazuje. Prim\u00e1rnou v\u00fdzvou bolo odlia\u0165 tento tvar do odnesite\u013enej v\u00e1hy, \u010do je pri bet\u00f3novych objektoch problematick\u00e9. Sekund\u00e1rnym cie\u013eom je t\u00fato formu vyu\u017ei\u0165 na h\u013eadanie in\u00fdch funk\u010dn\u00fdch a v\u00fdznamov\u00fdch odkazov. Odvaha [&hellip;]<\/p>","protected":false},"author":2,"featured_media":13118,"comment_status":"closed","ping_status":"closed","sticky":false,"template":"","format":"standard","meta":{"footnotes":""},"categories":[885],"tags":[],"_links":{"self":[{"href":"https:\/\/www.bratislavadesignweek.sk\/en\/wp-json\/wp\/v2\/posts\/13117"}],"collection":[{"href":"https:\/\/www.bratislavadesignweek.sk\/en\/wp-json\/wp\/v2\/posts"}],"about":[{"href":"https:\/\/www.bratislavadesignweek.sk\/en\/wp-json\/wp\/v2\/types\/post"}],"author":[{"embeddable":true,"href":"https:\/\/www.bratislavadesignweek.sk\/en\/wp-json\/wp\/v2\/users\/2"}],"replies":[{"embeddable":true,"href":"https:\/\/www.bratislavadesignweek.sk\/en\/wp-json\/wp\/v2\/comments?post=13117"}],"version-history":[{"count":1,"href":"https:\/\/www.bratislavadesignweek.sk\/en\/wp-json\/wp\/v2\/posts\/13117\/revisions"}],"predecessor-version":[{"id":13123,"href":"https:\/\/www.bratislavadesignweek.sk\/en\/wp-json\/wp\/v2\/posts\/13117\/revisions\/13123"}],"wp:featuredmedia":[{"embeddable":true,"href":"https:\/\/www.bratislavadesignweek.sk\/en\/wp-json\/wp\/v2\/media\/13118"}],"wp:attachment":[{"href":"https:\/\/www.bratislavadesignweek.sk\/en\/wp-json\/wp\/v2\/media?parent=13117"}],"wp:term":[{"taxonomy":"category","embeddable":true,"href":"https:\/\/www.bratislavadesignweek.sk\/en\/wp-json\/wp\/v2\/categories?post=13117"},{"taxonomy":"post_tag","embeddable":true,"href":"https:\/\/www.bratislavadesignweek.sk\/en\/wp-json\/wp\/v2\/tags?post=13117"}],"curies":[{"name":"wp","href":"https:\/\/api.w.org\/{rel}","templated":true}]}}