{"id":13124,"date":"2023-12-03T23:15:01","date_gmt":"2023-12-03T22:15:01","guid":{"rendered":"https:\/\/www.bratislavadesignweek.sk\/?p=13124"},"modified":"2023-12-03T23:15:01","modified_gmt":"2023-12-03T22:15:01","slug":"juraj-olejar-softshell","status":"publish","type":"post","link":"https:\/\/www.bratislavadesignweek.sk\/en\/juraj-olejar-softshell\/","title":{"rendered":"JURAJ OLEJ\u00c1R \/ SOFTSHELL"},"content":{"rendered":"<p><img fetchpriority=\"high\" decoding=\"async\" class=\"aligncenter wp-image-13125 size-fusion-400\" src=\"http:\/\/www.bratislavadesignweek.sk\/wp-content\/uploads\/2023\/12\/BADW23_opencall-09-400x400.png\" alt=\"\" width=\"400\" height=\"400\" srcset=\"https:\/\/www.bratislavadesignweek.sk\/wp-content\/uploads\/2023\/12\/BADW23_opencall-09-400x400.png 400w, https:\/\/www.bratislavadesignweek.sk\/wp-content\/uploads\/2023\/12\/BADW23_opencall-09-300x300.png 300w, https:\/\/www.bratislavadesignweek.sk\/wp-content\/uploads\/2023\/12\/BADW23_opencall-09-1024x1024.png 1024w, https:\/\/www.bratislavadesignweek.sk\/wp-content\/uploads\/2023\/12\/BADW23_opencall-09-150x150.png 150w, https:\/\/www.bratislavadesignweek.sk\/wp-content\/uploads\/2023\/12\/BADW23_opencall-09-768x768.png 768w, https:\/\/www.bratislavadesignweek.sk\/wp-content\/uploads\/2023\/12\/BADW23_opencall-09-66x66.png 66w, https:\/\/www.bratislavadesignweek.sk\/wp-content\/uploads\/2023\/12\/BADW23_opencall-09-200x200.png 200w, https:\/\/www.bratislavadesignweek.sk\/wp-content\/uploads\/2023\/12\/BADW23_opencall-09-600x600.png 600w, https:\/\/www.bratislavadesignweek.sk\/wp-content\/uploads\/2023\/12\/BADW23_opencall-09-800x800.png 800w, https:\/\/www.bratislavadesignweek.sk\/wp-content\/uploads\/2023\/12\/BADW23_opencall-09.png 1081w\" sizes=\"(max-width: 400px) 100vw, 400px\" \/><\/p>\n<p>&nbsp;<\/p>\n<p>Pr\u00e1ca softshell sa zaober\u00e1 v\u00fdskumom a praktickou aplik\u00e1ciou peniaceho hlin\u00edku, materi\u00e1lu vyv\u00edjan\u00e9ho Slovenskou akad\u00e9miou vied do dizajn\u00e9rskej praxe. Sklad\u00e1 sa z prvotn\u00fdch sk\u00fa\u0161ok a v\u00fdvinu mo\u017en\u00fdch autorsk\u00fdch techn\u00edk sp\u00e1jania materi\u00e1lu za pomoci jeho penenia, n\u00e1sledne konkr\u00e9tnou aplik\u00e1ciou t\u00fdchto postupov do foriem interi\u00e9rov\u00e9ho, alebo doplnkov\u00e9ho dizajnu. S ich vyu\u017eit\u00edm vznikla s\u00e9ria stoli\u010diek a r\u00f4znych typov \u0161perkov, bro\u0161n\u00ed a prste\u0148ov. Za \u00fa\u010delom zachovania autonomity dizajn\u00e9ra a v snahe o \u010do najhlb\u0161ie porozumenie materi\u00e1lu, a pr\u00e1ce s n\u00edm sa v projekte vyh\u00fdbam ak\u00fdmko\u013evek extern\u00fdm technol\u00f3gi\u00e1m a procesom. V\u0161etky objekty vznikali s vyu\u017eit\u00edm ru\u010dn\u00e9ho hor\u00e1ku, alebo in\u00fdch ru\u010dn\u00fdch n\u00e1strojov. Testy a sk\u00fa\u0161ky, ako aj v\u00fdsledn\u00e9 objekty s\u00fa jej rovnocenn\u00fdmi s\u00fa\u010das\u0165ami. Experiment\u00e1cia s nov\u00fdmi technikami a materi\u00e1lmi a ich aplik\u00e1cia je pre m\u0148a jedna z najd\u00f4le\u017eitej\u0161\u00edch a najzauj\u00edmavej\u0161\u00edch \u00faloh dizajn\u00e9ra. Odvaha sk\u00fama\u0165 nov\u00e9 mo\u017enosti, sa mi rovnako ako vizu\u00e1l diela sp\u00e1ja s Va\u0161ou tohtoro\u010dnou t\u00e9mou, preto by som dielo r\u00e1d prihl\u00e1sil do Open Call-u.<\/p>\n<p>&nbsp;<\/p>\n<p><img decoding=\"async\" class=\"aligncenter wp-image-13126 size-fusion-600\" src=\"http:\/\/www.bratislavadesignweek.sk\/wp-content\/uploads\/2023\/12\/SOFTSHELL1_JURAJ_OLEJAR-600x401.jpg\" alt=\"\" width=\"600\" height=\"401\" srcset=\"https:\/\/www.bratislavadesignweek.sk\/wp-content\/uploads\/2023\/12\/SOFTSHELL1_JURAJ_OLEJAR-600x401.jpg 600w, https:\/\/www.bratislavadesignweek.sk\/wp-content\/uploads\/2023\/12\/SOFTSHELL1_JURAJ_OLEJAR-300x200.jpg 300w, https:\/\/www.bratislavadesignweek.sk\/wp-content\/uploads\/2023\/12\/SOFTSHELL1_JURAJ_OLEJAR-1024x684.jpg 1024w, https:\/\/www.bratislavadesignweek.sk\/wp-content\/uploads\/2023\/12\/SOFTSHELL1_JURAJ_OLEJAR-768x513.jpg 768w, https:\/\/www.bratislavadesignweek.sk\/wp-content\/uploads\/2023\/12\/SOFTSHELL1_JURAJ_OLEJAR-1536x1025.jpg 1536w, https:\/\/www.bratislavadesignweek.sk\/wp-content\/uploads\/2023\/12\/SOFTSHELL1_JURAJ_OLEJAR-2048x1367.jpg 2048w, https:\/\/www.bratislavadesignweek.sk\/wp-content\/uploads\/2023\/12\/SOFTSHELL1_JURAJ_OLEJAR-200x134.jpg 200w, https:\/\/www.bratislavadesignweek.sk\/wp-content\/uploads\/2023\/12\/SOFTSHELL1_JURAJ_OLEJAR-400x267.jpg 400w, https:\/\/www.bratislavadesignweek.sk\/wp-content\/uploads\/2023\/12\/SOFTSHELL1_JURAJ_OLEJAR-800x534.jpg 800w, https:\/\/www.bratislavadesignweek.sk\/wp-content\/uploads\/2023\/12\/SOFTSHELL1_JURAJ_OLEJAR-1200x801.jpg 1200w\" sizes=\"(max-width: 600px) 100vw, 600px\" \/> <img decoding=\"async\" class=\"aligncenter wp-image-13127 size-fusion-600\" src=\"http:\/\/www.bratislavadesignweek.sk\/wp-content\/uploads\/2023\/12\/SOFTSHELL3_JURAJ_OLEJAR.jpg-600x401.jpg\" alt=\"\" width=\"600\" height=\"401\" srcset=\"https:\/\/www.bratislavadesignweek.sk\/wp-content\/uploads\/2023\/12\/SOFTSHELL3_JURAJ_OLEJAR.jpg-600x401.jpg 600w, https:\/\/www.bratislavadesignweek.sk\/wp-content\/uploads\/2023\/12\/SOFTSHELL3_JURAJ_OLEJAR.jpg-300x200.jpg 300w, https:\/\/www.bratislavadesignweek.sk\/wp-content\/uploads\/2023\/12\/SOFTSHELL3_JURAJ_OLEJAR.jpg-1024x684.jpg 1024w, https:\/\/www.bratislavadesignweek.sk\/wp-content\/uploads\/2023\/12\/SOFTSHELL3_JURAJ_OLEJAR.jpg-768x513.jpg 768w, https:\/\/www.bratislavadesignweek.sk\/wp-content\/uploads\/2023\/12\/SOFTSHELL3_JURAJ_OLEJAR.jpg-1536x1025.jpg 1536w, https:\/\/www.bratislavadesignweek.sk\/wp-content\/uploads\/2023\/12\/SOFTSHELL3_JURAJ_OLEJAR.jpg-2048x1367.jpg 2048w, https:\/\/www.bratislavadesignweek.sk\/wp-content\/uploads\/2023\/12\/SOFTSHELL3_JURAJ_OLEJAR.jpg-200x134.jpg 200w, https:\/\/www.bratislavadesignweek.sk\/wp-content\/uploads\/2023\/12\/SOFTSHELL3_JURAJ_OLEJAR.jpg-400x267.jpg 400w, https:\/\/www.bratislavadesignweek.sk\/wp-content\/uploads\/2023\/12\/SOFTSHELL3_JURAJ_OLEJAR.jpg-800x534.jpg 800w, https:\/\/www.bratislavadesignweek.sk\/wp-content\/uploads\/2023\/12\/SOFTSHELL3_JURAJ_OLEJAR.jpg-1200x801.jpg 1200w\" sizes=\"(max-width: 600px) 100vw, 600px\" \/> <img loading=\"lazy\" decoding=\"async\" class=\"aligncenter wp-image-13128 size-fusion-600\" src=\"http:\/\/www.bratislavadesignweek.sk\/wp-content\/uploads\/2023\/12\/SOFTSHELL5_JURAJ_OLEJAR.jpg-600x401.jpg\" alt=\"\" width=\"600\" height=\"401\" srcset=\"https:\/\/www.bratislavadesignweek.sk\/wp-content\/uploads\/2023\/12\/SOFTSHELL5_JURAJ_OLEJAR.jpg-600x401.jpg 600w, https:\/\/www.bratislavadesignweek.sk\/wp-content\/uploads\/2023\/12\/SOFTSHELL5_JURAJ_OLEJAR.jpg-300x200.jpg 300w, https:\/\/www.bratislavadesignweek.sk\/wp-content\/uploads\/2023\/12\/SOFTSHELL5_JURAJ_OLEJAR.jpg-1024x684.jpg 1024w, https:\/\/www.bratislavadesignweek.sk\/wp-content\/uploads\/2023\/12\/SOFTSHELL5_JURAJ_OLEJAR.jpg-768x513.jpg 768w, https:\/\/www.bratislavadesignweek.sk\/wp-content\/uploads\/2023\/12\/SOFTSHELL5_JURAJ_OLEJAR.jpg-1536x1025.jpg 1536w, https:\/\/www.bratislavadesignweek.sk\/wp-content\/uploads\/2023\/12\/SOFTSHELL5_JURAJ_OLEJAR.jpg-2048x1367.jpg 2048w, https:\/\/www.bratislavadesignweek.sk\/wp-content\/uploads\/2023\/12\/SOFTSHELL5_JURAJ_OLEJAR.jpg-200x134.jpg 200w, https:\/\/www.bratislavadesignweek.sk\/wp-content\/uploads\/2023\/12\/SOFTSHELL5_JURAJ_OLEJAR.jpg-400x267.jpg 400w, https:\/\/www.bratislavadesignweek.sk\/wp-content\/uploads\/2023\/12\/SOFTSHELL5_JURAJ_OLEJAR.jpg-800x534.jpg 800w, https:\/\/www.bratislavadesignweek.sk\/wp-content\/uploads\/2023\/12\/SOFTSHELL5_JURAJ_OLEJAR.jpg-1200x801.jpg 1200w\" sizes=\"(max-width: 600px) 100vw, 600px\" \/><\/p>","protected":false},"excerpt":{"rendered":"<p>&nbsp; Pr\u00e1ca softshell sa zaober\u00e1 v\u00fdskumom a praktickou aplik\u00e1ciou peniaceho hlin\u00edku, materi\u00e1lu vyv\u00edjan\u00e9ho Slovenskou akad\u00e9miou vied do dizajn\u00e9rskej praxe. Sklad\u00e1 sa z prvotn\u00fdch sk\u00fa\u0161ok a v\u00fdvinu mo\u017en\u00fdch autorsk\u00fdch techn\u00edk sp\u00e1jania materi\u00e1lu za pomoci jeho penenia, n\u00e1sledne konkr\u00e9tnou aplik\u00e1ciou t\u00fdchto postupov do foriem interi\u00e9rov\u00e9ho, alebo doplnkov\u00e9ho dizajnu. S ich vyu\u017eit\u00edm vznikla s\u00e9ria stoli\u010diek a r\u00f4znych typov [&hellip;]<\/p>","protected":false},"author":2,"featured_media":13125,"comment_status":"closed","ping_status":"closed","sticky":false,"template":"","format":"standard","meta":{"footnotes":""},"categories":[885],"tags":[],"_links":{"self":[{"href":"https:\/\/www.bratislavadesignweek.sk\/en\/wp-json\/wp\/v2\/posts\/13124"}],"collection":[{"href":"https:\/\/www.bratislavadesignweek.sk\/en\/wp-json\/wp\/v2\/posts"}],"about":[{"href":"https:\/\/www.bratislavadesignweek.sk\/en\/wp-json\/wp\/v2\/types\/post"}],"author":[{"embeddable":true,"href":"https:\/\/www.bratislavadesignweek.sk\/en\/wp-json\/wp\/v2\/users\/2"}],"replies":[{"embeddable":true,"href":"https:\/\/www.bratislavadesignweek.sk\/en\/wp-json\/wp\/v2\/comments?post=13124"}],"version-history":[{"count":1,"href":"https:\/\/www.bratislavadesignweek.sk\/en\/wp-json\/wp\/v2\/posts\/13124\/revisions"}],"predecessor-version":[{"id":13129,"href":"https:\/\/www.bratislavadesignweek.sk\/en\/wp-json\/wp\/v2\/posts\/13124\/revisions\/13129"}],"wp:featuredmedia":[{"embeddable":true,"href":"https:\/\/www.bratislavadesignweek.sk\/en\/wp-json\/wp\/v2\/media\/13125"}],"wp:attachment":[{"href":"https:\/\/www.bratislavadesignweek.sk\/en\/wp-json\/wp\/v2\/media?parent=13124"}],"wp:term":[{"taxonomy":"category","embeddable":true,"href":"https:\/\/www.bratislavadesignweek.sk\/en\/wp-json\/wp\/v2\/categories?post=13124"},{"taxonomy":"post_tag","embeddable":true,"href":"https:\/\/www.bratislavadesignweek.sk\/en\/wp-json\/wp\/v2\/tags?post=13124"}],"curies":[{"name":"wp","href":"https:\/\/api.w.org\/{rel}","templated":true}]}}