{"id":13130,"date":"2023-12-03T23:32:12","date_gmt":"2023-12-03T22:32:12","guid":{"rendered":"https:\/\/www.bratislavadesignweek.sk\/?p=13130"},"modified":"2023-12-03T23:32:12","modified_gmt":"2023-12-03T22:32:12","slug":"juraj-olejar-untitled","status":"publish","type":"post","link":"https:\/\/www.bratislavadesignweek.sk\/en\/juraj-olejar-untitled\/","title":{"rendered":"JURAJ OLEJ\u00c1R \/ UNTITLED"},"content":{"rendered":"<p><img fetchpriority=\"high\" decoding=\"async\" class=\"aligncenter wp-image-13125 size-fusion-400\" src=\"http:\/\/www.bratislavadesignweek.sk\/wp-content\/uploads\/2023\/12\/BADW23_opencall-09-400x400.png\" alt=\"\" width=\"400\" height=\"400\" srcset=\"https:\/\/www.bratislavadesignweek.sk\/wp-content\/uploads\/2023\/12\/BADW23_opencall-09-400x400.png 400w, https:\/\/www.bratislavadesignweek.sk\/wp-content\/uploads\/2023\/12\/BADW23_opencall-09-300x300.png 300w, https:\/\/www.bratislavadesignweek.sk\/wp-content\/uploads\/2023\/12\/BADW23_opencall-09-1024x1024.png 1024w, https:\/\/www.bratislavadesignweek.sk\/wp-content\/uploads\/2023\/12\/BADW23_opencall-09-150x150.png 150w, https:\/\/www.bratislavadesignweek.sk\/wp-content\/uploads\/2023\/12\/BADW23_opencall-09-768x768.png 768w, https:\/\/www.bratislavadesignweek.sk\/wp-content\/uploads\/2023\/12\/BADW23_opencall-09-66x66.png 66w, https:\/\/www.bratislavadesignweek.sk\/wp-content\/uploads\/2023\/12\/BADW23_opencall-09-200x200.png 200w, https:\/\/www.bratislavadesignweek.sk\/wp-content\/uploads\/2023\/12\/BADW23_opencall-09-600x600.png 600w, https:\/\/www.bratislavadesignweek.sk\/wp-content\/uploads\/2023\/12\/BADW23_opencall-09-800x800.png 800w, https:\/\/www.bratislavadesignweek.sk\/wp-content\/uploads\/2023\/12\/BADW23_opencall-09.png 1081w\" sizes=\"(max-width: 400px) 100vw, 400px\" \/><\/p>\n<p>&nbsp;<\/p>\n<p>Projekt untitled vznikol za \u00fa\u010delom vytvorenia funk\u010dn\u00fdch a jednoduch\u00fdch 3D tla\u010den\u00fdch spojok pre zv\u00e1ra\u010dsk\u00e9 dr\u00f4ty. Vzniknut\u00e1 sklada\u010dka je flexibiln\u00e1, jednoducho kombinovate\u013en\u00e1 a s v\u00fdraznou vizualitou. Jej p\u00f4vodn\u00fdm z\u00e1merom bolo vytvori\u0165 origin\u00e1lne r\u00e1my pre maliarske pl\u00e1tna, esteticky dop\u013a\u0148aj\u00face samotn\u00e9 ma\u013eby, nesk\u00f4r som cel\u00fa sklada\u010dku posunul do formy stoli\u010dky. Kombin\u00e1cia r\u00f4znych ve\u013ekost\u00ed spojok dod\u00e1va dr\u00f4tom zvlnen\u00fd tvar, kontrastn\u00fd k jednoduchej, \u00fa\u010delnej geometrii ostatn\u00fdch elementov, ktor\u00fd e\u0161te zv\u00fdraz\u0148ujem kompoz\u00edciou pl\u00e1tien in\u0161pirovan\u00fdch grafity a punkom. Dielo sa sklad\u00e1 z dvoch r\u00e1mov s obrazmi a stoli\u010dky. M\u00e9dium: 3D tla\u010d, zv\u00e1ra\u010dsk\u00fd dr\u00f4t, maliarske pl\u00e1tno<\/p>\n<p>&nbsp;<\/p>\n<p><img decoding=\"async\" class=\"aligncenter wp-image-13131 size-fusion-600\" src=\"http:\/\/www.bratislavadesignweek.sk\/wp-content\/uploads\/2023\/12\/untitled1_JURAJ_OLEJAR-600x800.jpg\" alt=\"\" width=\"600\" height=\"800\" srcset=\"https:\/\/www.bratislavadesignweek.sk\/wp-content\/uploads\/2023\/12\/untitled1_JURAJ_OLEJAR-600x800.jpg 600w, https:\/\/www.bratislavadesignweek.sk\/wp-content\/uploads\/2023\/12\/untitled1_JURAJ_OLEJAR-225x300.jpg 225w, https:\/\/www.bratislavadesignweek.sk\/wp-content\/uploads\/2023\/12\/untitled1_JURAJ_OLEJAR-768x1024.jpg 768w, https:\/\/www.bratislavadesignweek.sk\/wp-content\/uploads\/2023\/12\/untitled1_JURAJ_OLEJAR-1152x1536.jpg 1152w, https:\/\/www.bratislavadesignweek.sk\/wp-content\/uploads\/2023\/12\/untitled1_JURAJ_OLEJAR-1536x2048.jpg 1536w, https:\/\/www.bratislavadesignweek.sk\/wp-content\/uploads\/2023\/12\/untitled1_JURAJ_OLEJAR-200x267.jpg 200w, https:\/\/www.bratislavadesignweek.sk\/wp-content\/uploads\/2023\/12\/untitled1_JURAJ_OLEJAR-400x533.jpg 400w, https:\/\/www.bratislavadesignweek.sk\/wp-content\/uploads\/2023\/12\/untitled1_JURAJ_OLEJAR-800x1067.jpg 800w, https:\/\/www.bratislavadesignweek.sk\/wp-content\/uploads\/2023\/12\/untitled1_JURAJ_OLEJAR-1200x1600.jpg 1200w, https:\/\/www.bratislavadesignweek.sk\/wp-content\/uploads\/2023\/12\/untitled1_JURAJ_OLEJAR-scaled.jpg 1920w\" sizes=\"(max-width: 600px) 100vw, 600px\" \/> <img decoding=\"async\" class=\"aligncenter wp-image-13132 size-fusion-600\" src=\"http:\/\/www.bratislavadesignweek.sk\/wp-content\/uploads\/2023\/12\/untitled4_JURAJ_OLEJAR-600x800.jpg\" alt=\"\" width=\"600\" height=\"800\" srcset=\"https:\/\/www.bratislavadesignweek.sk\/wp-content\/uploads\/2023\/12\/untitled4_JURAJ_OLEJAR-600x800.jpg 600w, https:\/\/www.bratislavadesignweek.sk\/wp-content\/uploads\/2023\/12\/untitled4_JURAJ_OLEJAR-225x300.jpg 225w, https:\/\/www.bratislavadesignweek.sk\/wp-content\/uploads\/2023\/12\/untitled4_JURAJ_OLEJAR-768x1024.jpg 768w, https:\/\/www.bratislavadesignweek.sk\/wp-content\/uploads\/2023\/12\/untitled4_JURAJ_OLEJAR-1152x1536.jpg 1152w, https:\/\/www.bratislavadesignweek.sk\/wp-content\/uploads\/2023\/12\/untitled4_JURAJ_OLEJAR-1536x2048.jpg 1536w, https:\/\/www.bratislavadesignweek.sk\/wp-content\/uploads\/2023\/12\/untitled4_JURAJ_OLEJAR-200x267.jpg 200w, https:\/\/www.bratislavadesignweek.sk\/wp-content\/uploads\/2023\/12\/untitled4_JURAJ_OLEJAR-400x533.jpg 400w, https:\/\/www.bratislavadesignweek.sk\/wp-content\/uploads\/2023\/12\/untitled4_JURAJ_OLEJAR-800x1067.jpg 800w, https:\/\/www.bratislavadesignweek.sk\/wp-content\/uploads\/2023\/12\/untitled4_JURAJ_OLEJAR-1200x1600.jpg 1200w, https:\/\/www.bratislavadesignweek.sk\/wp-content\/uploads\/2023\/12\/untitled4_JURAJ_OLEJAR-scaled.jpg 1920w\" sizes=\"(max-width: 600px) 100vw, 600px\" \/><\/p>","protected":false},"excerpt":{"rendered":"<p>&nbsp; Projekt untitled vznikol za \u00fa\u010delom vytvorenia funk\u010dn\u00fdch a jednoduch\u00fdch 3D tla\u010den\u00fdch spojok pre zv\u00e1ra\u010dsk\u00e9 dr\u00f4ty. Vzniknut\u00e1 sklada\u010dka je flexibiln\u00e1, jednoducho kombinovate\u013en\u00e1 a s v\u00fdraznou vizualitou. Jej p\u00f4vodn\u00fdm z\u00e1merom bolo vytvori\u0165 origin\u00e1lne r\u00e1my pre maliarske pl\u00e1tna, esteticky dop\u013a\u0148aj\u00face samotn\u00e9 ma\u013eby, nesk\u00f4r som cel\u00fa sklada\u010dku posunul do formy stoli\u010dky. Kombin\u00e1cia r\u00f4znych ve\u013ekost\u00ed spojok dod\u00e1va dr\u00f4tom zvlnen\u00fd [&hellip;]<\/p>","protected":false},"author":2,"featured_media":13125,"comment_status":"closed","ping_status":"closed","sticky":false,"template":"","format":"standard","meta":{"footnotes":""},"categories":[885],"tags":[],"_links":{"self":[{"href":"https:\/\/www.bratislavadesignweek.sk\/en\/wp-json\/wp\/v2\/posts\/13130"}],"collection":[{"href":"https:\/\/www.bratislavadesignweek.sk\/en\/wp-json\/wp\/v2\/posts"}],"about":[{"href":"https:\/\/www.bratislavadesignweek.sk\/en\/wp-json\/wp\/v2\/types\/post"}],"author":[{"embeddable":true,"href":"https:\/\/www.bratislavadesignweek.sk\/en\/wp-json\/wp\/v2\/users\/2"}],"replies":[{"embeddable":true,"href":"https:\/\/www.bratislavadesignweek.sk\/en\/wp-json\/wp\/v2\/comments?post=13130"}],"version-history":[{"count":1,"href":"https:\/\/www.bratislavadesignweek.sk\/en\/wp-json\/wp\/v2\/posts\/13130\/revisions"}],"predecessor-version":[{"id":13133,"href":"https:\/\/www.bratislavadesignweek.sk\/en\/wp-json\/wp\/v2\/posts\/13130\/revisions\/13133"}],"wp:featuredmedia":[{"embeddable":true,"href":"https:\/\/www.bratislavadesignweek.sk\/en\/wp-json\/wp\/v2\/media\/13125"}],"wp:attachment":[{"href":"https:\/\/www.bratislavadesignweek.sk\/en\/wp-json\/wp\/v2\/media?parent=13130"}],"wp:term":[{"taxonomy":"category","embeddable":true,"href":"https:\/\/www.bratislavadesignweek.sk\/en\/wp-json\/wp\/v2\/categories?post=13130"},{"taxonomy":"post_tag","embeddable":true,"href":"https:\/\/www.bratislavadesignweek.sk\/en\/wp-json\/wp\/v2\/tags?post=13130"}],"curies":[{"name":"wp","href":"https:\/\/api.w.org\/{rel}","templated":true}]}}