{"id":13134,"date":"2023-12-03T23:36:34","date_gmt":"2023-12-03T22:36:34","guid":{"rendered":"https:\/\/www.bratislavadesignweek.sk\/?p=13134"},"modified":"2024-09-22T19:27:42","modified_gmt":"2024-09-22T17:27:42","slug":"skola-dizajnu-ssup","status":"publish","type":"post","link":"https:\/\/www.bratislavadesignweek.sk\/en\/skola-dizajnu-ssup\/","title":{"rendered":"\u0160KOLA DIZAJNU S\u0160UP \/ ODVAHA POVEDA\u0164 NIE"},"content":{"rendered":"<p><img fetchpriority=\"high\" decoding=\"async\" class=\"aligncenter wp-image-13135 size-fusion-400\" src=\"http:\/\/www.bratislavadesignweek.sk\/wp-content\/uploads\/2023\/12\/BADW23_opencall-08-400x400.png\" alt=\"\" width=\"400\" height=\"400\" srcset=\"https:\/\/www.bratislavadesignweek.sk\/wp-content\/uploads\/2023\/12\/BADW23_opencall-08-400x400.png 400w, https:\/\/www.bratislavadesignweek.sk\/wp-content\/uploads\/2023\/12\/BADW23_opencall-08-300x300.png 300w, https:\/\/www.bratislavadesignweek.sk\/wp-content\/uploads\/2023\/12\/BADW23_opencall-08-1024x1024.png 1024w, https:\/\/www.bratislavadesignweek.sk\/wp-content\/uploads\/2023\/12\/BADW23_opencall-08-150x150.png 150w, https:\/\/www.bratislavadesignweek.sk\/wp-content\/uploads\/2023\/12\/BADW23_opencall-08-768x768.png 768w, https:\/\/www.bratislavadesignweek.sk\/wp-content\/uploads\/2023\/12\/BADW23_opencall-08-66x66.png 66w, https:\/\/www.bratislavadesignweek.sk\/wp-content\/uploads\/2023\/12\/BADW23_opencall-08-200x200.png 200w, https:\/\/www.bratislavadesignweek.sk\/wp-content\/uploads\/2023\/12\/BADW23_opencall-08-600x600.png 600w, https:\/\/www.bratislavadesignweek.sk\/wp-content\/uploads\/2023\/12\/BADW23_opencall-08-800x800.png 800w, https:\/\/www.bratislavadesignweek.sk\/wp-content\/uploads\/2023\/12\/BADW23_opencall-08.png 1081w\" sizes=\"(max-width: 400px) 100vw, 400px\" \/><\/p>\n<p>Poveda\u0165 nie, pre n\u00e1s znamen\u00e1 postavi\u0165 sa za seba a za in\u00fdch a mo\u017enos\u0165 dosta\u0165 sa zo situ\u00e1cie, v ktorej nechceme by\u0165 a je n\u00e1m, alebo in\u00fdm nepr\u00edjemn\u00e1. Vych\u00e1dzaj\u00fac z tohto kontextu pripravia \u0161tudentky a \u0161tudenti \u0160koly dizajnu participat\u00edvny objekt \u2013 in\u0161tal\u00e1ciu ur\u010den\u00fa \u0161peci\u00e1lne pre BADW. Ide 3D n\u00e1pis, samostatne stojace biele p\u00edsmen\u00e1 N I E v \u017eivotnej ve\u013ekosti \u010dloveka s in\u0161trukciou pre publikum, aby na ne anonymne \u010diernou fixou zap\u00edsali situ\u00e1cie, v ktor\u00fdch boli schopn\u00ed vyjs\u0165 z komfortnej z\u00f3ny a poveda\u0165 nie, zasta\u0165 sa seba, alebo in\u00fdch, pr\u00edpadne op\u00edsali situ\u00e1cie, v ktor\u00fdch to pova\u017eovali za potrebn\u00e9, ale nena\u0161li odvahu. Biela \u2013 \u201enevidite\u013en\u00e1\u201c plocha p\u00edsmen sa postupne zmen\u00ed na pop\u00edsan\u00fa, \u010diernu plochu a nevysloven\u00e9 NIE sa stane vysloven\u00fdm a vidite\u013en\u00fdm, \u010d\u00edm m\u00f4\u017ee svojou vizu\u00e1lnou \u00fadernos\u0165ou i samotn\u00fdmi pr\u00edbehmi publika z\u00e1rove\u0148 in\u0161pirova\u0165 a povzbudi\u0165 in\u00fdch k odvahe. Priebeh z\u00e1pisu a zvidite\u013e\u0148ovania NIE bude priebe\u017ene zaznamenan\u00fd a prezentovan\u00fd videom\/projekciou alebo fotograficky<\/p>\n<p><img decoding=\"async\" class=\"aligncenter wp-image-13136 size-full\" src=\"http:\/\/www.bratislavadesignweek.sk\/wp-content\/uploads\/2023\/12\/Odvaha_povedat_NIE_1_SKOLA_DIZAJNU.jpg\" alt=\"\" width=\"621\" height=\"474\" srcset=\"https:\/\/www.bratislavadesignweek.sk\/wp-content\/uploads\/2023\/12\/Odvaha_povedat_NIE_1_SKOLA_DIZAJNU.jpg 621w, https:\/\/www.bratislavadesignweek.sk\/wp-content\/uploads\/2023\/12\/Odvaha_povedat_NIE_1_SKOLA_DIZAJNU-300x229.jpg 300w, https:\/\/www.bratislavadesignweek.sk\/wp-content\/uploads\/2023\/12\/Odvaha_povedat_NIE_1_SKOLA_DIZAJNU-200x153.jpg 200w, https:\/\/www.bratislavadesignweek.sk\/wp-content\/uploads\/2023\/12\/Odvaha_povedat_NIE_1_SKOLA_DIZAJNU-400x305.jpg 400w, https:\/\/www.bratislavadesignweek.sk\/wp-content\/uploads\/2023\/12\/Odvaha_povedat_NIE_1_SKOLA_DIZAJNU-600x458.jpg 600w\" sizes=\"(max-width: 621px) 100vw, 621px\" \/> <img decoding=\"async\" class=\"aligncenter size-full wp-image-13137\" src=\"http:\/\/www.bratislavadesignweek.sk\/wp-content\/uploads\/2023\/12\/Odvaha_povedat_NIE_4_SKOLA_DIZAJNU.jpg\" alt=\"\" width=\"621\" height=\"474\" srcset=\"https:\/\/www.bratislavadesignweek.sk\/wp-content\/uploads\/2023\/12\/Odvaha_povedat_NIE_4_SKOLA_DIZAJNU.jpg 621w, https:\/\/www.bratislavadesignweek.sk\/wp-content\/uploads\/2023\/12\/Odvaha_povedat_NIE_4_SKOLA_DIZAJNU-300x229.jpg 300w, https:\/\/www.bratislavadesignweek.sk\/wp-content\/uploads\/2023\/12\/Odvaha_povedat_NIE_4_SKOLA_DIZAJNU-200x153.jpg 200w, https:\/\/www.bratislavadesignweek.sk\/wp-content\/uploads\/2023\/12\/Odvaha_povedat_NIE_4_SKOLA_DIZAJNU-400x305.jpg 400w, https:\/\/www.bratislavadesignweek.sk\/wp-content\/uploads\/2023\/12\/Odvaha_povedat_NIE_4_SKOLA_DIZAJNU-600x458.jpg 600w\" sizes=\"(max-width: 621px) 100vw, 621px\" \/><\/p>","protected":false},"excerpt":{"rendered":"<p>Poveda\u0165 nie, pre n\u00e1s znamen\u00e1 postavi\u0165 sa za seba a za in\u00fdch a mo\u017enos\u0165 dosta\u0165 sa zo situ\u00e1cie, v ktorej nechceme by\u0165 a je n\u00e1m, alebo in\u00fdm nepr\u00edjemn\u00e1. Vych\u00e1dzaj\u00fac z tohto kontextu pripravia \u0161tudentky a \u0161tudenti \u0160koly dizajnu participat\u00edvny objekt \u2013 in\u0161tal\u00e1ciu ur\u010den\u00fa \u0161peci\u00e1lne pre BADW. Ide 3D n\u00e1pis, samostatne stojace biele p\u00edsmen\u00e1 N I [&hellip;]<\/p>","protected":false},"author":2,"featured_media":13135,"comment_status":"closed","ping_status":"closed","sticky":false,"template":"","format":"standard","meta":{"footnotes":""},"categories":[885],"tags":[],"_links":{"self":[{"href":"https:\/\/www.bratislavadesignweek.sk\/en\/wp-json\/wp\/v2\/posts\/13134"}],"collection":[{"href":"https:\/\/www.bratislavadesignweek.sk\/en\/wp-json\/wp\/v2\/posts"}],"about":[{"href":"https:\/\/www.bratislavadesignweek.sk\/en\/wp-json\/wp\/v2\/types\/post"}],"author":[{"embeddable":true,"href":"https:\/\/www.bratislavadesignweek.sk\/en\/wp-json\/wp\/v2\/users\/2"}],"replies":[{"embeddable":true,"href":"https:\/\/www.bratislavadesignweek.sk\/en\/wp-json\/wp\/v2\/comments?post=13134"}],"version-history":[{"count":3,"href":"https:\/\/www.bratislavadesignweek.sk\/en\/wp-json\/wp\/v2\/posts\/13134\/revisions"}],"predecessor-version":[{"id":14276,"href":"https:\/\/www.bratislavadesignweek.sk\/en\/wp-json\/wp\/v2\/posts\/13134\/revisions\/14276"}],"wp:featuredmedia":[{"embeddable":true,"href":"https:\/\/www.bratislavadesignweek.sk\/en\/wp-json\/wp\/v2\/media\/13135"}],"wp:attachment":[{"href":"https:\/\/www.bratislavadesignweek.sk\/en\/wp-json\/wp\/v2\/media?parent=13134"}],"wp:term":[{"taxonomy":"category","embeddable":true,"href":"https:\/\/www.bratislavadesignweek.sk\/en\/wp-json\/wp\/v2\/categories?post=13134"},{"taxonomy":"post_tag","embeddable":true,"href":"https:\/\/www.bratislavadesignweek.sk\/en\/wp-json\/wp\/v2\/tags?post=13134"}],"curies":[{"name":"wp","href":"https:\/\/api.w.org\/{rel}","templated":true}]}}