{"id":13139,"date":"2023-12-03T23:50:20","date_gmt":"2023-12-03T22:50:20","guid":{"rendered":"https:\/\/www.bratislavadesignweek.sk\/?p=13139"},"modified":"2023-12-03T23:50:20","modified_gmt":"2023-12-03T22:50:20","slug":"petra-hurai-experience-of-time","status":"publish","type":"post","link":"https:\/\/www.bratislavadesignweek.sk\/en\/petra-hurai-experience-of-time\/","title":{"rendered":"PETRA HURAI \/ EXPERIENCE OF TIME"},"content":{"rendered":"<p><img fetchpriority=\"high\" decoding=\"async\" class=\"aligncenter wp-image-13140 size-fusion-400\" src=\"http:\/\/www.bratislavadesignweek.sk\/wp-content\/uploads\/2023\/12\/BADW23_opencall-07-400x400.png\" alt=\"\" width=\"400\" height=\"400\" srcset=\"https:\/\/www.bratislavadesignweek.sk\/wp-content\/uploads\/2023\/12\/BADW23_opencall-07-400x400.png 400w, https:\/\/www.bratislavadesignweek.sk\/wp-content\/uploads\/2023\/12\/BADW23_opencall-07-300x300.png 300w, https:\/\/www.bratislavadesignweek.sk\/wp-content\/uploads\/2023\/12\/BADW23_opencall-07-1024x1024.png 1024w, https:\/\/www.bratislavadesignweek.sk\/wp-content\/uploads\/2023\/12\/BADW23_opencall-07-150x150.png 150w, https:\/\/www.bratislavadesignweek.sk\/wp-content\/uploads\/2023\/12\/BADW23_opencall-07-768x768.png 768w, https:\/\/www.bratislavadesignweek.sk\/wp-content\/uploads\/2023\/12\/BADW23_opencall-07-66x66.png 66w, https:\/\/www.bratislavadesignweek.sk\/wp-content\/uploads\/2023\/12\/BADW23_opencall-07-200x200.png 200w, https:\/\/www.bratislavadesignweek.sk\/wp-content\/uploads\/2023\/12\/BADW23_opencall-07-600x600.png 600w, https:\/\/www.bratislavadesignweek.sk\/wp-content\/uploads\/2023\/12\/BADW23_opencall-07-800x800.png 800w, https:\/\/www.bratislavadesignweek.sk\/wp-content\/uploads\/2023\/12\/BADW23_opencall-07.png 1081w\" sizes=\"(max-width: 400px) 100vw, 400px\" \/><\/p>\n<p>&nbsp;<\/p>\n<p>Projekt Experience of Time vych\u00e1dza z v\u00fdskumu Petry Hurai oh\u013eadom subjekt\u00edvneho vn\u00edmania \u010dasu v r\u00e1mci dizerta\u010dnej pr\u00e1ce, ktor\u00e1 vznikla na Fakulte architekt\u00fary a dizajnu STU. Sk\u00fama mo\u017enosti konceptu \u010dasu ako multisenzorick\u00e9ho z\u00e1\u017eitku a prin\u00e1\u0161a sp\u00f4sob, ak\u00fdm je mo\u017en\u00e9 ur\u010dit\u00fd interval subjekt\u00edvneho \u010dasu odmera\u0165 prostredn\u00edctvom senzorick\u00fdch vnemov. Projekt Experience of Time reaguje na zmeny v spolo\u010dnosti, zr\u00fdchlen\u00fa dobu a v\u00fdvoj technol\u00f3gi\u00ed, podnecuje diskusiu oh\u013eadom subjekt\u00edvneho vn\u00edmania \u010dasu a upozor\u0148uje na in\u00fd ako objekt\u00edvny (numerick\u00fd) rozmer konceptu \u010dasu. Projekt pozost\u00e1va z in\u0161pirat\u00edvneho toolkitu v podobe kariet, ktor\u00e9 predikuj\u00fa r\u00fdchlos\u0165 vn\u00edman\u00e9ho intervalu \u010dasu na z\u00e1klade senzorick\u00e9ho vnemu a multimedi\u00e1lnej in\u0161tal\u00e1cie, ktor\u00e1 poeticky zobrazuje tieto senzorick\u00e9 vnemy a z\u00e1rove\u0148 poskytuje priestor pre interakciu a zber v\u00fdskumn\u00fdch d\u00e1t.<\/p>\n<p>&nbsp;<\/p>\n<p><img decoding=\"async\" class=\"aligncenter wp-image-13141 size-fusion-600\" src=\"http:\/\/www.bratislavadesignweek.sk\/wp-content\/uploads\/2023\/12\/EOT_1_Petra_Hurai-600x900.jpg\" alt=\"\" width=\"600\" height=\"900\" srcset=\"https:\/\/www.bratislavadesignweek.sk\/wp-content\/uploads\/2023\/12\/EOT_1_Petra_Hurai-600x900.jpg 600w, https:\/\/www.bratislavadesignweek.sk\/wp-content\/uploads\/2023\/12\/EOT_1_Petra_Hurai-200x300.jpg 200w, https:\/\/www.bratislavadesignweek.sk\/wp-content\/uploads\/2023\/12\/EOT_1_Petra_Hurai-683x1024.jpg 683w, https:\/\/www.bratislavadesignweek.sk\/wp-content\/uploads\/2023\/12\/EOT_1_Petra_Hurai-768x1152.jpg 768w, https:\/\/www.bratislavadesignweek.sk\/wp-content\/uploads\/2023\/12\/EOT_1_Petra_Hurai-1024x1536.jpg 1024w, https:\/\/www.bratislavadesignweek.sk\/wp-content\/uploads\/2023\/12\/EOT_1_Petra_Hurai-1366x2048.jpg 1366w, https:\/\/www.bratislavadesignweek.sk\/wp-content\/uploads\/2023\/12\/EOT_1_Petra_Hurai-400x600.jpg 400w, https:\/\/www.bratislavadesignweek.sk\/wp-content\/uploads\/2023\/12\/EOT_1_Petra_Hurai-800x1200.jpg 800w, https:\/\/www.bratislavadesignweek.sk\/wp-content\/uploads\/2023\/12\/EOT_1_Petra_Hurai-1200x1800.jpg 1200w, https:\/\/www.bratislavadesignweek.sk\/wp-content\/uploads\/2023\/12\/EOT_1_Petra_Hurai-scaled.jpg 1707w\" sizes=\"(max-width: 600px) 100vw, 600px\" \/> <img decoding=\"async\" class=\"aligncenter wp-image-13142 size-fusion-600\" src=\"http:\/\/www.bratislavadesignweek.sk\/wp-content\/uploads\/2023\/12\/EOT_3_Petra_Hurai-600x900.jpg\" alt=\"\" width=\"600\" height=\"900\" srcset=\"https:\/\/www.bratislavadesignweek.sk\/wp-content\/uploads\/2023\/12\/EOT_3_Petra_Hurai-600x900.jpg 600w, https:\/\/www.bratislavadesignweek.sk\/wp-content\/uploads\/2023\/12\/EOT_3_Petra_Hurai-200x300.jpg 200w, https:\/\/www.bratislavadesignweek.sk\/wp-content\/uploads\/2023\/12\/EOT_3_Petra_Hurai-683x1024.jpg 683w, https:\/\/www.bratislavadesignweek.sk\/wp-content\/uploads\/2023\/12\/EOT_3_Petra_Hurai-768x1152.jpg 768w, https:\/\/www.bratislavadesignweek.sk\/wp-content\/uploads\/2023\/12\/EOT_3_Petra_Hurai-1024x1536.jpg 1024w, https:\/\/www.bratislavadesignweek.sk\/wp-content\/uploads\/2023\/12\/EOT_3_Petra_Hurai-1365x2048.jpg 1365w, https:\/\/www.bratislavadesignweek.sk\/wp-content\/uploads\/2023\/12\/EOT_3_Petra_Hurai-400x600.jpg 400w, https:\/\/www.bratislavadesignweek.sk\/wp-content\/uploads\/2023\/12\/EOT_3_Petra_Hurai-800x1200.jpg 800w, https:\/\/www.bratislavadesignweek.sk\/wp-content\/uploads\/2023\/12\/EOT_3_Petra_Hurai-1200x1800.jpg 1200w, https:\/\/www.bratislavadesignweek.sk\/wp-content\/uploads\/2023\/12\/EOT_3_Petra_Hurai-scaled.jpg 1707w\" sizes=\"(max-width: 600px) 100vw, 600px\" \/><\/p>\n<figure id=\"attachment_13143\" aria-describedby=\"caption-attachment-13143\" style=\"width: 600px\" class=\"wp-caption aligncenter\"><img loading=\"lazy\" decoding=\"async\" class=\"wp-image-13143 size-fusion-600\" src=\"http:\/\/www.bratislavadesignweek.sk\/wp-content\/uploads\/2023\/12\/EOT_4_Petra_Hurai-600x450.jpg\" alt=\"\" width=\"600\" height=\"450\" srcset=\"https:\/\/www.bratislavadesignweek.sk\/wp-content\/uploads\/2023\/12\/EOT_4_Petra_Hurai-600x450.jpg 600w, https:\/\/www.bratislavadesignweek.sk\/wp-content\/uploads\/2023\/12\/EOT_4_Petra_Hurai-300x225.jpg 300w, https:\/\/www.bratislavadesignweek.sk\/wp-content\/uploads\/2023\/12\/EOT_4_Petra_Hurai-1024x768.jpg 1024w, https:\/\/www.bratislavadesignweek.sk\/wp-content\/uploads\/2023\/12\/EOT_4_Petra_Hurai-768x576.jpg 768w, https:\/\/www.bratislavadesignweek.sk\/wp-content\/uploads\/2023\/12\/EOT_4_Petra_Hurai-1536x1152.jpg 1536w, https:\/\/www.bratislavadesignweek.sk\/wp-content\/uploads\/2023\/12\/EOT_4_Petra_Hurai-2048x1536.jpg 2048w, https:\/\/www.bratislavadesignweek.sk\/wp-content\/uploads\/2023\/12\/EOT_4_Petra_Hurai-200x150.jpg 200w, https:\/\/www.bratislavadesignweek.sk\/wp-content\/uploads\/2023\/12\/EOT_4_Petra_Hurai-400x300.jpg 400w, https:\/\/www.bratislavadesignweek.sk\/wp-content\/uploads\/2023\/12\/EOT_4_Petra_Hurai-800x600.jpg 800w, https:\/\/www.bratislavadesignweek.sk\/wp-content\/uploads\/2023\/12\/EOT_4_Petra_Hurai-1200x900.jpg 1200w\" sizes=\"(max-width: 600px) 100vw, 600px\" \/><figcaption id=\"caption-attachment-13143\" class=\"wp-caption-text\">mockups-design.com<\/figcaption><\/figure>\n<p><img loading=\"lazy\" decoding=\"async\" class=\"aligncenter wp-image-13144 size-fusion-600\" src=\"http:\/\/www.bratislavadesignweek.sk\/wp-content\/uploads\/2023\/12\/EOT_5_Petra_Hurai-600x453.jpg\" alt=\"\" width=\"600\" height=\"453\" srcset=\"https:\/\/www.bratislavadesignweek.sk\/wp-content\/uploads\/2023\/12\/EOT_5_Petra_Hurai-600x453.jpg 600w, https:\/\/www.bratislavadesignweek.sk\/wp-content\/uploads\/2023\/12\/EOT_5_Petra_Hurai-300x227.jpg 300w, https:\/\/www.bratislavadesignweek.sk\/wp-content\/uploads\/2023\/12\/EOT_5_Petra_Hurai-1024x774.jpg 1024w, https:\/\/www.bratislavadesignweek.sk\/wp-content\/uploads\/2023\/12\/EOT_5_Petra_Hurai-768x580.jpg 768w, https:\/\/www.bratislavadesignweek.sk\/wp-content\/uploads\/2023\/12\/EOT_5_Petra_Hurai-1536x1161.jpg 1536w, https:\/\/www.bratislavadesignweek.sk\/wp-content\/uploads\/2023\/12\/EOT_5_Petra_Hurai-2048x1547.jpg 2048w, https:\/\/www.bratislavadesignweek.sk\/wp-content\/uploads\/2023\/12\/EOT_5_Petra_Hurai-200x151.jpg 200w, https:\/\/www.bratislavadesignweek.sk\/wp-content\/uploads\/2023\/12\/EOT_5_Petra_Hurai-400x302.jpg 400w, https:\/\/www.bratislavadesignweek.sk\/wp-content\/uploads\/2023\/12\/EOT_5_Petra_Hurai-800x604.jpg 800w, https:\/\/www.bratislavadesignweek.sk\/wp-content\/uploads\/2023\/12\/EOT_5_Petra_Hurai-1200x907.jpg 1200w\" sizes=\"(max-width: 600px) 100vw, 600px\" \/><\/p>","protected":false},"excerpt":{"rendered":"<p>&nbsp; Projekt Experience of Time vych\u00e1dza z v\u00fdskumu Petry Hurai oh\u013eadom subjekt\u00edvneho vn\u00edmania \u010dasu v r\u00e1mci dizerta\u010dnej pr\u00e1ce, ktor\u00e1 vznikla na Fakulte architekt\u00fary a dizajnu STU. Sk\u00fama mo\u017enosti konceptu \u010dasu ako multisenzorick\u00e9ho z\u00e1\u017eitku a prin\u00e1\u0161a sp\u00f4sob, ak\u00fdm je mo\u017en\u00e9 ur\u010dit\u00fd interval subjekt\u00edvneho \u010dasu odmera\u0165 prostredn\u00edctvom senzorick\u00fdch vnemov. Projekt Experience of Time reaguje na zmeny v [&hellip;]<\/p>","protected":false},"author":2,"featured_media":13140,"comment_status":"closed","ping_status":"closed","sticky":false,"template":"","format":"standard","meta":{"footnotes":""},"categories":[885],"tags":[],"_links":{"self":[{"href":"https:\/\/www.bratislavadesignweek.sk\/en\/wp-json\/wp\/v2\/posts\/13139"}],"collection":[{"href":"https:\/\/www.bratislavadesignweek.sk\/en\/wp-json\/wp\/v2\/posts"}],"about":[{"href":"https:\/\/www.bratislavadesignweek.sk\/en\/wp-json\/wp\/v2\/types\/post"}],"author":[{"embeddable":true,"href":"https:\/\/www.bratislavadesignweek.sk\/en\/wp-json\/wp\/v2\/users\/2"}],"replies":[{"embeddable":true,"href":"https:\/\/www.bratislavadesignweek.sk\/en\/wp-json\/wp\/v2\/comments?post=13139"}],"version-history":[{"count":1,"href":"https:\/\/www.bratislavadesignweek.sk\/en\/wp-json\/wp\/v2\/posts\/13139\/revisions"}],"predecessor-version":[{"id":13145,"href":"https:\/\/www.bratislavadesignweek.sk\/en\/wp-json\/wp\/v2\/posts\/13139\/revisions\/13145"}],"wp:featuredmedia":[{"embeddable":true,"href":"https:\/\/www.bratislavadesignweek.sk\/en\/wp-json\/wp\/v2\/media\/13140"}],"wp:attachment":[{"href":"https:\/\/www.bratislavadesignweek.sk\/en\/wp-json\/wp\/v2\/media?parent=13139"}],"wp:term":[{"taxonomy":"category","embeddable":true,"href":"https:\/\/www.bratislavadesignweek.sk\/en\/wp-json\/wp\/v2\/categories?post=13139"},{"taxonomy":"post_tag","embeddable":true,"href":"https:\/\/www.bratislavadesignweek.sk\/en\/wp-json\/wp\/v2\/tags?post=13139"}],"curies":[{"name":"wp","href":"https:\/\/api.w.org\/{rel}","templated":true}]}}