{"id":13147,"date":"2023-12-03T23:55:18","date_gmt":"2023-12-03T22:55:18","guid":{"rendered":"https:\/\/www.bratislavadesignweek.sk\/?p=13147"},"modified":"2023-12-03T23:55:18","modified_gmt":"2023-12-03T22:55:18","slug":"mgr-art-et-mgr-blazena-sokolovska-hedviga","status":"publish","type":"post","link":"https:\/\/www.bratislavadesignweek.sk\/en\/mgr-art-et-mgr-blazena-sokolovska-hedviga\/","title":{"rendered":"MGR. ART ET. MGR BLA\u017dENA SOKOLOVSK\u00c1 \/ HEDVIGA"},"content":{"rendered":"<p><img fetchpriority=\"high\" decoding=\"async\" class=\"aligncenter wp-image-13148 size-fusion-400\" src=\"http:\/\/www.bratislavadesignweek.sk\/wp-content\/uploads\/2023\/12\/BADW23_opencall-13-400x400.png\" alt=\"\" width=\"400\" height=\"400\" srcset=\"https:\/\/www.bratislavadesignweek.sk\/wp-content\/uploads\/2023\/12\/BADW23_opencall-13-400x400.png 400w, https:\/\/www.bratislavadesignweek.sk\/wp-content\/uploads\/2023\/12\/BADW23_opencall-13-300x300.png 300w, https:\/\/www.bratislavadesignweek.sk\/wp-content\/uploads\/2023\/12\/BADW23_opencall-13-1024x1024.png 1024w, https:\/\/www.bratislavadesignweek.sk\/wp-content\/uploads\/2023\/12\/BADW23_opencall-13-150x150.png 150w, https:\/\/www.bratislavadesignweek.sk\/wp-content\/uploads\/2023\/12\/BADW23_opencall-13-768x768.png 768w, https:\/\/www.bratislavadesignweek.sk\/wp-content\/uploads\/2023\/12\/BADW23_opencall-13-66x66.png 66w, https:\/\/www.bratislavadesignweek.sk\/wp-content\/uploads\/2023\/12\/BADW23_opencall-13-200x200.png 200w, https:\/\/www.bratislavadesignweek.sk\/wp-content\/uploads\/2023\/12\/BADW23_opencall-13-600x600.png 600w, https:\/\/www.bratislavadesignweek.sk\/wp-content\/uploads\/2023\/12\/BADW23_opencall-13-800x800.png 800w, https:\/\/www.bratislavadesignweek.sk\/wp-content\/uploads\/2023\/12\/BADW23_opencall-13.png 1081w\" sizes=\"(max-width: 400px) 100vw, 400px\" \/><\/p>\n<p>&nbsp;<\/p>\n<p>The story of Hedvig began to be written a long time ago. The theme of folk costume has always haunted me. In the Hedviga clothing collection, I took it from a completely different end than usual. Since the name of the collection is after my grandmother Hedviga, it was natural to base the collection on her usual attire - the costume. My grandmother was a costumed woman, so I was very close to things that one doesn't normally get to. I set out on a journey to unpick the costume and use the underlying supporting materials to create a new collection. And that's what happened. The petticoats, the shrouds, the pads to hold the skirts but of course I was very much into the silhouette but I also used the principle of tying skirts, aprons... All of this is carried through in the collection, as is the classic embroidery. But you won't find me embroidering flowers, symbols... For me this collection was of great significance because my grandmother is no longer with us and meant a lot to me so I took her beautiful signature (as she used to say - we learnt to write like this nicely at school and I was only a third folk) Her iconic signature Hedwig is embroidered tone on tone so as not to distort the silhouette of the shawl or the whole costume. I embraced the collection as a no-waste one, as my grandmother processed everything and didn't throw it away..... and if I had anything left over, I created little children's garments. For me, this collection was a GENERATIONAL collection. It started with a grandmother going through to dressing a young woman, to a child. I used only natural material and since I have been working with leather since my studies at UMPRUM in Prague, leather appears in this collection as well. Slowly I have moved into the MAM collection where I am slowly shifting the silhouette, the shape, the material, which I have made particularly contemporary, but working material, namely denim. I'm pushing my boundaries and memories. The MAM collection is meant to be one day of mother and child. Hedwig was a peasant, she kept poultry, worked the fields and the garden. She worked all the time. She got up early in the morning to provide for the whole farm. So do I today as a mother of 3 children. Constantly needing to get ready, running around... So the MAM collection is like one day of a mother with children transformed into clothes - from morning to deep night. For this collection I moved from costume embroidery to hand drawing, printing. The baby is very inspiring but also action oriented and therefore not only the walls and coloring but also the mother's clothing gets busy during the day. The collection is clothing and for display, we don't need much space for mannequins. Since it's supposed to be Mother's Day with a swipe from Hedwig I would like to know the installation as some EAN code of the collection.<\/p>\n<p>&nbsp;<\/p>\n<p><img decoding=\"async\" class=\"aligncenter wp-image-13149 size-fusion-600\" src=\"http:\/\/www.bratislavadesignweek.sk\/wp-content\/uploads\/2023\/12\/HEDVIGA1_BLAZENA_OSTROVSKA-600x899.jpg\" alt=\"\" width=\"600\" height=\"899\" srcset=\"https:\/\/www.bratislavadesignweek.sk\/wp-content\/uploads\/2023\/12\/HEDVIGA1_BLAZENA_OSTROVSKA-600x899.jpg 600w, https:\/\/www.bratislavadesignweek.sk\/wp-content\/uploads\/2023\/12\/HEDVIGA1_BLAZENA_OSTROVSKA-200x300.jpg 200w, https:\/\/www.bratislavadesignweek.sk\/wp-content\/uploads\/2023\/12\/HEDVIGA1_BLAZENA_OSTROVSKA-684x1024.jpg 684w, https:\/\/www.bratislavadesignweek.sk\/wp-content\/uploads\/2023\/12\/HEDVIGA1_BLAZENA_OSTROVSKA-768x1151.jpg 768w, https:\/\/www.bratislavadesignweek.sk\/wp-content\/uploads\/2023\/12\/HEDVIGA1_BLAZENA_OSTROVSKA-1025x1536.jpg 1025w, https:\/\/www.bratislavadesignweek.sk\/wp-content\/uploads\/2023\/12\/HEDVIGA1_BLAZENA_OSTROVSKA-400x599.jpg 400w, https:\/\/www.bratislavadesignweek.sk\/wp-content\/uploads\/2023\/12\/HEDVIGA1_BLAZENA_OSTROVSKA-800x1199.jpg 800w, https:\/\/www.bratislavadesignweek.sk\/wp-content\/uploads\/2023\/12\/HEDVIGA1_BLAZENA_OSTROVSKA-1200x1798.jpg 1200w, https:\/\/www.bratislavadesignweek.sk\/wp-content\/uploads\/2023\/12\/HEDVIGA1_BLAZENA_OSTROVSKA.jpg 1335w\" sizes=\"(max-width: 600px) 100vw, 600px\" \/> <img decoding=\"async\" class=\"aligncenter wp-image-13150 size-fusion-600\" src=\"http:\/\/www.bratislavadesignweek.sk\/wp-content\/uploads\/2023\/12\/HEDVIGA2_BLAZENA_OSTROVSKA-600x900.jpg\" alt=\"\" width=\"600\" height=\"900\" srcset=\"https:\/\/www.bratislavadesignweek.sk\/wp-content\/uploads\/2023\/12\/HEDVIGA2_BLAZENA_OSTROVSKA-600x900.jpg 600w, https:\/\/www.bratislavadesignweek.sk\/wp-content\/uploads\/2023\/12\/HEDVIGA2_BLAZENA_OSTROVSKA-200x300.jpg 200w, https:\/\/www.bratislavadesignweek.sk\/wp-content\/uploads\/2023\/12\/HEDVIGA2_BLAZENA_OSTROVSKA-683x1024.jpg 683w, https:\/\/www.bratislavadesignweek.sk\/wp-content\/uploads\/2023\/12\/HEDVIGA2_BLAZENA_OSTROVSKA-768x1152.jpg 768w, https:\/\/www.bratislavadesignweek.sk\/wp-content\/uploads\/2023\/12\/HEDVIGA2_BLAZENA_OSTROVSKA-1024x1536.jpg 1024w, https:\/\/www.bratislavadesignweek.sk\/wp-content\/uploads\/2023\/12\/HEDVIGA2_BLAZENA_OSTROVSKA-400x600.jpg 400w, https:\/\/www.bratislavadesignweek.sk\/wp-content\/uploads\/2023\/12\/HEDVIGA2_BLAZENA_OSTROVSKA-800x1200.jpg 800w, https:\/\/www.bratislavadesignweek.sk\/wp-content\/uploads\/2023\/12\/HEDVIGA2_BLAZENA_OSTROVSKA.jpg 1067w\" sizes=\"(max-width: 600px) 100vw, 600px\" \/> <img loading=\"lazy\" decoding=\"async\" class=\"aligncenter wp-image-13151 size-fusion-600\" src=\"http:\/\/www.bratislavadesignweek.sk\/wp-content\/uploads\/2023\/12\/HEDVIGA3_BLAZENA_OSTROVSKA-600x400.jpg\" alt=\"\" width=\"600\" height=\"400\" srcset=\"https:\/\/www.bratislavadesignweek.sk\/wp-content\/uploads\/2023\/12\/HEDVIGA3_BLAZENA_OSTROVSKA-600x400.jpg 600w, https:\/\/www.bratislavadesignweek.sk\/wp-content\/uploads\/2023\/12\/HEDVIGA3_BLAZENA_OSTROVSKA-300x200.jpg 300w, https:\/\/www.bratislavadesignweek.sk\/wp-content\/uploads\/2023\/12\/HEDVIGA3_BLAZENA_OSTROVSKA-1024x683.jpg 1024w, https:\/\/www.bratislavadesignweek.sk\/wp-content\/uploads\/2023\/12\/HEDVIGA3_BLAZENA_OSTROVSKA-768x512.jpg 768w, https:\/\/www.bratislavadesignweek.sk\/wp-content\/uploads\/2023\/12\/HEDVIGA3_BLAZENA_OSTROVSKA-1536x1024.jpg 1536w, https:\/\/www.bratislavadesignweek.sk\/wp-content\/uploads\/2023\/12\/HEDVIGA3_BLAZENA_OSTROVSKA-200x133.jpg 200w, https:\/\/www.bratislavadesignweek.sk\/wp-content\/uploads\/2023\/12\/HEDVIGA3_BLAZENA_OSTROVSKA-400x267.jpg 400w, https:\/\/www.bratislavadesignweek.sk\/wp-content\/uploads\/2023\/12\/HEDVIGA3_BLAZENA_OSTROVSKA-800x534.jpg 800w, https:\/\/www.bratislavadesignweek.sk\/wp-content\/uploads\/2023\/12\/HEDVIGA3_BLAZENA_OSTROVSKA-1200x800.jpg 1200w, https:\/\/www.bratislavadesignweek.sk\/wp-content\/uploads\/2023\/12\/HEDVIGA3_BLAZENA_OSTROVSKA.jpg 1600w\" sizes=\"(max-width: 600px) 100vw, 600px\" \/> <img loading=\"lazy\" decoding=\"async\" class=\"aligncenter wp-image-13152 size-fusion-400\" src=\"http:\/\/www.bratislavadesignweek.sk\/wp-content\/uploads\/2023\/12\/HEDVIGA4_BLAZENA_OSTROVSKA-400x600.jpg\" alt=\"\" width=\"400\" height=\"600\" srcset=\"https:\/\/www.bratislavadesignweek.sk\/wp-content\/uploads\/2023\/12\/HEDVIGA4_BLAZENA_OSTROVSKA-400x600.jpg 400w, https:\/\/www.bratislavadesignweek.sk\/wp-content\/uploads\/2023\/12\/HEDVIGA4_BLAZENA_OSTROVSKA-200x300.jpg 200w, https:\/\/www.bratislavadesignweek.sk\/wp-content\/uploads\/2023\/12\/HEDVIGA4_BLAZENA_OSTROVSKA-683x1024.jpg 683w, https:\/\/www.bratislavadesignweek.sk\/wp-content\/uploads\/2023\/12\/HEDVIGA4_BLAZENA_OSTROVSKA-768x1152.jpg 768w, https:\/\/www.bratislavadesignweek.sk\/wp-content\/uploads\/2023\/12\/HEDVIGA4_BLAZENA_OSTROVSKA-1024x1536.jpg 1024w, https:\/\/www.bratislavadesignweek.sk\/wp-content\/uploads\/2023\/12\/HEDVIGA4_BLAZENA_OSTROVSKA-600x900.jpg 600w, https:\/\/www.bratislavadesignweek.sk\/wp-content\/uploads\/2023\/12\/HEDVIGA4_BLAZENA_OSTROVSKA-800x1200.jpg 800w, https:\/\/www.bratislavadesignweek.sk\/wp-content\/uploads\/2023\/12\/HEDVIGA4_BLAZENA_OSTROVSKA.jpg 1067w\" sizes=\"(max-width: 400px) 100vw, 400px\" \/> <img loading=\"lazy\" decoding=\"async\" class=\"aligncenter wp-image-13153 size-fusion-400\" src=\"http:\/\/www.bratislavadesignweek.sk\/wp-content\/uploads\/2023\/12\/HEDVIGA5_BLAZENA_OSTROVSKA-400x600.jpg\" alt=\"\" width=\"400\" height=\"600\" srcset=\"https:\/\/www.bratislavadesignweek.sk\/wp-content\/uploads\/2023\/12\/HEDVIGA5_BLAZENA_OSTROVSKA-400x600.jpg 400w, https:\/\/www.bratislavadesignweek.sk\/wp-content\/uploads\/2023\/12\/HEDVIGA5_BLAZENA_OSTROVSKA-200x300.jpg 200w, https:\/\/www.bratislavadesignweek.sk\/wp-content\/uploads\/2023\/12\/HEDVIGA5_BLAZENA_OSTROVSKA-683x1024.jpg 683w, https:\/\/www.bratislavadesignweek.sk\/wp-content\/uploads\/2023\/12\/HEDVIGA5_BLAZENA_OSTROVSKA-768x1152.jpg 768w, https:\/\/www.bratislavadesignweek.sk\/wp-content\/uploads\/2023\/12\/HEDVIGA5_BLAZENA_OSTROVSKA-1024x1536.jpg 1024w, https:\/\/www.bratislavadesignweek.sk\/wp-content\/uploads\/2023\/12\/HEDVIGA5_BLAZENA_OSTROVSKA-600x900.jpg 600w, https:\/\/www.bratislavadesignweek.sk\/wp-content\/uploads\/2023\/12\/HEDVIGA5_BLAZENA_OSTROVSKA-800x1200.jpg 800w, https:\/\/www.bratislavadesignweek.sk\/wp-content\/uploads\/2023\/12\/HEDVIGA5_BLAZENA_OSTROVSKA.jpg 1067w\" sizes=\"(max-width: 400px) 100vw, 400px\" \/><\/p>","protected":false},"excerpt":{"rendered":"<p>&nbsp; Pr\u00edbeh Hedvigy sa za\u010dal p\u00edsa\u0165 u\u017e d\u00e1vno. T\u00e9ma \u013eudov\u00e9ho kroja ma neust\u00e1le prenasledovala. V odevnej kolekcii Hedviga som ju uchopila z \u00faplne in\u00e9ho konca ako je zvy\u010dajn\u00e9. Ke\u010f\u017ee n\u00e1zov kolekcie je po mojej babke Hedviga, tak bolo samozrejmos\u0165ou vych\u00e1dza\u0165 z jej be\u017en\u00e9ho odevu &#8211; kroja. Moja babka bola krojovan\u00e1 a tak som mala ve\u013emi [&hellip;]<\/p>","protected":false},"author":2,"featured_media":13148,"comment_status":"closed","ping_status":"closed","sticky":false,"template":"","format":"standard","meta":{"footnotes":""},"categories":[885],"tags":[],"_links":{"self":[{"href":"https:\/\/www.bratislavadesignweek.sk\/en\/wp-json\/wp\/v2\/posts\/13147"}],"collection":[{"href":"https:\/\/www.bratislavadesignweek.sk\/en\/wp-json\/wp\/v2\/posts"}],"about":[{"href":"https:\/\/www.bratislavadesignweek.sk\/en\/wp-json\/wp\/v2\/types\/post"}],"author":[{"embeddable":true,"href":"https:\/\/www.bratislavadesignweek.sk\/en\/wp-json\/wp\/v2\/users\/2"}],"replies":[{"embeddable":true,"href":"https:\/\/www.bratislavadesignweek.sk\/en\/wp-json\/wp\/v2\/comments?post=13147"}],"version-history":[{"count":1,"href":"https:\/\/www.bratislavadesignweek.sk\/en\/wp-json\/wp\/v2\/posts\/13147\/revisions"}],"predecessor-version":[{"id":13154,"href":"https:\/\/www.bratislavadesignweek.sk\/en\/wp-json\/wp\/v2\/posts\/13147\/revisions\/13154"}],"wp:featuredmedia":[{"embeddable":true,"href":"https:\/\/www.bratislavadesignweek.sk\/en\/wp-json\/wp\/v2\/media\/13148"}],"wp:attachment":[{"href":"https:\/\/www.bratislavadesignweek.sk\/en\/wp-json\/wp\/v2\/media?parent=13147"}],"wp:term":[{"taxonomy":"category","embeddable":true,"href":"https:\/\/www.bratislavadesignweek.sk\/en\/wp-json\/wp\/v2\/categories?post=13147"},{"taxonomy":"post_tag","embeddable":true,"href":"https:\/\/www.bratislavadesignweek.sk\/en\/wp-json\/wp\/v2\/tags?post=13147"}],"curies":[{"name":"wp","href":"https:\/\/api.w.org\/{rel}","templated":true}]}}