{"id":13155,"date":"2023-12-03T23:58:34","date_gmt":"2023-12-03T22:58:34","guid":{"rendered":"https:\/\/www.bratislavadesignweek.sk\/?p=13155"},"modified":"2023-12-03T23:58:34","modified_gmt":"2023-12-03T22:58:34","slug":"mario-coufal-memorial","status":"publish","type":"post","link":"https:\/\/www.bratislavadesignweek.sk\/en\/mario-coufal-memorial\/","title":{"rendered":"M\u00c1RIO COUFAL \/ MEMORIAL"},"content":{"rendered":"<p><img fetchpriority=\"high\" decoding=\"async\" class=\"aligncenter wp-image-13156 size-fusion-400\" src=\"http:\/\/www.bratislavadesignweek.sk\/wp-content\/uploads\/2023\/12\/BADW23_opencall-15-400x400.png\" alt=\"\" width=\"400\" height=\"400\" srcset=\"https:\/\/www.bratislavadesignweek.sk\/wp-content\/uploads\/2023\/12\/BADW23_opencall-15-400x400.png 400w, https:\/\/www.bratislavadesignweek.sk\/wp-content\/uploads\/2023\/12\/BADW23_opencall-15-300x300.png 300w, https:\/\/www.bratislavadesignweek.sk\/wp-content\/uploads\/2023\/12\/BADW23_opencall-15-1024x1024.png 1024w, https:\/\/www.bratislavadesignweek.sk\/wp-content\/uploads\/2023\/12\/BADW23_opencall-15-150x150.png 150w, https:\/\/www.bratislavadesignweek.sk\/wp-content\/uploads\/2023\/12\/BADW23_opencall-15-768x768.png 768w, https:\/\/www.bratislavadesignweek.sk\/wp-content\/uploads\/2023\/12\/BADW23_opencall-15-66x66.png 66w, https:\/\/www.bratislavadesignweek.sk\/wp-content\/uploads\/2023\/12\/BADW23_opencall-15-200x200.png 200w, https:\/\/www.bratislavadesignweek.sk\/wp-content\/uploads\/2023\/12\/BADW23_opencall-15-600x600.png 600w, https:\/\/www.bratislavadesignweek.sk\/wp-content\/uploads\/2023\/12\/BADW23_opencall-15-800x800.png 800w, https:\/\/www.bratislavadesignweek.sk\/wp-content\/uploads\/2023\/12\/BADW23_opencall-15.png 1081w\" sizes=\"(max-width: 400px) 100vw, 400px\" \/><\/p>\n<p>&nbsp;<\/p>\n<p>Memori\u00e1l je kolekcia objektov zaoberaj\u00faca sa spomienkami a ich deform\u00e1ciou a n\u00e1slednou rekon\u0161trukciou. V kolekcii sa sna\u017e\u00edm zachyti\u0165 met\u00f3dy ktor\u00fdmi sa spomienky st\u00e1vaj\u00fa subjekt\u00edvnym obrazom em\u00f3ci\u00ed pomocou nieko\u013ek\u00fdch dizajn\u00e9rskych a v\u00fdtvarn\u00fdch postupov. T\u00fdmi s\u00fa redukcia charakteristick\u00fdch prvkov objektu, tak\u017ee strata jeho identity, generaliz\u00e1cia jeho siluety tak, aby len v\u00e1gne pripom\u00ednal nie\u010do, \u010do m\u00e1 zrejme rovnak\u00e9 pou\u017eitie a ak\u00e9si zatemnenie jeho fragmentov, cenz\u00fara jeho charakteristick\u00fdch \u010d\u0155t \u010d\u00edm nast\u00e1va redukcia osobnosti. Kolekcia Memori\u00e1l opisuje a ilustruje moje vn\u00edmanie deform\u00e1cie spomienok a sprev\u00e1dzaj\u00face pocity melanch\u00f3lie a z\u00e1rove\u0148 akceptovania toho, \u017ee ka\u017ed\u00e1 spomienka ktor\u00fa m\u00e1me je pozna\u010den\u00e1 nekone\u010dn\u00fdm cyklom zmeny. zmie\u0161an\u00e9 m\u00e9dium, kombin\u00e1cie materi\u00e1lov , ve\u013ekos\u0165 8m2<\/p>\n<p>&nbsp;<\/p>\n<p><img decoding=\"async\" class=\"aligncenter wp-image-13157 size-fusion-600\" src=\"http:\/\/www.bratislavadesignweek.sk\/wp-content\/uploads\/2023\/12\/MEMORIAL1_M\u0e15RIO_COUFAL-600x401.jpg\" alt=\"\" width=\"600\" height=\"401\" srcset=\"https:\/\/www.bratislavadesignweek.sk\/wp-content\/uploads\/2023\/12\/MEMORIAL1_M\u0e15RIO_COUFAL-600x401.jpg 600w, https:\/\/www.bratislavadesignweek.sk\/wp-content\/uploads\/2023\/12\/MEMORIAL1_M\u0e15RIO_COUFAL-300x200.jpg 300w, https:\/\/www.bratislavadesignweek.sk\/wp-content\/uploads\/2023\/12\/MEMORIAL1_M\u0e15RIO_COUFAL-1024x684.jpg 1024w, https:\/\/www.bratislavadesignweek.sk\/wp-content\/uploads\/2023\/12\/MEMORIAL1_M\u0e15RIO_COUFAL-768x513.jpg 768w, https:\/\/www.bratislavadesignweek.sk\/wp-content\/uploads\/2023\/12\/MEMORIAL1_M\u0e15RIO_COUFAL-1536x1025.jpg 1536w, https:\/\/www.bratislavadesignweek.sk\/wp-content\/uploads\/2023\/12\/MEMORIAL1_M\u0e15RIO_COUFAL-2048x1367.jpg 2048w, https:\/\/www.bratislavadesignweek.sk\/wp-content\/uploads\/2023\/12\/MEMORIAL1_M\u0e15RIO_COUFAL-200x134.jpg 200w, https:\/\/www.bratislavadesignweek.sk\/wp-content\/uploads\/2023\/12\/MEMORIAL1_M\u0e15RIO_COUFAL-400x267.jpg 400w, https:\/\/www.bratislavadesignweek.sk\/wp-content\/uploads\/2023\/12\/MEMORIAL1_M\u0e15RIO_COUFAL-800x534.jpg 800w, https:\/\/www.bratislavadesignweek.sk\/wp-content\/uploads\/2023\/12\/MEMORIAL1_M\u0e15RIO_COUFAL-1200x801.jpg 1200w\" sizes=\"(max-width: 600px) 100vw, 600px\" \/> <img decoding=\"async\" class=\"aligncenter wp-image-13158 size-fusion-600\" src=\"http:\/\/www.bratislavadesignweek.sk\/wp-content\/uploads\/2023\/12\/MEMORIAL2_M\u0e15RIO_COUFAL-600x899.jpg\" alt=\"\" width=\"600\" height=\"899\" srcset=\"https:\/\/www.bratislavadesignweek.sk\/wp-content\/uploads\/2023\/12\/MEMORIAL2_M\u0e15RIO_COUFAL-600x899.jpg 600w, https:\/\/www.bratislavadesignweek.sk\/wp-content\/uploads\/2023\/12\/MEMORIAL2_M\u0e15RIO_COUFAL-200x300.jpg 200w, https:\/\/www.bratislavadesignweek.sk\/wp-content\/uploads\/2023\/12\/MEMORIAL2_M\u0e15RIO_COUFAL-684x1024.jpg 684w, https:\/\/www.bratislavadesignweek.sk\/wp-content\/uploads\/2023\/12\/MEMORIAL2_M\u0e15RIO_COUFAL-768x1150.jpg 768w, https:\/\/www.bratislavadesignweek.sk\/wp-content\/uploads\/2023\/12\/MEMORIAL2_M\u0e15RIO_COUFAL-1025x1536.jpg 1025w, https:\/\/www.bratislavadesignweek.sk\/wp-content\/uploads\/2023\/12\/MEMORIAL2_M\u0e15RIO_COUFAL-1367x2048.jpg 1367w, https:\/\/www.bratislavadesignweek.sk\/wp-content\/uploads\/2023\/12\/MEMORIAL2_M\u0e15RIO_COUFAL-400x599.jpg 400w, https:\/\/www.bratislavadesignweek.sk\/wp-content\/uploads\/2023\/12\/MEMORIAL2_M\u0e15RIO_COUFAL-800x1198.jpg 800w, https:\/\/www.bratislavadesignweek.sk\/wp-content\/uploads\/2023\/12\/MEMORIAL2_M\u0e15RIO_COUFAL-1200x1798.jpg 1200w, https:\/\/www.bratislavadesignweek.sk\/wp-content\/uploads\/2023\/12\/MEMORIAL2_M\u0e15RIO_COUFAL-scaled.jpg 1709w\" sizes=\"(max-width: 600px) 100vw, 600px\" \/> <img loading=\"lazy\" decoding=\"async\" class=\"aligncenter wp-image-13159 size-fusion-600\" src=\"http:\/\/www.bratislavadesignweek.sk\/wp-content\/uploads\/2023\/12\/MEMORIAL4_M\u0e15RIO_COUFAL-600x401.jpg\" alt=\"\" width=\"600\" height=\"401\" srcset=\"https:\/\/www.bratislavadesignweek.sk\/wp-content\/uploads\/2023\/12\/MEMORIAL4_M\u0e15RIO_COUFAL-600x401.jpg 600w, https:\/\/www.bratislavadesignweek.sk\/wp-content\/uploads\/2023\/12\/MEMORIAL4_M\u0e15RIO_COUFAL-300x200.jpg 300w, https:\/\/www.bratislavadesignweek.sk\/wp-content\/uploads\/2023\/12\/MEMORIAL4_M\u0e15RIO_COUFAL-1024x684.jpg 1024w, https:\/\/www.bratislavadesignweek.sk\/wp-content\/uploads\/2023\/12\/MEMORIAL4_M\u0e15RIO_COUFAL-768x513.jpg 768w, https:\/\/www.bratislavadesignweek.sk\/wp-content\/uploads\/2023\/12\/MEMORIAL4_M\u0e15RIO_COUFAL-1536x1025.jpg 1536w, https:\/\/www.bratislavadesignweek.sk\/wp-content\/uploads\/2023\/12\/MEMORIAL4_M\u0e15RIO_COUFAL-2048x1367.jpg 2048w, https:\/\/www.bratislavadesignweek.sk\/wp-content\/uploads\/2023\/12\/MEMORIAL4_M\u0e15RIO_COUFAL-200x134.jpg 200w, https:\/\/www.bratislavadesignweek.sk\/wp-content\/uploads\/2023\/12\/MEMORIAL4_M\u0e15RIO_COUFAL-400x267.jpg 400w, https:\/\/www.bratislavadesignweek.sk\/wp-content\/uploads\/2023\/12\/MEMORIAL4_M\u0e15RIO_COUFAL-800x534.jpg 800w, https:\/\/www.bratislavadesignweek.sk\/wp-content\/uploads\/2023\/12\/MEMORIAL4_M\u0e15RIO_COUFAL-1200x801.jpg 1200w\" sizes=\"(max-width: 600px) 100vw, 600px\" \/> <img loading=\"lazy\" decoding=\"async\" class=\"aligncenter wp-image-13160 size-fusion-600\" src=\"http:\/\/www.bratislavadesignweek.sk\/wp-content\/uploads\/2023\/12\/MEMORIAL5_MARIO_COUFAL-600x401.jpg\" alt=\"\" width=\"600\" height=\"401\" srcset=\"https:\/\/www.bratislavadesignweek.sk\/wp-content\/uploads\/2023\/12\/MEMORIAL5_MARIO_COUFAL-600x401.jpg 600w, https:\/\/www.bratislavadesignweek.sk\/wp-content\/uploads\/2023\/12\/MEMORIAL5_MARIO_COUFAL-300x200.jpg 300w, https:\/\/www.bratislavadesignweek.sk\/wp-content\/uploads\/2023\/12\/MEMORIAL5_MARIO_COUFAL-1024x684.jpg 1024w, https:\/\/www.bratislavadesignweek.sk\/wp-content\/uploads\/2023\/12\/MEMORIAL5_MARIO_COUFAL-768x513.jpg 768w, https:\/\/www.bratislavadesignweek.sk\/wp-content\/uploads\/2023\/12\/MEMORIAL5_MARIO_COUFAL-1536x1025.jpg 1536w, https:\/\/www.bratislavadesignweek.sk\/wp-content\/uploads\/2023\/12\/MEMORIAL5_MARIO_COUFAL-2048x1367.jpg 2048w, https:\/\/www.bratislavadesignweek.sk\/wp-content\/uploads\/2023\/12\/MEMORIAL5_MARIO_COUFAL-200x134.jpg 200w, https:\/\/www.bratislavadesignweek.sk\/wp-content\/uploads\/2023\/12\/MEMORIAL5_MARIO_COUFAL-400x267.jpg 400w, https:\/\/www.bratislavadesignweek.sk\/wp-content\/uploads\/2023\/12\/MEMORIAL5_MARIO_COUFAL-800x534.jpg 800w, https:\/\/www.bratislavadesignweek.sk\/wp-content\/uploads\/2023\/12\/MEMORIAL5_MARIO_COUFAL-1200x801.jpg 1200w\" sizes=\"(max-width: 600px) 100vw, 600px\" \/><\/p>","protected":false},"excerpt":{"rendered":"<p>&nbsp; Memori\u00e1l je kolekcia objektov zaoberaj\u00faca sa spomienkami a ich deform\u00e1ciou a n\u00e1slednou rekon\u0161trukciou. V kolekcii sa sna\u017e\u00edm zachyti\u0165 met\u00f3dy ktor\u00fdmi sa spomienky st\u00e1vaj\u00fa subjekt\u00edvnym obrazom em\u00f3ci\u00ed pomocou nieko\u013ek\u00fdch dizajn\u00e9rskych a v\u00fdtvarn\u00fdch postupov. T\u00fdmi s\u00fa redukcia charakteristick\u00fdch prvkov objektu, tak\u017ee strata jeho identity, generaliz\u00e1cia jeho siluety tak, aby len v\u00e1gne pripom\u00ednal nie\u010do, \u010do m\u00e1 zrejme [&hellip;]<\/p>","protected":false},"author":2,"featured_media":13156,"comment_status":"closed","ping_status":"closed","sticky":false,"template":"","format":"standard","meta":{"footnotes":""},"categories":[885],"tags":[],"_links":{"self":[{"href":"https:\/\/www.bratislavadesignweek.sk\/en\/wp-json\/wp\/v2\/posts\/13155"}],"collection":[{"href":"https:\/\/www.bratislavadesignweek.sk\/en\/wp-json\/wp\/v2\/posts"}],"about":[{"href":"https:\/\/www.bratislavadesignweek.sk\/en\/wp-json\/wp\/v2\/types\/post"}],"author":[{"embeddable":true,"href":"https:\/\/www.bratislavadesignweek.sk\/en\/wp-json\/wp\/v2\/users\/2"}],"replies":[{"embeddable":true,"href":"https:\/\/www.bratislavadesignweek.sk\/en\/wp-json\/wp\/v2\/comments?post=13155"}],"version-history":[{"count":1,"href":"https:\/\/www.bratislavadesignweek.sk\/en\/wp-json\/wp\/v2\/posts\/13155\/revisions"}],"predecessor-version":[{"id":13161,"href":"https:\/\/www.bratislavadesignweek.sk\/en\/wp-json\/wp\/v2\/posts\/13155\/revisions\/13161"}],"wp:featuredmedia":[{"embeddable":true,"href":"https:\/\/www.bratislavadesignweek.sk\/en\/wp-json\/wp\/v2\/media\/13156"}],"wp:attachment":[{"href":"https:\/\/www.bratislavadesignweek.sk\/en\/wp-json\/wp\/v2\/media?parent=13155"}],"wp:term":[{"taxonomy":"category","embeddable":true,"href":"https:\/\/www.bratislavadesignweek.sk\/en\/wp-json\/wp\/v2\/categories?post=13155"},{"taxonomy":"post_tag","embeddable":true,"href":"https:\/\/www.bratislavadesignweek.sk\/en\/wp-json\/wp\/v2\/tags?post=13155"}],"curies":[{"name":"wp","href":"https:\/\/api.w.org\/{rel}","templated":true}]}}