{"id":13213,"date":"2023-12-04T00:22:43","date_gmt":"2023-12-03T23:22:43","guid":{"rendered":"https:\/\/www.bratislavadesignweek.sk\/?p=13213"},"modified":"2023-12-04T00:22:43","modified_gmt":"2023-12-03T23:22:43","slug":"marta-juhasz-kolekcia-sperkov-everyday-treasures","status":"publish","type":"post","link":"https:\/\/www.bratislavadesignweek.sk\/en\/marta-juhasz-kolekcia-sperkov-everyday-treasures\/","title":{"rendered":"M\u00c1RTA JUH\u00c1SZ \/ KOLEKCIA \u0160PERKOV EVERYDAY TREASURES"},"content":{"rendered":"<p><img fetchpriority=\"high\" decoding=\"async\" class=\"aligncenter wp-image-13214 size-fusion-400\" src=\"http:\/\/www.bratislavadesignweek.sk\/wp-content\/uploads\/2023\/12\/BADW23_opencall-19-400x400.png\" alt=\"\" width=\"400\" height=\"400\" srcset=\"https:\/\/www.bratislavadesignweek.sk\/wp-content\/uploads\/2023\/12\/BADW23_opencall-19-400x400.png 400w, https:\/\/www.bratislavadesignweek.sk\/wp-content\/uploads\/2023\/12\/BADW23_opencall-19-300x300.png 300w, https:\/\/www.bratislavadesignweek.sk\/wp-content\/uploads\/2023\/12\/BADW23_opencall-19-1024x1024.png 1024w, https:\/\/www.bratislavadesignweek.sk\/wp-content\/uploads\/2023\/12\/BADW23_opencall-19-150x150.png 150w, https:\/\/www.bratislavadesignweek.sk\/wp-content\/uploads\/2023\/12\/BADW23_opencall-19-768x768.png 768w, https:\/\/www.bratislavadesignweek.sk\/wp-content\/uploads\/2023\/12\/BADW23_opencall-19-66x66.png 66w, https:\/\/www.bratislavadesignweek.sk\/wp-content\/uploads\/2023\/12\/BADW23_opencall-19-200x200.png 200w, https:\/\/www.bratislavadesignweek.sk\/wp-content\/uploads\/2023\/12\/BADW23_opencall-19-600x600.png 600w, https:\/\/www.bratislavadesignweek.sk\/wp-content\/uploads\/2023\/12\/BADW23_opencall-19-800x800.png 800w, https:\/\/www.bratislavadesignweek.sk\/wp-content\/uploads\/2023\/12\/BADW23_opencall-19.png 1081w\" sizes=\"(max-width: 400px) 100vw, 400px\" \/><\/p>\n<p>&nbsp;<\/p>\n<p>Kolekcia &#8218;Everyday Treasures&#8216; reflektuje t\u00fa\u017ebu autorky obohati\u0165 v\u0161edn\u00e9 dni nie\u010d\u00edm kr\u00e1snym a v\u00fdnimo\u010dn\u00fdm, \u010do vy\u010daruje mal\u00fd \u00fasmev na tv\u00e1r aj po\u010das oby\u010dajn\u00e9ho d\u0148a. Tak sa vlastne pomenovanie &#8218;Everyday Treasures&#8216; st\u00e1va aj v\u00fdzvou pre ka\u017ed\u00fa osobu s l\u00e1skou k \u0161perku, aby svoje najmil\u0161ie k\u00fasky neredukovali len na skr\u00e1\u0161lenie sviatkov. N\u00e1zov &#8218;Everyday Treasures&#8216; odkazuje aj na zrodenie kolekcie: in\u0161pir\u00e1ciou bol aj v tomto pr\u00edpade, ako u\u017e pri predo\u0161l\u00fdch kolekci\u00e1ch, v\u0161edn\u00e1 ka\u017edodenn\u00e1 mali\u010dkos\u0165 s nedocenenou estetickou hodnotou. Rozbit\u00e9 a roztr\u00fasen\u00e9 k\u00fasky skla na dla\u017eobn\u00fdch kame\u0148och a vklinen\u00e9 do \u0161k\u00e1r medzi jednotliv\u00fdmi dla\u017eobn\u00fdmi kockami, trblietaj\u00face sa na slnku \u010di v svetle verejn\u00e9ho osvetlenia ako vz\u00e1cne poklady. Kolekcia nadv\u00e4zuje na \u0161t\u00fdlov\u00e9 \u010drty Martinej tvorby: z\u00e1kladom s\u00fa \u010dist\u00e9, minimalistick\u00e9 l\u00ednie, no z\u00e1rove\u0148 jednotliv\u00e9 \u0161perky charakterizuj\u00fa ich trochu chaotick\u00e9, n\u00e1hodn\u00e9 a organick\u00e9 kvality. Autorka sa nesna\u017e\u00ed vytv\u00e1ra\u0165 uniformn\u00e9 kusy, naopak, sna\u017e\u00ed sa tomu vyh\u00fdba\u0165, t\u00fdm zv\u00fdraz\u0148uj\u00fac pridan\u00fa hodnotu a prirodzenos\u0165 ru\u010dne tvarovan\u00fdch \u0161perkov a pod\u010diarknuc kr\u00e1su pou\u017eit\u00fdch pr\u00edrodn\u00fdch drahokamov.<\/p>\n<p>&nbsp;<\/p>\n<p><img decoding=\"async\" class=\"aligncenter size-full wp-image-13215\" src=\"http:\/\/www.bratislavadesignweek.sk\/wp-content\/uploads\/2023\/12\/KOLEKCIASPERKOVEVERYDAYTREASURES1_MARTA_JUHASZ.jpg\" alt=\"\" width=\"853\" height=\"1280\" srcset=\"https:\/\/www.bratislavadesignweek.sk\/wp-content\/uploads\/2023\/12\/KOLEKCIASPERKOVEVERYDAYTREASURES1_MARTA_JUHASZ.jpg 853w, https:\/\/www.bratislavadesignweek.sk\/wp-content\/uploads\/2023\/12\/KOLEKCIASPERKOVEVERYDAYTREASURES1_MARTA_JUHASZ-200x300.jpg 200w, https:\/\/www.bratislavadesignweek.sk\/wp-content\/uploads\/2023\/12\/KOLEKCIASPERKOVEVERYDAYTREASURES1_MARTA_JUHASZ-682x1024.jpg 682w, https:\/\/www.bratislavadesignweek.sk\/wp-content\/uploads\/2023\/12\/KOLEKCIASPERKOVEVERYDAYTREASURES1_MARTA_JUHASZ-768x1152.jpg 768w, https:\/\/www.bratislavadesignweek.sk\/wp-content\/uploads\/2023\/12\/KOLEKCIASPERKOVEVERYDAYTREASURES1_MARTA_JUHASZ-400x600.jpg 400w, https:\/\/www.bratislavadesignweek.sk\/wp-content\/uploads\/2023\/12\/KOLEKCIASPERKOVEVERYDAYTREASURES1_MARTA_JUHASZ-600x900.jpg 600w, https:\/\/www.bratislavadesignweek.sk\/wp-content\/uploads\/2023\/12\/KOLEKCIASPERKOVEVERYDAYTREASURES1_MARTA_JUHASZ-800x1200.jpg 800w\" sizes=\"(max-width: 853px) 100vw, 853px\" \/> <img decoding=\"async\" class=\"aligncenter size-full wp-image-13216\" src=\"http:\/\/www.bratislavadesignweek.sk\/wp-content\/uploads\/2023\/12\/KOLEKCIASPERKOVEVERYDAYTREASURES2_MARTA_JUHASZ.jpg\" alt=\"\" width=\"853\" height=\"1280\" srcset=\"https:\/\/www.bratislavadesignweek.sk\/wp-content\/uploads\/2023\/12\/KOLEKCIASPERKOVEVERYDAYTREASURES2_MARTA_JUHASZ.jpg 853w, https:\/\/www.bratislavadesignweek.sk\/wp-content\/uploads\/2023\/12\/KOLEKCIASPERKOVEVERYDAYTREASURES2_MARTA_JUHASZ-200x300.jpg 200w, https:\/\/www.bratislavadesignweek.sk\/wp-content\/uploads\/2023\/12\/KOLEKCIASPERKOVEVERYDAYTREASURES2_MARTA_JUHASZ-682x1024.jpg 682w, https:\/\/www.bratislavadesignweek.sk\/wp-content\/uploads\/2023\/12\/KOLEKCIASPERKOVEVERYDAYTREASURES2_MARTA_JUHASZ-768x1152.jpg 768w, https:\/\/www.bratislavadesignweek.sk\/wp-content\/uploads\/2023\/12\/KOLEKCIASPERKOVEVERYDAYTREASURES2_MARTA_JUHASZ-400x600.jpg 400w, https:\/\/www.bratislavadesignweek.sk\/wp-content\/uploads\/2023\/12\/KOLEKCIASPERKOVEVERYDAYTREASURES2_MARTA_JUHASZ-600x900.jpg 600w, https:\/\/www.bratislavadesignweek.sk\/wp-content\/uploads\/2023\/12\/KOLEKCIASPERKOVEVERYDAYTREASURES2_MARTA_JUHASZ-800x1200.jpg 800w\" sizes=\"(max-width: 853px) 100vw, 853px\" \/> <img loading=\"lazy\" decoding=\"async\" class=\"aligncenter size-full wp-image-13217\" src=\"http:\/\/www.bratislavadesignweek.sk\/wp-content\/uploads\/2023\/12\/KOLEKCIASPERKOVEVERYDAYTREASURES3_MARTA_JUHASZ.jpg\" alt=\"\" width=\"1280\" height=\"853\" srcset=\"https:\/\/www.bratislavadesignweek.sk\/wp-content\/uploads\/2023\/12\/KOLEKCIASPERKOVEVERYDAYTREASURES3_MARTA_JUHASZ.jpg 1280w, https:\/\/www.bratislavadesignweek.sk\/wp-content\/uploads\/2023\/12\/KOLEKCIASPERKOVEVERYDAYTREASURES3_MARTA_JUHASZ-300x200.jpg 300w, https:\/\/www.bratislavadesignweek.sk\/wp-content\/uploads\/2023\/12\/KOLEKCIASPERKOVEVERYDAYTREASURES3_MARTA_JUHASZ-1024x682.jpg 1024w, https:\/\/www.bratislavadesignweek.sk\/wp-content\/uploads\/2023\/12\/KOLEKCIASPERKOVEVERYDAYTREASURES3_MARTA_JUHASZ-768x512.jpg 768w, https:\/\/www.bratislavadesignweek.sk\/wp-content\/uploads\/2023\/12\/KOLEKCIASPERKOVEVERYDAYTREASURES3_MARTA_JUHASZ-200x133.jpg 200w, https:\/\/www.bratislavadesignweek.sk\/wp-content\/uploads\/2023\/12\/KOLEKCIASPERKOVEVERYDAYTREASURES3_MARTA_JUHASZ-400x267.jpg 400w, https:\/\/www.bratislavadesignweek.sk\/wp-content\/uploads\/2023\/12\/KOLEKCIASPERKOVEVERYDAYTREASURES3_MARTA_JUHASZ-600x400.jpg 600w, https:\/\/www.bratislavadesignweek.sk\/wp-content\/uploads\/2023\/12\/KOLEKCIASPERKOVEVERYDAYTREASURES3_MARTA_JUHASZ-800x533.jpg 800w, https:\/\/www.bratislavadesignweek.sk\/wp-content\/uploads\/2023\/12\/KOLEKCIASPERKOVEVERYDAYTREASURES3_MARTA_JUHASZ-1200x800.jpg 1200w\" sizes=\"(max-width: 1280px) 100vw, 1280px\" \/> <img loading=\"lazy\" decoding=\"async\" class=\"aligncenter size-full wp-image-13218\" src=\"http:\/\/www.bratislavadesignweek.sk\/wp-content\/uploads\/2023\/12\/KOLEKCIASPERKOVEVERYDAYTREASURES4_MARTA_JUHASZ.jpg\" alt=\"\" width=\"853\" height=\"1280\" srcset=\"https:\/\/www.bratislavadesignweek.sk\/wp-content\/uploads\/2023\/12\/KOLEKCIASPERKOVEVERYDAYTREASURES4_MARTA_JUHASZ.jpg 853w, https:\/\/www.bratislavadesignweek.sk\/wp-content\/uploads\/2023\/12\/KOLEKCIASPERKOVEVERYDAYTREASURES4_MARTA_JUHASZ-200x300.jpg 200w, https:\/\/www.bratislavadesignweek.sk\/wp-content\/uploads\/2023\/12\/KOLEKCIASPERKOVEVERYDAYTREASURES4_MARTA_JUHASZ-682x1024.jpg 682w, https:\/\/www.bratislavadesignweek.sk\/wp-content\/uploads\/2023\/12\/KOLEKCIASPERKOVEVERYDAYTREASURES4_MARTA_JUHASZ-768x1152.jpg 768w, https:\/\/www.bratislavadesignweek.sk\/wp-content\/uploads\/2023\/12\/KOLEKCIASPERKOVEVERYDAYTREASURES4_MARTA_JUHASZ-400x600.jpg 400w, https:\/\/www.bratislavadesignweek.sk\/wp-content\/uploads\/2023\/12\/KOLEKCIASPERKOVEVERYDAYTREASURES4_MARTA_JUHASZ-600x900.jpg 600w, https:\/\/www.bratislavadesignweek.sk\/wp-content\/uploads\/2023\/12\/KOLEKCIASPERKOVEVERYDAYTREASURES4_MARTA_JUHASZ-800x1200.jpg 800w\" sizes=\"(max-width: 853px) 100vw, 853px\" \/> <img loading=\"lazy\" decoding=\"async\" class=\"aligncenter size-full wp-image-13219\" src=\"http:\/\/www.bratislavadesignweek.sk\/wp-content\/uploads\/2023\/12\/KOLEKCIASPERKOVEVERYDAYTREASURES5_MARTA_JUHASZ.jpg\" alt=\"\" width=\"1024\" height=\"1024\" srcset=\"https:\/\/www.bratislavadesignweek.sk\/wp-content\/uploads\/2023\/12\/KOLEKCIASPERKOVEVERYDAYTREASURES5_MARTA_JUHASZ.jpg 1024w, https:\/\/www.bratislavadesignweek.sk\/wp-content\/uploads\/2023\/12\/KOLEKCIASPERKOVEVERYDAYTREASURES5_MARTA_JUHASZ-300x300.jpg 300w, https:\/\/www.bratislavadesignweek.sk\/wp-content\/uploads\/2023\/12\/KOLEKCIASPERKOVEVERYDAYTREASURES5_MARTA_JUHASZ-150x150.jpg 150w, https:\/\/www.bratislavadesignweek.sk\/wp-content\/uploads\/2023\/12\/KOLEKCIASPERKOVEVERYDAYTREASURES5_MARTA_JUHASZ-768x768.jpg 768w, https:\/\/www.bratislavadesignweek.sk\/wp-content\/uploads\/2023\/12\/KOLEKCIASPERKOVEVERYDAYTREASURES5_MARTA_JUHASZ-66x66.jpg 66w, https:\/\/www.bratislavadesignweek.sk\/wp-content\/uploads\/2023\/12\/KOLEKCIASPERKOVEVERYDAYTREASURES5_MARTA_JUHASZ-200x200.jpg 200w, https:\/\/www.bratislavadesignweek.sk\/wp-content\/uploads\/2023\/12\/KOLEKCIASPERKOVEVERYDAYTREASURES5_MARTA_JUHASZ-400x400.jpg 400w, https:\/\/www.bratislavadesignweek.sk\/wp-content\/uploads\/2023\/12\/KOLEKCIASPERKOVEVERYDAYTREASURES5_MARTA_JUHASZ-600x600.jpg 600w, https:\/\/www.bratislavadesignweek.sk\/wp-content\/uploads\/2023\/12\/KOLEKCIASPERKOVEVERYDAYTREASURES5_MARTA_JUHASZ-800x800.jpg 800w\" sizes=\"(max-width: 1024px) 100vw, 1024px\" \/><\/p>","protected":false},"excerpt":{"rendered":"<p>&nbsp; Kolekcia &#8218;Everyday Treasures&#8216; reflektuje t\u00fa\u017ebu autorky obohati\u0165 v\u0161edn\u00e9 dni nie\u010d\u00edm kr\u00e1snym a v\u00fdnimo\u010dn\u00fdm, \u010do vy\u010daruje mal\u00fd \u00fasmev na tv\u00e1r aj po\u010das oby\u010dajn\u00e9ho d\u0148a. Tak sa vlastne pomenovanie &#8218;Everyday Treasures&#8216; st\u00e1va aj v\u00fdzvou pre ka\u017ed\u00fa osobu s l\u00e1skou k \u0161perku, aby svoje najmil\u0161ie k\u00fasky neredukovali len na skr\u00e1\u0161lenie sviatkov. N\u00e1zov &#8218;Everyday Treasures&#8216; odkazuje aj na [&hellip;]<\/p>","protected":false},"author":2,"featured_media":13214,"comment_status":"closed","ping_status":"closed","sticky":false,"template":"","format":"standard","meta":{"footnotes":""},"categories":[885],"tags":[],"_links":{"self":[{"href":"https:\/\/www.bratislavadesignweek.sk\/en\/wp-json\/wp\/v2\/posts\/13213"}],"collection":[{"href":"https:\/\/www.bratislavadesignweek.sk\/en\/wp-json\/wp\/v2\/posts"}],"about":[{"href":"https:\/\/www.bratislavadesignweek.sk\/en\/wp-json\/wp\/v2\/types\/post"}],"author":[{"embeddable":true,"href":"https:\/\/www.bratislavadesignweek.sk\/en\/wp-json\/wp\/v2\/users\/2"}],"replies":[{"embeddable":true,"href":"https:\/\/www.bratislavadesignweek.sk\/en\/wp-json\/wp\/v2\/comments?post=13213"}],"version-history":[{"count":1,"href":"https:\/\/www.bratislavadesignweek.sk\/en\/wp-json\/wp\/v2\/posts\/13213\/revisions"}],"predecessor-version":[{"id":13220,"href":"https:\/\/www.bratislavadesignweek.sk\/en\/wp-json\/wp\/v2\/posts\/13213\/revisions\/13220"}],"wp:featuredmedia":[{"embeddable":true,"href":"https:\/\/www.bratislavadesignweek.sk\/en\/wp-json\/wp\/v2\/media\/13214"}],"wp:attachment":[{"href":"https:\/\/www.bratislavadesignweek.sk\/en\/wp-json\/wp\/v2\/media?parent=13213"}],"wp:term":[{"taxonomy":"category","embeddable":true,"href":"https:\/\/www.bratislavadesignweek.sk\/en\/wp-json\/wp\/v2\/categories?post=13213"},{"taxonomy":"post_tag","embeddable":true,"href":"https:\/\/www.bratislavadesignweek.sk\/en\/wp-json\/wp\/v2\/tags?post=13213"}],"curies":[{"name":"wp","href":"https:\/\/api.w.org\/{rel}","templated":true}]}}