{"id":13232,"date":"2023-12-04T00:29:26","date_gmt":"2023-12-03T23:29:26","guid":{"rendered":"https:\/\/www.bratislavadesignweek.sk\/?p=13232"},"modified":"2024-09-22T19:27:19","modified_gmt":"2024-09-22T17:27:19","slug":"martina-ulincianska-soil-clay-2022","status":"publish","type":"post","link":"https:\/\/www.bratislavadesignweek.sk\/en\/martina-ulincianska-soil-clay-2022\/","title":{"rendered":"MARTINA ULIN\u010cIANSKA \/ SOIL &#038; CLAY, 2022"},"content":{"rendered":"<p><img fetchpriority=\"high\" decoding=\"async\" class=\"aligncenter wp-image-13233 size-fusion-400\" src=\"http:\/\/www.bratislavadesignweek.sk\/wp-content\/uploads\/2023\/12\/BADW23_opencall-27-400x400.png\" alt=\"\" width=\"400\" height=\"400\" srcset=\"https:\/\/www.bratislavadesignweek.sk\/wp-content\/uploads\/2023\/12\/BADW23_opencall-27-400x400.png 400w, https:\/\/www.bratislavadesignweek.sk\/wp-content\/uploads\/2023\/12\/BADW23_opencall-27-300x300.png 300w, https:\/\/www.bratislavadesignweek.sk\/wp-content\/uploads\/2023\/12\/BADW23_opencall-27-1024x1024.png 1024w, https:\/\/www.bratislavadesignweek.sk\/wp-content\/uploads\/2023\/12\/BADW23_opencall-27-150x150.png 150w, https:\/\/www.bratislavadesignweek.sk\/wp-content\/uploads\/2023\/12\/BADW23_opencall-27-768x768.png 768w, https:\/\/www.bratislavadesignweek.sk\/wp-content\/uploads\/2023\/12\/BADW23_opencall-27-66x66.png 66w, https:\/\/www.bratislavadesignweek.sk\/wp-content\/uploads\/2023\/12\/BADW23_opencall-27-200x200.png 200w, https:\/\/www.bratislavadesignweek.sk\/wp-content\/uploads\/2023\/12\/BADW23_opencall-27-600x600.png 600w, https:\/\/www.bratislavadesignweek.sk\/wp-content\/uploads\/2023\/12\/BADW23_opencall-27-800x800.png 800w, https:\/\/www.bratislavadesignweek.sk\/wp-content\/uploads\/2023\/12\/BADW23_opencall-27.png 1081w\" sizes=\"(max-width: 400px) 100vw, 400px\" \/><\/p>\n<p>Sucho voda ohe\u0148 Dizajn\u00e9rsko-v\u00fdskumn\u00fd projekt Soil &amp; clay \/ Hlina &amp; hlina, vych\u00e1dza zo slovnej hra\u010dky v\u00fdznamu slova hlina. Hlina ako p\u00f4da, zemina, \u00edl, ale aj keramick\u00e1 hlina a kaol\u00edn. V prvej \u010dasti je v\u00fdskumom a h\u013eadan\u00edm materi\u00e1lov v pr\u00edrode, ktor\u00e9 s\u00fa n\u00e1sledne pou\u017eit\u00e9 v keramickej tvorbe. Putovan\u00edm krajinou, ktor\u00fa autorka pozn\u00e1 a ktor\u00e1 je jej bl\u00edzka, nach\u00e1dzala tieto materi\u00e1ly v ich prirodzenom prostred\u00ed. Pr\u00edrodn\u00e1 hlina \u2013 wild clay, len hrubo vy\u010disten\u00e1, sa v kombin\u00e1cii s porcel\u00e1nom a priemyselne upravenou hlinou ako doplnkom st\u00e1va rovnocenn\u00fdm materi\u00e1lom so \u0161pecifick\u00fdmi vlastnos\u0165ami. Autorka z nej vytv\u00e1ra v\u00e1zy, misky a objekty, vyu\u017e\u00edvaj\u00fac charakteristiky jednotliv\u00fdch materi\u00e1lov. Ich prirodzen\u00fa farebnos\u0165, \u0161trukt\u00faru a takisto aj vplyv teploty po\u010das v\u00fdpalu na jednotliv\u00e9 materi\u00e1ly, \u010do z\u00e1sadne ovplyv\u0148uje kone\u010dn\u00fd v\u00fdsledok. Experimentuje a vytv\u00e1ra vlastn\u00e9 technologick\u00e9 postupy, vplyvom vody a sucha na surov\u00fd materi\u00e1l. https:\/\/www.slovakroses.com\/ziaden-material-v-prirode-nie-je-menejcenny\/ Materi\u00e1l: pr\u00edrodn\u00e1 hlina, porcel\u00e1n, \u0161amot, kamenina, transparentn\u00e1 glaz\u00fara.<\/p>\n<p><img decoding=\"async\" class=\"aligncenter size-full wp-image-13234\" src=\"http:\/\/www.bratislavadesignweek.sk\/wp-content\/uploads\/2023\/12\/SOILANDCLAY001_MARTINA_ULICIANSKA-scaled.jpg\" alt=\"\" width=\"2560\" height=\"1810\" srcset=\"https:\/\/www.bratislavadesignweek.sk\/wp-content\/uploads\/2023\/12\/SOILANDCLAY001_MARTINA_ULICIANSKA-scaled.jpg 2560w, https:\/\/www.bratislavadesignweek.sk\/wp-content\/uploads\/2023\/12\/SOILANDCLAY001_MARTINA_ULICIANSKA-300x212.jpg 300w, https:\/\/www.bratislavadesignweek.sk\/wp-content\/uploads\/2023\/12\/SOILANDCLAY001_MARTINA_ULICIANSKA-1024x724.jpg 1024w, https:\/\/www.bratislavadesignweek.sk\/wp-content\/uploads\/2023\/12\/SOILANDCLAY001_MARTINA_ULICIANSKA-768x543.jpg 768w, https:\/\/www.bratislavadesignweek.sk\/wp-content\/uploads\/2023\/12\/SOILANDCLAY001_MARTINA_ULICIANSKA-1536x1086.jpg 1536w, https:\/\/www.bratislavadesignweek.sk\/wp-content\/uploads\/2023\/12\/SOILANDCLAY001_MARTINA_ULICIANSKA-2048x1448.jpg 2048w, https:\/\/www.bratislavadesignweek.sk\/wp-content\/uploads\/2023\/12\/SOILANDCLAY001_MARTINA_ULICIANSKA-200x141.jpg 200w, https:\/\/www.bratislavadesignweek.sk\/wp-content\/uploads\/2023\/12\/SOILANDCLAY001_MARTINA_ULICIANSKA-400x283.jpg 400w, https:\/\/www.bratislavadesignweek.sk\/wp-content\/uploads\/2023\/12\/SOILANDCLAY001_MARTINA_ULICIANSKA-600x424.jpg 600w, https:\/\/www.bratislavadesignweek.sk\/wp-content\/uploads\/2023\/12\/SOILANDCLAY001_MARTINA_ULICIANSKA-800x566.jpg 800w, https:\/\/www.bratislavadesignweek.sk\/wp-content\/uploads\/2023\/12\/SOILANDCLAY001_MARTINA_ULICIANSKA-1200x849.jpg 1200w\" sizes=\"(max-width: 2560px) 100vw, 2560px\" \/> <img decoding=\"async\" class=\"aligncenter size-full wp-image-13235\" src=\"http:\/\/www.bratislavadesignweek.sk\/wp-content\/uploads\/2023\/12\/SOILANDCLAY002_MARTINA_ULICIANSKA-scaled.jpg\" alt=\"\" width=\"1696\" height=\"2560\" srcset=\"https:\/\/www.bratislavadesignweek.sk\/wp-content\/uploads\/2023\/12\/SOILANDCLAY002_MARTINA_ULICIANSKA-scaled.jpg 1696w, https:\/\/www.bratislavadesignweek.sk\/wp-content\/uploads\/2023\/12\/SOILANDCLAY002_MARTINA_ULICIANSKA-199x300.jpg 199w, https:\/\/www.bratislavadesignweek.sk\/wp-content\/uploads\/2023\/12\/SOILANDCLAY002_MARTINA_ULICIANSKA-678x1024.jpg 678w, https:\/\/www.bratislavadesignweek.sk\/wp-content\/uploads\/2023\/12\/SOILANDCLAY002_MARTINA_ULICIANSKA-768x1160.jpg 768w, https:\/\/www.bratislavadesignweek.sk\/wp-content\/uploads\/2023\/12\/SOILANDCLAY002_MARTINA_ULICIANSKA-1017x1536.jpg 1017w, https:\/\/www.bratislavadesignweek.sk\/wp-content\/uploads\/2023\/12\/SOILANDCLAY002_MARTINA_ULICIANSKA-1356x2048.jpg 1356w, https:\/\/www.bratislavadesignweek.sk\/wp-content\/uploads\/2023\/12\/SOILANDCLAY002_MARTINA_ULICIANSKA-200x302.jpg 200w, https:\/\/www.bratislavadesignweek.sk\/wp-content\/uploads\/2023\/12\/SOILANDCLAY002_MARTINA_ULICIANSKA-400x604.jpg 400w, https:\/\/www.bratislavadesignweek.sk\/wp-content\/uploads\/2023\/12\/SOILANDCLAY002_MARTINA_ULICIANSKA-600x906.jpg 600w, https:\/\/www.bratislavadesignweek.sk\/wp-content\/uploads\/2023\/12\/SOILANDCLAY002_MARTINA_ULICIANSKA-800x1208.jpg 800w, https:\/\/www.bratislavadesignweek.sk\/wp-content\/uploads\/2023\/12\/SOILANDCLAY002_MARTINA_ULICIANSKA-1200x1812.jpg 1200w\" sizes=\"(max-width: 1696px) 100vw, 1696px\" \/> <img loading=\"lazy\" decoding=\"async\" class=\"aligncenter size-full wp-image-13236\" src=\"http:\/\/www.bratislavadesignweek.sk\/wp-content\/uploads\/2023\/12\/SOILANDCLAY003_MARTINA_ULICIANSKA-scaled.jpg\" alt=\"\" width=\"1695\" height=\"2560\" srcset=\"https:\/\/www.bratislavadesignweek.sk\/wp-content\/uploads\/2023\/12\/SOILANDCLAY003_MARTINA_ULICIANSKA-scaled.jpg 1695w, https:\/\/www.bratislavadesignweek.sk\/wp-content\/uploads\/2023\/12\/SOILANDCLAY003_MARTINA_ULICIANSKA-199x300.jpg 199w, https:\/\/www.bratislavadesignweek.sk\/wp-content\/uploads\/2023\/12\/SOILANDCLAY003_MARTINA_ULICIANSKA-678x1024.jpg 678w, https:\/\/www.bratislavadesignweek.sk\/wp-content\/uploads\/2023\/12\/SOILANDCLAY003_MARTINA_ULICIANSKA-768x1160.jpg 768w, https:\/\/www.bratislavadesignweek.sk\/wp-content\/uploads\/2023\/12\/SOILANDCLAY003_MARTINA_ULICIANSKA-1017x1536.jpg 1017w, https:\/\/www.bratislavadesignweek.sk\/wp-content\/uploads\/2023\/12\/SOILANDCLAY003_MARTINA_ULICIANSKA-1356x2048.jpg 1356w, https:\/\/www.bratislavadesignweek.sk\/wp-content\/uploads\/2023\/12\/SOILANDCLAY003_MARTINA_ULICIANSKA-200x302.jpg 200w, https:\/\/www.bratislavadesignweek.sk\/wp-content\/uploads\/2023\/12\/SOILANDCLAY003_MARTINA_ULICIANSKA-400x604.jpg 400w, https:\/\/www.bratislavadesignweek.sk\/wp-content\/uploads\/2023\/12\/SOILANDCLAY003_MARTINA_ULICIANSKA-600x906.jpg 600w, https:\/\/www.bratislavadesignweek.sk\/wp-content\/uploads\/2023\/12\/SOILANDCLAY003_MARTINA_ULICIANSKA-800x1208.jpg 800w, https:\/\/www.bratislavadesignweek.sk\/wp-content\/uploads\/2023\/12\/SOILANDCLAY003_MARTINA_ULICIANSKA-1200x1812.jpg 1200w\" sizes=\"(max-width: 1695px) 100vw, 1695px\" \/> <img loading=\"lazy\" decoding=\"async\" class=\"aligncenter size-full wp-image-13237\" src=\"http:\/\/www.bratislavadesignweek.sk\/wp-content\/uploads\/2023\/12\/SOILANDCLAY004_MARTINA_ULICIANSKA-scaled.jpg\" alt=\"\" width=\"1696\" height=\"2560\" srcset=\"https:\/\/www.bratislavadesignweek.sk\/wp-content\/uploads\/2023\/12\/SOILANDCLAY004_MARTINA_ULICIANSKA-scaled.jpg 1696w, https:\/\/www.bratislavadesignweek.sk\/wp-content\/uploads\/2023\/12\/SOILANDCLAY004_MARTINA_ULICIANSKA-199x300.jpg 199w, https:\/\/www.bratislavadesignweek.sk\/wp-content\/uploads\/2023\/12\/SOILANDCLAY004_MARTINA_ULICIANSKA-678x1024.jpg 678w, https:\/\/www.bratislavadesignweek.sk\/wp-content\/uploads\/2023\/12\/SOILANDCLAY004_MARTINA_ULICIANSKA-768x1160.jpg 768w, https:\/\/www.bratislavadesignweek.sk\/wp-content\/uploads\/2023\/12\/SOILANDCLAY004_MARTINA_ULICIANSKA-1017x1536.jpg 1017w, https:\/\/www.bratislavadesignweek.sk\/wp-content\/uploads\/2023\/12\/SOILANDCLAY004_MARTINA_ULICIANSKA-1356x2048.jpg 1356w, https:\/\/www.bratislavadesignweek.sk\/wp-content\/uploads\/2023\/12\/SOILANDCLAY004_MARTINA_ULICIANSKA-200x302.jpg 200w, https:\/\/www.bratislavadesignweek.sk\/wp-content\/uploads\/2023\/12\/SOILANDCLAY004_MARTINA_ULICIANSKA-400x604.jpg 400w, https:\/\/www.bratislavadesignweek.sk\/wp-content\/uploads\/2023\/12\/SOILANDCLAY004_MARTINA_ULICIANSKA-600x906.jpg 600w, https:\/\/www.bratislavadesignweek.sk\/wp-content\/uploads\/2023\/12\/SOILANDCLAY004_MARTINA_ULICIANSKA-800x1208.jpg 800w, https:\/\/www.bratislavadesignweek.sk\/wp-content\/uploads\/2023\/12\/SOILANDCLAY004_MARTINA_ULICIANSKA-1200x1812.jpg 1200w\" sizes=\"(max-width: 1696px) 100vw, 1696px\" \/> <img loading=\"lazy\" decoding=\"async\" class=\"aligncenter size-full wp-image-13238\" src=\"http:\/\/www.bratislavadesignweek.sk\/wp-content\/uploads\/2023\/12\/SOILANDCLAY006_MARTINA_ULICIANSKA-scaled.jpg\" alt=\"\" width=\"2560\" height=\"1696\" srcset=\"https:\/\/www.bratislavadesignweek.sk\/wp-content\/uploads\/2023\/12\/SOILANDCLAY006_MARTINA_ULICIANSKA-scaled.jpg 2560w, https:\/\/www.bratislavadesignweek.sk\/wp-content\/uploads\/2023\/12\/SOILANDCLAY006_MARTINA_ULICIANSKA-300x199.jpg 300w, https:\/\/www.bratislavadesignweek.sk\/wp-content\/uploads\/2023\/12\/SOILANDCLAY006_MARTINA_ULICIANSKA-1024x678.jpg 1024w, https:\/\/www.bratislavadesignweek.sk\/wp-content\/uploads\/2023\/12\/SOILANDCLAY006_MARTINA_ULICIANSKA-768x509.jpg 768w, https:\/\/www.bratislavadesignweek.sk\/wp-content\/uploads\/2023\/12\/SOILANDCLAY006_MARTINA_ULICIANSKA-1536x1017.jpg 1536w, https:\/\/www.bratislavadesignweek.sk\/wp-content\/uploads\/2023\/12\/SOILANDCLAY006_MARTINA_ULICIANSKA-2048x1356.jpg 2048w, https:\/\/www.bratislavadesignweek.sk\/wp-content\/uploads\/2023\/12\/SOILANDCLAY006_MARTINA_ULICIANSKA-200x132.jpg 200w, https:\/\/www.bratislavadesignweek.sk\/wp-content\/uploads\/2023\/12\/SOILANDCLAY006_MARTINA_ULICIANSKA-400x265.jpg 400w, https:\/\/www.bratislavadesignweek.sk\/wp-content\/uploads\/2023\/12\/SOILANDCLAY006_MARTINA_ULICIANSKA-600x397.jpg 600w, https:\/\/www.bratislavadesignweek.sk\/wp-content\/uploads\/2023\/12\/SOILANDCLAY006_MARTINA_ULICIANSKA-800x530.jpg 800w, https:\/\/www.bratislavadesignweek.sk\/wp-content\/uploads\/2023\/12\/SOILANDCLAY006_MARTINA_ULICIANSKA-1200x795.jpg 1200w\" sizes=\"(max-width: 2560px) 100vw, 2560px\" \/> <img loading=\"lazy\" decoding=\"async\" class=\"aligncenter size-full wp-image-13239\" src=\"http:\/\/www.bratislavadesignweek.sk\/wp-content\/uploads\/2023\/12\/SOILANDCLAY010_MARTINA_ULICIANSKA-scaled.jpg\" alt=\"\" width=\"2560\" height=\"1696\" srcset=\"https:\/\/www.bratislavadesignweek.sk\/wp-content\/uploads\/2023\/12\/SOILANDCLAY010_MARTINA_ULICIANSKA-scaled.jpg 2560w, https:\/\/www.bratislavadesignweek.sk\/wp-content\/uploads\/2023\/12\/SOILANDCLAY010_MARTINA_ULICIANSKA-300x199.jpg 300w, https:\/\/www.bratislavadesignweek.sk\/wp-content\/uploads\/2023\/12\/SOILANDCLAY010_MARTINA_ULICIANSKA-1024x678.jpg 1024w, https:\/\/www.bratislavadesignweek.sk\/wp-content\/uploads\/2023\/12\/SOILANDCLAY010_MARTINA_ULICIANSKA-768x509.jpg 768w, https:\/\/www.bratislavadesignweek.sk\/wp-content\/uploads\/2023\/12\/SOILANDCLAY010_MARTINA_ULICIANSKA-1536x1017.jpg 1536w, https:\/\/www.bratislavadesignweek.sk\/wp-content\/uploads\/2023\/12\/SOILANDCLAY010_MARTINA_ULICIANSKA-2048x1356.jpg 2048w, https:\/\/www.bratislavadesignweek.sk\/wp-content\/uploads\/2023\/12\/SOILANDCLAY010_MARTINA_ULICIANSKA-200x132.jpg 200w, https:\/\/www.bratislavadesignweek.sk\/wp-content\/uploads\/2023\/12\/SOILANDCLAY010_MARTINA_ULICIANSKA-400x265.jpg 400w, https:\/\/www.bratislavadesignweek.sk\/wp-content\/uploads\/2023\/12\/SOILANDCLAY010_MARTINA_ULICIANSKA-600x397.jpg 600w, https:\/\/www.bratislavadesignweek.sk\/wp-content\/uploads\/2023\/12\/SOILANDCLAY010_MARTINA_ULICIANSKA-800x530.jpg 800w, https:\/\/www.bratislavadesignweek.sk\/wp-content\/uploads\/2023\/12\/SOILANDCLAY010_MARTINA_ULICIANSKA-1200x795.jpg 1200w\" sizes=\"(max-width: 2560px) 100vw, 2560px\" \/><\/p>","protected":false},"excerpt":{"rendered":"<p>Sucho voda ohe\u0148 Dizajn\u00e9rsko-v\u00fdskumn\u00fd projekt Soil &amp; clay \/ Hlina &amp; hlina, vych\u00e1dza zo slovnej hra\u010dky v\u00fdznamu slova hlina. Hlina ako p\u00f4da, zemina, \u00edl, ale aj keramick\u00e1 hlina a kaol\u00edn. V prvej \u010dasti je v\u00fdskumom a h\u013eadan\u00edm materi\u00e1lov v pr\u00edrode, ktor\u00e9 s\u00fa n\u00e1sledne pou\u017eit\u00e9 v keramickej tvorbe. Putovan\u00edm krajinou, ktor\u00fa autorka pozn\u00e1 a ktor\u00e1 je [&hellip;]<\/p>","protected":false},"author":2,"featured_media":13233,"comment_status":"closed","ping_status":"closed","sticky":false,"template":"","format":"standard","meta":{"footnotes":""},"categories":[885],"tags":[],"_links":{"self":[{"href":"https:\/\/www.bratislavadesignweek.sk\/en\/wp-json\/wp\/v2\/posts\/13232"}],"collection":[{"href":"https:\/\/www.bratislavadesignweek.sk\/en\/wp-json\/wp\/v2\/posts"}],"about":[{"href":"https:\/\/www.bratislavadesignweek.sk\/en\/wp-json\/wp\/v2\/types\/post"}],"author":[{"embeddable":true,"href":"https:\/\/www.bratislavadesignweek.sk\/en\/wp-json\/wp\/v2\/users\/2"}],"replies":[{"embeddable":true,"href":"https:\/\/www.bratislavadesignweek.sk\/en\/wp-json\/wp\/v2\/comments?post=13232"}],"version-history":[{"count":3,"href":"https:\/\/www.bratislavadesignweek.sk\/en\/wp-json\/wp\/v2\/posts\/13232\/revisions"}],"predecessor-version":[{"id":14275,"href":"https:\/\/www.bratislavadesignweek.sk\/en\/wp-json\/wp\/v2\/posts\/13232\/revisions\/14275"}],"wp:featuredmedia":[{"embeddable":true,"href":"https:\/\/www.bratislavadesignweek.sk\/en\/wp-json\/wp\/v2\/media\/13233"}],"wp:attachment":[{"href":"https:\/\/www.bratislavadesignweek.sk\/en\/wp-json\/wp\/v2\/media?parent=13232"}],"wp:term":[{"taxonomy":"category","embeddable":true,"href":"https:\/\/www.bratislavadesignweek.sk\/en\/wp-json\/wp\/v2\/categories?post=13232"},{"taxonomy":"post_tag","embeddable":true,"href":"https:\/\/www.bratislavadesignweek.sk\/en\/wp-json\/wp\/v2\/tags?post=13232"}],"curies":[{"name":"wp","href":"https:\/\/api.w.org\/{rel}","templated":true}]}}