{"id":13241,"date":"2023-12-04T00:32:03","date_gmt":"2023-12-03T23:32:03","guid":{"rendered":"https:\/\/www.bratislavadesignweek.sk\/?p=13241"},"modified":"2023-12-04T00:32:03","modified_gmt":"2023-12-03T23:32:03","slug":"petra-rabanska-reflectorians","status":"publish","type":"post","link":"https:\/\/www.bratislavadesignweek.sk\/en\/petra-rabanska-reflectorians\/","title":{"rendered":"PETRA RAB\u00c1NSKA \/ REFLECTORIAN&#8217;S"},"content":{"rendered":"<p><img fetchpriority=\"high\" decoding=\"async\" class=\"aligncenter wp-image-13242 size-fusion-400\" src=\"http:\/\/www.bratislavadesignweek.sk\/wp-content\/uploads\/2023\/12\/BADW23_opencall__-36-400x400.png\" alt=\"\" width=\"400\" height=\"400\" srcset=\"https:\/\/www.bratislavadesignweek.sk\/wp-content\/uploads\/2023\/12\/BADW23_opencall__-36-400x400.png 400w, https:\/\/www.bratislavadesignweek.sk\/wp-content\/uploads\/2023\/12\/BADW23_opencall__-36-300x300.png 300w, https:\/\/www.bratislavadesignweek.sk\/wp-content\/uploads\/2023\/12\/BADW23_opencall__-36-1024x1024.png 1024w, https:\/\/www.bratislavadesignweek.sk\/wp-content\/uploads\/2023\/12\/BADW23_opencall__-36-150x150.png 150w, https:\/\/www.bratislavadesignweek.sk\/wp-content\/uploads\/2023\/12\/BADW23_opencall__-36-768x768.png 768w, https:\/\/www.bratislavadesignweek.sk\/wp-content\/uploads\/2023\/12\/BADW23_opencall__-36-66x66.png 66w, https:\/\/www.bratislavadesignweek.sk\/wp-content\/uploads\/2023\/12\/BADW23_opencall__-36-200x200.png 200w, https:\/\/www.bratislavadesignweek.sk\/wp-content\/uploads\/2023\/12\/BADW23_opencall__-36-600x600.png 600w, https:\/\/www.bratislavadesignweek.sk\/wp-content\/uploads\/2023\/12\/BADW23_opencall__-36-800x800.png 800w, https:\/\/www.bratislavadesignweek.sk\/wp-content\/uploads\/2023\/12\/BADW23_opencall__-36.png 1081w\" sizes=\"(max-width: 400px) 100vw, 400px\" \/><\/p>\n<p>&nbsp;<\/p>\n<p>REFLECTORIAN&#8217;s s\u00fa vo\u013en\u00fdm pokra\u010dovan\u00edm projektu &#8222;I am not object&#8220;. T\u00e9mu objektifik\u00e1cie tentoraz premietam do objektov podobn\u00fdch bytostiam, ktor\u00e9 reflektuj\u00fa za n\u00e1s s posolstvom n\u00e1s &#8222;reflektifikova\u0165&#8220;. V juxtapoz\u00edcii s objektifik\u00e1ciou \u010dloveka vn\u00edmam pr\u00e1ve \u013eudsk\u00e9 schopnosti ako pozoravnie, pre\u017e\u00edvanie a vn\u00edmanie &#8211; reflektovanie. V projekte sa okrem in\u00e9ho zaober\u00e1m aj ot\u00e1zkou, \u010di reflexia m\u00f4\u017ee by\u0165 jednou z funkci\u00ed v dizajne. S pojmom nenar\u00e1bam len metaforicky, ale aj doslovne. Ich skuto\u010dn\u00fa podobu uvid\u00edme, a\u017e ke\u010f sa odv\u00e1\u017eime poru\u0161i\u0165 zau\u017e\u00edvan\u00e9 pravidl\u00e1 vo v\u00fdstavn\u00fdch priestoroch a za\u010dneme sa s nimi foti\u0165 s bleskom a dot\u00fdka\u0165 sa ich. Vz\u00e1jomnou interakciou postupne doch\u00e1dza k v\u00fdmene funkci\u00ed. Reflexn\u00e1 vrstva sa postupne stiera, zo\u0161krab\u00e1va a prichyt\u00e1va sa n\u00e1m na ruky a oble\u010denie. Za\u010dneme doslova reflektova\u0165 a reflektori\u00e1ni sa op\u00e4\u0165 st\u00e1vaj\u00fa objektami.<\/p>\n<p>&nbsp;<\/p>\n<p><img decoding=\"async\" class=\"aligncenter size-full wp-image-13243\" src=\"http:\/\/www.bratislavadesignweek.sk\/wp-content\/uploads\/2023\/12\/REFLECTORIAN_S_PETRA_RYBANSKA_1-min-scaled.jpg\" alt=\"\" width=\"1920\" height=\"2560\" srcset=\"https:\/\/www.bratislavadesignweek.sk\/wp-content\/uploads\/2023\/12\/REFLECTORIAN_S_PETRA_RYBANSKA_1-min-scaled.jpg 1920w, https:\/\/www.bratislavadesignweek.sk\/wp-content\/uploads\/2023\/12\/REFLECTORIAN_S_PETRA_RYBANSKA_1-min-225x300.jpg 225w, https:\/\/www.bratislavadesignweek.sk\/wp-content\/uploads\/2023\/12\/REFLECTORIAN_S_PETRA_RYBANSKA_1-min-768x1024.jpg 768w, https:\/\/www.bratislavadesignweek.sk\/wp-content\/uploads\/2023\/12\/REFLECTORIAN_S_PETRA_RYBANSKA_1-min-1152x1536.jpg 1152w, https:\/\/www.bratislavadesignweek.sk\/wp-content\/uploads\/2023\/12\/REFLECTORIAN_S_PETRA_RYBANSKA_1-min-1536x2048.jpg 1536w, https:\/\/www.bratislavadesignweek.sk\/wp-content\/uploads\/2023\/12\/REFLECTORIAN_S_PETRA_RYBANSKA_1-min-200x267.jpg 200w, https:\/\/www.bratislavadesignweek.sk\/wp-content\/uploads\/2023\/12\/REFLECTORIAN_S_PETRA_RYBANSKA_1-min-400x533.jpg 400w, https:\/\/www.bratislavadesignweek.sk\/wp-content\/uploads\/2023\/12\/REFLECTORIAN_S_PETRA_RYBANSKA_1-min-600x800.jpg 600w, https:\/\/www.bratislavadesignweek.sk\/wp-content\/uploads\/2023\/12\/REFLECTORIAN_S_PETRA_RYBANSKA_1-min-800x1067.jpg 800w, https:\/\/www.bratislavadesignweek.sk\/wp-content\/uploads\/2023\/12\/REFLECTORIAN_S_PETRA_RYBANSKA_1-min-1200x1600.jpg 1200w\" sizes=\"(max-width: 1920px) 100vw, 1920px\" \/> <img decoding=\"async\" class=\"aligncenter size-full wp-image-13244\" src=\"http:\/\/www.bratislavadesignweek.sk\/wp-content\/uploads\/2023\/12\/REFLECTORIAN_S_PETRA_RYBANSKA_2-min-scaled.jpg\" alt=\"\" width=\"1920\" height=\"2560\" srcset=\"https:\/\/www.bratislavadesignweek.sk\/wp-content\/uploads\/2023\/12\/REFLECTORIAN_S_PETRA_RYBANSKA_2-min-scaled.jpg 1920w, https:\/\/www.bratislavadesignweek.sk\/wp-content\/uploads\/2023\/12\/REFLECTORIAN_S_PETRA_RYBANSKA_2-min-225x300.jpg 225w, https:\/\/www.bratislavadesignweek.sk\/wp-content\/uploads\/2023\/12\/REFLECTORIAN_S_PETRA_RYBANSKA_2-min-768x1024.jpg 768w, https:\/\/www.bratislavadesignweek.sk\/wp-content\/uploads\/2023\/12\/REFLECTORIAN_S_PETRA_RYBANSKA_2-min-1152x1536.jpg 1152w, https:\/\/www.bratislavadesignweek.sk\/wp-content\/uploads\/2023\/12\/REFLECTORIAN_S_PETRA_RYBANSKA_2-min-1536x2048.jpg 1536w, https:\/\/www.bratislavadesignweek.sk\/wp-content\/uploads\/2023\/12\/REFLECTORIAN_S_PETRA_RYBANSKA_2-min-200x267.jpg 200w, https:\/\/www.bratislavadesignweek.sk\/wp-content\/uploads\/2023\/12\/REFLECTORIAN_S_PETRA_RYBANSKA_2-min-400x533.jpg 400w, https:\/\/www.bratislavadesignweek.sk\/wp-content\/uploads\/2023\/12\/REFLECTORIAN_S_PETRA_RYBANSKA_2-min-600x800.jpg 600w, https:\/\/www.bratislavadesignweek.sk\/wp-content\/uploads\/2023\/12\/REFLECTORIAN_S_PETRA_RYBANSKA_2-min-800x1067.jpg 800w, https:\/\/www.bratislavadesignweek.sk\/wp-content\/uploads\/2023\/12\/REFLECTORIAN_S_PETRA_RYBANSKA_2-min-1200x1600.jpg 1200w\" sizes=\"(max-width: 1920px) 100vw, 1920px\" \/> <img loading=\"lazy\" decoding=\"async\" class=\"aligncenter size-full wp-image-13245\" src=\"http:\/\/www.bratislavadesignweek.sk\/wp-content\/uploads\/2023\/12\/REFLECTORIAN_S_PETRA_RYBANSKA_3-min-scaled.jpg\" alt=\"\" width=\"1920\" height=\"2560\" srcset=\"https:\/\/www.bratislavadesignweek.sk\/wp-content\/uploads\/2023\/12\/REFLECTORIAN_S_PETRA_RYBANSKA_3-min-scaled.jpg 1920w, https:\/\/www.bratislavadesignweek.sk\/wp-content\/uploads\/2023\/12\/REFLECTORIAN_S_PETRA_RYBANSKA_3-min-225x300.jpg 225w, https:\/\/www.bratislavadesignweek.sk\/wp-content\/uploads\/2023\/12\/REFLECTORIAN_S_PETRA_RYBANSKA_3-min-768x1024.jpg 768w, https:\/\/www.bratislavadesignweek.sk\/wp-content\/uploads\/2023\/12\/REFLECTORIAN_S_PETRA_RYBANSKA_3-min-1152x1536.jpg 1152w, https:\/\/www.bratislavadesignweek.sk\/wp-content\/uploads\/2023\/12\/REFLECTORIAN_S_PETRA_RYBANSKA_3-min-1536x2048.jpg 1536w, https:\/\/www.bratislavadesignweek.sk\/wp-content\/uploads\/2023\/12\/REFLECTORIAN_S_PETRA_RYBANSKA_3-min-200x267.jpg 200w, https:\/\/www.bratislavadesignweek.sk\/wp-content\/uploads\/2023\/12\/REFLECTORIAN_S_PETRA_RYBANSKA_3-min-400x533.jpg 400w, https:\/\/www.bratislavadesignweek.sk\/wp-content\/uploads\/2023\/12\/REFLECTORIAN_S_PETRA_RYBANSKA_3-min-600x800.jpg 600w, https:\/\/www.bratislavadesignweek.sk\/wp-content\/uploads\/2023\/12\/REFLECTORIAN_S_PETRA_RYBANSKA_3-min-800x1067.jpg 800w, https:\/\/www.bratislavadesignweek.sk\/wp-content\/uploads\/2023\/12\/REFLECTORIAN_S_PETRA_RYBANSKA_3-min-1200x1600.jpg 1200w\" sizes=\"(max-width: 1920px) 100vw, 1920px\" \/> <img loading=\"lazy\" decoding=\"async\" class=\"aligncenter size-full wp-image-13246\" src=\"http:\/\/www.bratislavadesignweek.sk\/wp-content\/uploads\/2023\/12\/REFLECTORIAN_S_PETRA_RYBANSKA_4-min-scaled.jpg\" alt=\"\" width=\"1920\" height=\"2560\" srcset=\"https:\/\/www.bratislavadesignweek.sk\/wp-content\/uploads\/2023\/12\/REFLECTORIAN_S_PETRA_RYBANSKA_4-min-scaled.jpg 1920w, https:\/\/www.bratislavadesignweek.sk\/wp-content\/uploads\/2023\/12\/REFLECTORIAN_S_PETRA_RYBANSKA_4-min-225x300.jpg 225w, https:\/\/www.bratislavadesignweek.sk\/wp-content\/uploads\/2023\/12\/REFLECTORIAN_S_PETRA_RYBANSKA_4-min-768x1024.jpg 768w, https:\/\/www.bratislavadesignweek.sk\/wp-content\/uploads\/2023\/12\/REFLECTORIAN_S_PETRA_RYBANSKA_4-min-1152x1536.jpg 1152w, https:\/\/www.bratislavadesignweek.sk\/wp-content\/uploads\/2023\/12\/REFLECTORIAN_S_PETRA_RYBANSKA_4-min-1536x2048.jpg 1536w, https:\/\/www.bratislavadesignweek.sk\/wp-content\/uploads\/2023\/12\/REFLECTORIAN_S_PETRA_RYBANSKA_4-min-200x267.jpg 200w, https:\/\/www.bratislavadesignweek.sk\/wp-content\/uploads\/2023\/12\/REFLECTORIAN_S_PETRA_RYBANSKA_4-min-400x533.jpg 400w, https:\/\/www.bratislavadesignweek.sk\/wp-content\/uploads\/2023\/12\/REFLECTORIAN_S_PETRA_RYBANSKA_4-min-600x800.jpg 600w, https:\/\/www.bratislavadesignweek.sk\/wp-content\/uploads\/2023\/12\/REFLECTORIAN_S_PETRA_RYBANSKA_4-min-800x1067.jpg 800w, https:\/\/www.bratislavadesignweek.sk\/wp-content\/uploads\/2023\/12\/REFLECTORIAN_S_PETRA_RYBANSKA_4-min-1200x1600.jpg 1200w\" sizes=\"(max-width: 1920px) 100vw, 1920px\" \/> <img loading=\"lazy\" decoding=\"async\" class=\"aligncenter size-full wp-image-13247\" src=\"http:\/\/www.bratislavadesignweek.sk\/wp-content\/uploads\/2023\/12\/REFLECTORIAN_S_PETRA_RYBANSKA_5-min-scaled.jpg\" alt=\"\" width=\"1920\" height=\"2560\" srcset=\"https:\/\/www.bratislavadesignweek.sk\/wp-content\/uploads\/2023\/12\/REFLECTORIAN_S_PETRA_RYBANSKA_5-min-scaled.jpg 1920w, https:\/\/www.bratislavadesignweek.sk\/wp-content\/uploads\/2023\/12\/REFLECTORIAN_S_PETRA_RYBANSKA_5-min-225x300.jpg 225w, https:\/\/www.bratislavadesignweek.sk\/wp-content\/uploads\/2023\/12\/REFLECTORIAN_S_PETRA_RYBANSKA_5-min-768x1024.jpg 768w, https:\/\/www.bratislavadesignweek.sk\/wp-content\/uploads\/2023\/12\/REFLECTORIAN_S_PETRA_RYBANSKA_5-min-1152x1536.jpg 1152w, https:\/\/www.bratislavadesignweek.sk\/wp-content\/uploads\/2023\/12\/REFLECTORIAN_S_PETRA_RYBANSKA_5-min-1536x2048.jpg 1536w, https:\/\/www.bratislavadesignweek.sk\/wp-content\/uploads\/2023\/12\/REFLECTORIAN_S_PETRA_RYBANSKA_5-min-200x267.jpg 200w, https:\/\/www.bratislavadesignweek.sk\/wp-content\/uploads\/2023\/12\/REFLECTORIAN_S_PETRA_RYBANSKA_5-min-400x533.jpg 400w, https:\/\/www.bratislavadesignweek.sk\/wp-content\/uploads\/2023\/12\/REFLECTORIAN_S_PETRA_RYBANSKA_5-min-600x800.jpg 600w, https:\/\/www.bratislavadesignweek.sk\/wp-content\/uploads\/2023\/12\/REFLECTORIAN_S_PETRA_RYBANSKA_5-min-800x1067.jpg 800w, https:\/\/www.bratislavadesignweek.sk\/wp-content\/uploads\/2023\/12\/REFLECTORIAN_S_PETRA_RYBANSKA_5-min-1200x1600.jpg 1200w\" sizes=\"(max-width: 1920px) 100vw, 1920px\" \/><\/p>","protected":false},"excerpt":{"rendered":"<p>&nbsp; REFLECTORIAN&#8217;s s\u00fa vo\u013en\u00fdm pokra\u010dovan\u00edm projektu &#8222;I am not object&#8220;. T\u00e9mu objektifik\u00e1cie tentoraz premietam do objektov podobn\u00fdch bytostiam, ktor\u00e9 reflektuj\u00fa za n\u00e1s s posolstvom n\u00e1s &#8222;reflektifikova\u0165&#8220;. V juxtapoz\u00edcii s objektifik\u00e1ciou \u010dloveka vn\u00edmam pr\u00e1ve \u013eudsk\u00e9 schopnosti ako pozoravnie, pre\u017e\u00edvanie a vn\u00edmanie &#8211; reflektovanie. V projekte sa okrem in\u00e9ho zaober\u00e1m aj ot\u00e1zkou, \u010di reflexia m\u00f4\u017ee by\u0165 jednou [&hellip;]<\/p>","protected":false},"author":2,"featured_media":13242,"comment_status":"closed","ping_status":"closed","sticky":false,"template":"","format":"standard","meta":{"footnotes":""},"categories":[885],"tags":[],"_links":{"self":[{"href":"https:\/\/www.bratislavadesignweek.sk\/en\/wp-json\/wp\/v2\/posts\/13241"}],"collection":[{"href":"https:\/\/www.bratislavadesignweek.sk\/en\/wp-json\/wp\/v2\/posts"}],"about":[{"href":"https:\/\/www.bratislavadesignweek.sk\/en\/wp-json\/wp\/v2\/types\/post"}],"author":[{"embeddable":true,"href":"https:\/\/www.bratislavadesignweek.sk\/en\/wp-json\/wp\/v2\/users\/2"}],"replies":[{"embeddable":true,"href":"https:\/\/www.bratislavadesignweek.sk\/en\/wp-json\/wp\/v2\/comments?post=13241"}],"version-history":[{"count":1,"href":"https:\/\/www.bratislavadesignweek.sk\/en\/wp-json\/wp\/v2\/posts\/13241\/revisions"}],"predecessor-version":[{"id":13248,"href":"https:\/\/www.bratislavadesignweek.sk\/en\/wp-json\/wp\/v2\/posts\/13241\/revisions\/13248"}],"wp:featuredmedia":[{"embeddable":true,"href":"https:\/\/www.bratislavadesignweek.sk\/en\/wp-json\/wp\/v2\/media\/13242"}],"wp:attachment":[{"href":"https:\/\/www.bratislavadesignweek.sk\/en\/wp-json\/wp\/v2\/media?parent=13241"}],"wp:term":[{"taxonomy":"category","embeddable":true,"href":"https:\/\/www.bratislavadesignweek.sk\/en\/wp-json\/wp\/v2\/categories?post=13241"},{"taxonomy":"post_tag","embeddable":true,"href":"https:\/\/www.bratislavadesignweek.sk\/en\/wp-json\/wp\/v2\/tags?post=13241"}],"curies":[{"name":"wp","href":"https:\/\/api.w.org\/{rel}","templated":true}]}}