{"id":13249,"date":"2023-12-04T00:34:25","date_gmt":"2023-12-03T23:34:25","guid":{"rendered":"https:\/\/www.bratislavadesignweek.sk\/?p=13249"},"modified":"2023-12-04T00:34:25","modified_gmt":"2023-12-03T23:34:25","slug":"lubos-kotlar-the-artist-makes-things-happen","status":"publish","type":"post","link":"https:\/\/www.bratislavadesignweek.sk\/en\/lubos-kotlar-the-artist-makes-things-happen\/","title":{"rendered":"\u013dUBO\u0160 KOTL\u00c1R \/ THE ARTIST MAKES THINGS HAPPEN"},"content":{"rendered":"<p><img fetchpriority=\"high\" decoding=\"async\" class=\"aligncenter wp-image-13250 size-fusion-400\" src=\"http:\/\/www.bratislavadesignweek.sk\/wp-content\/uploads\/2023\/12\/BADW23_opencall__-27-400x400.png\" alt=\"\" width=\"400\" height=\"400\" srcset=\"https:\/\/www.bratislavadesignweek.sk\/wp-content\/uploads\/2023\/12\/BADW23_opencall__-27-400x400.png 400w, https:\/\/www.bratislavadesignweek.sk\/wp-content\/uploads\/2023\/12\/BADW23_opencall__-27-300x300.png 300w, https:\/\/www.bratislavadesignweek.sk\/wp-content\/uploads\/2023\/12\/BADW23_opencall__-27-1024x1024.png 1024w, https:\/\/www.bratislavadesignweek.sk\/wp-content\/uploads\/2023\/12\/BADW23_opencall__-27-150x150.png 150w, https:\/\/www.bratislavadesignweek.sk\/wp-content\/uploads\/2023\/12\/BADW23_opencall__-27-768x768.png 768w, https:\/\/www.bratislavadesignweek.sk\/wp-content\/uploads\/2023\/12\/BADW23_opencall__-27-66x66.png 66w, https:\/\/www.bratislavadesignweek.sk\/wp-content\/uploads\/2023\/12\/BADW23_opencall__-27-200x200.png 200w, https:\/\/www.bratislavadesignweek.sk\/wp-content\/uploads\/2023\/12\/BADW23_opencall__-27-600x600.png 600w, https:\/\/www.bratislavadesignweek.sk\/wp-content\/uploads\/2023\/12\/BADW23_opencall__-27-800x800.png 800w, https:\/\/www.bratislavadesignweek.sk\/wp-content\/uploads\/2023\/12\/BADW23_opencall__-27.png 1081w\" sizes=\"(max-width: 400px) 100vw, 400px\" \/><\/p>\n<p>&nbsp;<\/p>\n<p>The work of \u013dubo\u0161 Kotl\u00e1r, created in collaboration with Daniela Danielis, responds to the canonical text of Jind\u0159ich Chalupeck\u00fd from 1940, The World We Live in. Chalupeck\u00fd got quite ahead of his time by reflecting on the actually lived and experienced life on the one hand, and automatization of not only production, but also human behavior on the other. Danielis and Kotl\u00e1r decided to review this text from the perspective of current debates about the potentials and (ethical) pitfalls of artificial intelligence and its position in art and culture. In the last, most often cited section of Chalupeck\u00fd\u2019s text, the author writes that if modern art is to find its justification, it must discover and create reality instead of mechanically replacing old subjects with new ones. Kotl\u00e1r and Danielis had the entire paragraph transformed into accessible language by AI in two phases. The result was a reduction to a single sentence &#8211; \u2018The artist makes things happen\u2019. This inscription became part of the tapestry, which, however, instead of returning to handcraft, is printed on a 3D printer. The work raises questions regarding the limits of the creative use of the latest technologies (or, conversely, the technological mastery of the creative process) and experimentally explores the theme of autonomy versus automation of art. Dimensions of the work are cca 150x150cm.<\/p>\n<p>&nbsp;<\/p>\n<p><img decoding=\"async\" class=\"aligncenter size-full wp-image-13251\" src=\"http:\/\/www.bratislavadesignweek.sk\/wp-content\/uploads\/2023\/12\/The-artist-makes-things-happen1_LUBOS_KOTLAR.jpeg\" alt=\"\" width=\"2200\" height=\"1467\" srcset=\"https:\/\/www.bratislavadesignweek.sk\/wp-content\/uploads\/2023\/12\/The-artist-makes-things-happen1_LUBOS_KOTLAR.jpeg 2200w, https:\/\/www.bratislavadesignweek.sk\/wp-content\/uploads\/2023\/12\/The-artist-makes-things-happen1_LUBOS_KOTLAR-300x200.jpeg 300w, https:\/\/www.bratislavadesignweek.sk\/wp-content\/uploads\/2023\/12\/The-artist-makes-things-happen1_LUBOS_KOTLAR-1024x683.jpeg 1024w, https:\/\/www.bratislavadesignweek.sk\/wp-content\/uploads\/2023\/12\/The-artist-makes-things-happen1_LUBOS_KOTLAR-768x512.jpeg 768w, https:\/\/www.bratislavadesignweek.sk\/wp-content\/uploads\/2023\/12\/The-artist-makes-things-happen1_LUBOS_KOTLAR-1536x1024.jpeg 1536w, https:\/\/www.bratislavadesignweek.sk\/wp-content\/uploads\/2023\/12\/The-artist-makes-things-happen1_LUBOS_KOTLAR-2048x1366.jpeg 2048w, https:\/\/www.bratislavadesignweek.sk\/wp-content\/uploads\/2023\/12\/The-artist-makes-things-happen1_LUBOS_KOTLAR-200x133.jpeg 200w, https:\/\/www.bratislavadesignweek.sk\/wp-content\/uploads\/2023\/12\/The-artist-makes-things-happen1_LUBOS_KOTLAR-400x267.jpeg 400w, https:\/\/www.bratislavadesignweek.sk\/wp-content\/uploads\/2023\/12\/The-artist-makes-things-happen1_LUBOS_KOTLAR-600x400.jpeg 600w, https:\/\/www.bratislavadesignweek.sk\/wp-content\/uploads\/2023\/12\/The-artist-makes-things-happen1_LUBOS_KOTLAR-800x533.jpeg 800w, https:\/\/www.bratislavadesignweek.sk\/wp-content\/uploads\/2023\/12\/The-artist-makes-things-happen1_LUBOS_KOTLAR-1200x800.jpeg 1200w\" sizes=\"(max-width: 2200px) 100vw, 2200px\" \/> <img decoding=\"async\" class=\"aligncenter size-full wp-image-13252\" src=\"http:\/\/www.bratislavadesignweek.sk\/wp-content\/uploads\/2023\/12\/The-artist-makes-things-happen2_LUBOS_KOTLAR.jpeg\" alt=\"\" width=\"1500\" height=\"1000\" srcset=\"https:\/\/www.bratislavadesignweek.sk\/wp-content\/uploads\/2023\/12\/The-artist-makes-things-happen2_LUBOS_KOTLAR.jpeg 1500w, https:\/\/www.bratislavadesignweek.sk\/wp-content\/uploads\/2023\/12\/The-artist-makes-things-happen2_LUBOS_KOTLAR-300x200.jpeg 300w, https:\/\/www.bratislavadesignweek.sk\/wp-content\/uploads\/2023\/12\/The-artist-makes-things-happen2_LUBOS_KOTLAR-1024x683.jpeg 1024w, https:\/\/www.bratislavadesignweek.sk\/wp-content\/uploads\/2023\/12\/The-artist-makes-things-happen2_LUBOS_KOTLAR-768x512.jpeg 768w, https:\/\/www.bratislavadesignweek.sk\/wp-content\/uploads\/2023\/12\/The-artist-makes-things-happen2_LUBOS_KOTLAR-200x133.jpeg 200w, https:\/\/www.bratislavadesignweek.sk\/wp-content\/uploads\/2023\/12\/The-artist-makes-things-happen2_LUBOS_KOTLAR-400x267.jpeg 400w, https:\/\/www.bratislavadesignweek.sk\/wp-content\/uploads\/2023\/12\/The-artist-makes-things-happen2_LUBOS_KOTLAR-600x400.jpeg 600w, https:\/\/www.bratislavadesignweek.sk\/wp-content\/uploads\/2023\/12\/The-artist-makes-things-happen2_LUBOS_KOTLAR-800x533.jpeg 800w, https:\/\/www.bratislavadesignweek.sk\/wp-content\/uploads\/2023\/12\/The-artist-makes-things-happen2_LUBOS_KOTLAR-1200x800.jpeg 1200w\" sizes=\"(max-width: 1500px) 100vw, 1500px\" \/><\/p>","protected":false},"excerpt":{"rendered":"<p>&nbsp; The work of \u013dubo\u0161 Kotl\u00e1r, created in collaboration with Daniela Danielis, responds to the canonical text of Jind\u0159ich Chalupeck\u00fd from 1940, The World We Live in. Chalupeck\u00fd got quite ahead of his time by reflecting on the actually lived and experienced life on the one hand, and automatization of not only production, but also [&hellip;]<\/p>","protected":false},"author":2,"featured_media":13250,"comment_status":"closed","ping_status":"closed","sticky":false,"template":"","format":"standard","meta":{"footnotes":""},"categories":[885],"tags":[],"_links":{"self":[{"href":"https:\/\/www.bratislavadesignweek.sk\/en\/wp-json\/wp\/v2\/posts\/13249"}],"collection":[{"href":"https:\/\/www.bratislavadesignweek.sk\/en\/wp-json\/wp\/v2\/posts"}],"about":[{"href":"https:\/\/www.bratislavadesignweek.sk\/en\/wp-json\/wp\/v2\/types\/post"}],"author":[{"embeddable":true,"href":"https:\/\/www.bratislavadesignweek.sk\/en\/wp-json\/wp\/v2\/users\/2"}],"replies":[{"embeddable":true,"href":"https:\/\/www.bratislavadesignweek.sk\/en\/wp-json\/wp\/v2\/comments?post=13249"}],"version-history":[{"count":1,"href":"https:\/\/www.bratislavadesignweek.sk\/en\/wp-json\/wp\/v2\/posts\/13249\/revisions"}],"predecessor-version":[{"id":13253,"href":"https:\/\/www.bratislavadesignweek.sk\/en\/wp-json\/wp\/v2\/posts\/13249\/revisions\/13253"}],"wp:featuredmedia":[{"embeddable":true,"href":"https:\/\/www.bratislavadesignweek.sk\/en\/wp-json\/wp\/v2\/media\/13250"}],"wp:attachment":[{"href":"https:\/\/www.bratislavadesignweek.sk\/en\/wp-json\/wp\/v2\/media?parent=13249"}],"wp:term":[{"taxonomy":"category","embeddable":true,"href":"https:\/\/www.bratislavadesignweek.sk\/en\/wp-json\/wp\/v2\/categories?post=13249"},{"taxonomy":"post_tag","embeddable":true,"href":"https:\/\/www.bratislavadesignweek.sk\/en\/wp-json\/wp\/v2\/tags?post=13249"}],"curies":[{"name":"wp","href":"https:\/\/api.w.org\/{rel}","templated":true}]}}