{"id":13267,"date":"2023-12-04T00:41:28","date_gmt":"2023-12-03T23:41:28","guid":{"rendered":"https:\/\/www.bratislavadesignweek.sk\/?p=13267"},"modified":"2023-12-04T00:41:28","modified_gmt":"2023-12-03T23:41:28","slug":"klaudia-dugelova-planlaban","status":"publish","type":"post","link":"https:\/\/www.bratislavadesignweek.sk\/en\/klaudia-dugelova-planlaban\/","title":{"rendered":"KLAUDIA \u010eUGELOV\u00c1 \/ PLANLABAN"},"content":{"rendered":"<p><img fetchpriority=\"high\" decoding=\"async\" class=\"aligncenter wp-image-13268 size-fusion-400\" src=\"http:\/\/www.bratislavadesignweek.sk\/wp-content\/uploads\/2023\/12\/BADW23_opencall-24-400x400.png\" alt=\"\" width=\"400\" height=\"400\" srcset=\"https:\/\/www.bratislavadesignweek.sk\/wp-content\/uploads\/2023\/12\/BADW23_opencall-24-400x400.png 400w, https:\/\/www.bratislavadesignweek.sk\/wp-content\/uploads\/2023\/12\/BADW23_opencall-24-300x300.png 300w, https:\/\/www.bratislavadesignweek.sk\/wp-content\/uploads\/2023\/12\/BADW23_opencall-24-1024x1024.png 1024w, https:\/\/www.bratislavadesignweek.sk\/wp-content\/uploads\/2023\/12\/BADW23_opencall-24-150x150.png 150w, https:\/\/www.bratislavadesignweek.sk\/wp-content\/uploads\/2023\/12\/BADW23_opencall-24-768x768.png 768w, https:\/\/www.bratislavadesignweek.sk\/wp-content\/uploads\/2023\/12\/BADW23_opencall-24-66x66.png 66w, https:\/\/www.bratislavadesignweek.sk\/wp-content\/uploads\/2023\/12\/BADW23_opencall-24-200x200.png 200w, https:\/\/www.bratislavadesignweek.sk\/wp-content\/uploads\/2023\/12\/BADW23_opencall-24-600x600.png 600w, https:\/\/www.bratislavadesignweek.sk\/wp-content\/uploads\/2023\/12\/BADW23_opencall-24-800x800.png 800w, https:\/\/www.bratislavadesignweek.sk\/wp-content\/uploads\/2023\/12\/BADW23_opencall-24.png 1081w\" sizes=\"(max-width: 400px) 100vw, 400px\" \/><\/p>\n<p>&nbsp;<\/p>\n<p>Vases based on the concept of the theory of Professor Laban, who came up with the idea of representing movement graphically so that it can be read in the same way as music is read. The individual diagrams, create a set of visually engaging graphic patterns. These patterns, then materialized in metal, serve as a mold that transfers the pattern to the vase by imprinting it, thus indicating its characteristic morphology. The medium for this product is lead crystal and therefore glass with a high refractive index of light. The vase can function as a stand-alone glass object or can be complemented by a steel mould that creates a raw contrast between the two materials. The dimensions of the product are 400x200x200 mm.<\/p>\n<p>&nbsp;<\/p>\n<p><img decoding=\"async\" class=\"aligncenter size-full wp-image-13269\" src=\"http:\/\/www.bratislavadesignweek.sk\/wp-content\/uploads\/2023\/12\/PANLABAN1_KLAUDIA_DUGELOVA-scaled.jpg\" alt=\"\" width=\"2560\" height=\"1708\" srcset=\"https:\/\/www.bratislavadesignweek.sk\/wp-content\/uploads\/2023\/12\/PANLABAN1_KLAUDIA_DUGELOVA-scaled.jpg 2560w, https:\/\/www.bratislavadesignweek.sk\/wp-content\/uploads\/2023\/12\/PANLABAN1_KLAUDIA_DUGELOVA-300x200.jpg 300w, https:\/\/www.bratislavadesignweek.sk\/wp-content\/uploads\/2023\/12\/PANLABAN1_KLAUDIA_DUGELOVA-1024x683.jpg 1024w, https:\/\/www.bratislavadesignweek.sk\/wp-content\/uploads\/2023\/12\/PANLABAN1_KLAUDIA_DUGELOVA-768x512.jpg 768w, https:\/\/www.bratislavadesignweek.sk\/wp-content\/uploads\/2023\/12\/PANLABAN1_KLAUDIA_DUGELOVA-1536x1025.jpg 1536w, https:\/\/www.bratislavadesignweek.sk\/wp-content\/uploads\/2023\/12\/PANLABAN1_KLAUDIA_DUGELOVA-2048x1366.jpg 2048w, https:\/\/www.bratislavadesignweek.sk\/wp-content\/uploads\/2023\/12\/PANLABAN1_KLAUDIA_DUGELOVA-200x133.jpg 200w, https:\/\/www.bratislavadesignweek.sk\/wp-content\/uploads\/2023\/12\/PANLABAN1_KLAUDIA_DUGELOVA-400x267.jpg 400w, https:\/\/www.bratislavadesignweek.sk\/wp-content\/uploads\/2023\/12\/PANLABAN1_KLAUDIA_DUGELOVA-600x400.jpg 600w, https:\/\/www.bratislavadesignweek.sk\/wp-content\/uploads\/2023\/12\/PANLABAN1_KLAUDIA_DUGELOVA-800x534.jpg 800w, https:\/\/www.bratislavadesignweek.sk\/wp-content\/uploads\/2023\/12\/PANLABAN1_KLAUDIA_DUGELOVA-1200x800.jpg 1200w\" sizes=\"(max-width: 2560px) 100vw, 2560px\" \/> <img decoding=\"async\" class=\"aligncenter size-full wp-image-13270\" src=\"http:\/\/www.bratislavadesignweek.sk\/wp-content\/uploads\/2023\/12\/PANLABAN2_KLAUDIA_DUGELOVA-scaled.jpg\" alt=\"\" width=\"2560\" height=\"1707\" srcset=\"https:\/\/www.bratislavadesignweek.sk\/wp-content\/uploads\/2023\/12\/PANLABAN2_KLAUDIA_DUGELOVA-scaled.jpg 2560w, https:\/\/www.bratislavadesignweek.sk\/wp-content\/uploads\/2023\/12\/PANLABAN2_KLAUDIA_DUGELOVA-300x200.jpg 300w, https:\/\/www.bratislavadesignweek.sk\/wp-content\/uploads\/2023\/12\/PANLABAN2_KLAUDIA_DUGELOVA-1024x683.jpg 1024w, https:\/\/www.bratislavadesignweek.sk\/wp-content\/uploads\/2023\/12\/PANLABAN2_KLAUDIA_DUGELOVA-768x512.jpg 768w, https:\/\/www.bratislavadesignweek.sk\/wp-content\/uploads\/2023\/12\/PANLABAN2_KLAUDIA_DUGELOVA-1536x1024.jpg 1536w, https:\/\/www.bratislavadesignweek.sk\/wp-content\/uploads\/2023\/12\/PANLABAN2_KLAUDIA_DUGELOVA-2048x1366.jpg 2048w, https:\/\/www.bratislavadesignweek.sk\/wp-content\/uploads\/2023\/12\/PANLABAN2_KLAUDIA_DUGELOVA-200x133.jpg 200w, https:\/\/www.bratislavadesignweek.sk\/wp-content\/uploads\/2023\/12\/PANLABAN2_KLAUDIA_DUGELOVA-400x267.jpg 400w, https:\/\/www.bratislavadesignweek.sk\/wp-content\/uploads\/2023\/12\/PANLABAN2_KLAUDIA_DUGELOVA-600x400.jpg 600w, https:\/\/www.bratislavadesignweek.sk\/wp-content\/uploads\/2023\/12\/PANLABAN2_KLAUDIA_DUGELOVA-800x534.jpg 800w, https:\/\/www.bratislavadesignweek.sk\/wp-content\/uploads\/2023\/12\/PANLABAN2_KLAUDIA_DUGELOVA-1200x800.jpg 1200w\" sizes=\"(max-width: 2560px) 100vw, 2560px\" \/> <img loading=\"lazy\" decoding=\"async\" class=\"aligncenter size-full wp-image-13271\" src=\"http:\/\/www.bratislavadesignweek.sk\/wp-content\/uploads\/2023\/12\/PANLABAN3_KLAUDIA_DUGELOVA-scaled.jpg\" alt=\"\" width=\"2560\" height=\"1708\" srcset=\"https:\/\/www.bratislavadesignweek.sk\/wp-content\/uploads\/2023\/12\/PANLABAN3_KLAUDIA_DUGELOVA-scaled.jpg 2560w, https:\/\/www.bratislavadesignweek.sk\/wp-content\/uploads\/2023\/12\/PANLABAN3_KLAUDIA_DUGELOVA-300x200.jpg 300w, https:\/\/www.bratislavadesignweek.sk\/wp-content\/uploads\/2023\/12\/PANLABAN3_KLAUDIA_DUGELOVA-1024x683.jpg 1024w, https:\/\/www.bratislavadesignweek.sk\/wp-content\/uploads\/2023\/12\/PANLABAN3_KLAUDIA_DUGELOVA-768x512.jpg 768w, https:\/\/www.bratislavadesignweek.sk\/wp-content\/uploads\/2023\/12\/PANLABAN3_KLAUDIA_DUGELOVA-1536x1025.jpg 1536w, https:\/\/www.bratislavadesignweek.sk\/wp-content\/uploads\/2023\/12\/PANLABAN3_KLAUDIA_DUGELOVA-2048x1366.jpg 2048w, https:\/\/www.bratislavadesignweek.sk\/wp-content\/uploads\/2023\/12\/PANLABAN3_KLAUDIA_DUGELOVA-200x133.jpg 200w, https:\/\/www.bratislavadesignweek.sk\/wp-content\/uploads\/2023\/12\/PANLABAN3_KLAUDIA_DUGELOVA-400x267.jpg 400w, https:\/\/www.bratislavadesignweek.sk\/wp-content\/uploads\/2023\/12\/PANLABAN3_KLAUDIA_DUGELOVA-600x400.jpg 600w, https:\/\/www.bratislavadesignweek.sk\/wp-content\/uploads\/2023\/12\/PANLABAN3_KLAUDIA_DUGELOVA-800x534.jpg 800w, https:\/\/www.bratislavadesignweek.sk\/wp-content\/uploads\/2023\/12\/PANLABAN3_KLAUDIA_DUGELOVA-1200x800.jpg 1200w\" sizes=\"(max-width: 2560px) 100vw, 2560px\" \/> <img loading=\"lazy\" decoding=\"async\" class=\"aligncenter size-full wp-image-13272\" src=\"http:\/\/www.bratislavadesignweek.sk\/wp-content\/uploads\/2023\/12\/PANLABAN4_KLAUDIA_DUGELOVA-scaled.jpg\" alt=\"\" width=\"2560\" height=\"1708\" srcset=\"https:\/\/www.bratislavadesignweek.sk\/wp-content\/uploads\/2023\/12\/PANLABAN4_KLAUDIA_DUGELOVA-scaled.jpg 2560w, https:\/\/www.bratislavadesignweek.sk\/wp-content\/uploads\/2023\/12\/PANLABAN4_KLAUDIA_DUGELOVA-300x200.jpg 300w, https:\/\/www.bratislavadesignweek.sk\/wp-content\/uploads\/2023\/12\/PANLABAN4_KLAUDIA_DUGELOVA-1024x683.jpg 1024w, https:\/\/www.bratislavadesignweek.sk\/wp-content\/uploads\/2023\/12\/PANLABAN4_KLAUDIA_DUGELOVA-768x512.jpg 768w, https:\/\/www.bratislavadesignweek.sk\/wp-content\/uploads\/2023\/12\/PANLABAN4_KLAUDIA_DUGELOVA-1536x1025.jpg 1536w, https:\/\/www.bratislavadesignweek.sk\/wp-content\/uploads\/2023\/12\/PANLABAN4_KLAUDIA_DUGELOVA-2048x1366.jpg 2048w, https:\/\/www.bratislavadesignweek.sk\/wp-content\/uploads\/2023\/12\/PANLABAN4_KLAUDIA_DUGELOVA-200x133.jpg 200w, https:\/\/www.bratislavadesignweek.sk\/wp-content\/uploads\/2023\/12\/PANLABAN4_KLAUDIA_DUGELOVA-400x267.jpg 400w, https:\/\/www.bratislavadesignweek.sk\/wp-content\/uploads\/2023\/12\/PANLABAN4_KLAUDIA_DUGELOVA-600x400.jpg 600w, https:\/\/www.bratislavadesignweek.sk\/wp-content\/uploads\/2023\/12\/PANLABAN4_KLAUDIA_DUGELOVA-800x534.jpg 800w, https:\/\/www.bratislavadesignweek.sk\/wp-content\/uploads\/2023\/12\/PANLABAN4_KLAUDIA_DUGELOVA-1200x800.jpg 1200w\" sizes=\"(max-width: 2560px) 100vw, 2560px\" \/> <img loading=\"lazy\" decoding=\"async\" class=\"aligncenter size-full wp-image-13273\" src=\"http:\/\/www.bratislavadesignweek.sk\/wp-content\/uploads\/2023\/12\/PANLABAN5_KLAUDIA_DUGELOVA-scaled.jpg\" alt=\"\" width=\"1708\" height=\"2560\" srcset=\"https:\/\/www.bratislavadesignweek.sk\/wp-content\/uploads\/2023\/12\/PANLABAN5_KLAUDIA_DUGELOVA-scaled.jpg 1708w, https:\/\/www.bratislavadesignweek.sk\/wp-content\/uploads\/2023\/12\/PANLABAN5_KLAUDIA_DUGELOVA-200x300.jpg 200w, https:\/\/www.bratislavadesignweek.sk\/wp-content\/uploads\/2023\/12\/PANLABAN5_KLAUDIA_DUGELOVA-683x1024.jpg 683w, https:\/\/www.bratislavadesignweek.sk\/wp-content\/uploads\/2023\/12\/PANLABAN5_KLAUDIA_DUGELOVA-768x1151.jpg 768w, https:\/\/www.bratislavadesignweek.sk\/wp-content\/uploads\/2023\/12\/PANLABAN5_KLAUDIA_DUGELOVA-1025x1536.jpg 1025w, https:\/\/www.bratislavadesignweek.sk\/wp-content\/uploads\/2023\/12\/PANLABAN5_KLAUDIA_DUGELOVA-1366x2048.jpg 1366w, https:\/\/www.bratislavadesignweek.sk\/wp-content\/uploads\/2023\/12\/PANLABAN5_KLAUDIA_DUGELOVA-400x600.jpg 400w, https:\/\/www.bratislavadesignweek.sk\/wp-content\/uploads\/2023\/12\/PANLABAN5_KLAUDIA_DUGELOVA-600x900.jpg 600w, https:\/\/www.bratislavadesignweek.sk\/wp-content\/uploads\/2023\/12\/PANLABAN5_KLAUDIA_DUGELOVA-800x1199.jpg 800w, https:\/\/www.bratislavadesignweek.sk\/wp-content\/uploads\/2023\/12\/PANLABAN5_KLAUDIA_DUGELOVA-1200x1799.jpg 1200w\" sizes=\"(max-width: 1708px) 100vw, 1708px\" \/> <img loading=\"lazy\" decoding=\"async\" class=\"aligncenter size-full wp-image-13274\" src=\"http:\/\/www.bratislavadesignweek.sk\/wp-content\/uploads\/2023\/12\/PANLABAN6_KLAUDIA_DUGELOVA-scaled.jpg\" alt=\"\" width=\"1708\" height=\"2560\" srcset=\"https:\/\/www.bratislavadesignweek.sk\/wp-content\/uploads\/2023\/12\/PANLABAN6_KLAUDIA_DUGELOVA-scaled.jpg 1708w, https:\/\/www.bratislavadesignweek.sk\/wp-content\/uploads\/2023\/12\/PANLABAN6_KLAUDIA_DUGELOVA-200x300.jpg 200w, https:\/\/www.bratislavadesignweek.sk\/wp-content\/uploads\/2023\/12\/PANLABAN6_KLAUDIA_DUGELOVA-683x1024.jpg 683w, https:\/\/www.bratislavadesignweek.sk\/wp-content\/uploads\/2023\/12\/PANLABAN6_KLAUDIA_DUGELOVA-768x1151.jpg 768w, https:\/\/www.bratislavadesignweek.sk\/wp-content\/uploads\/2023\/12\/PANLABAN6_KLAUDIA_DUGELOVA-1025x1536.jpg 1025w, https:\/\/www.bratislavadesignweek.sk\/wp-content\/uploads\/2023\/12\/PANLABAN6_KLAUDIA_DUGELOVA-1366x2048.jpg 1366w, https:\/\/www.bratislavadesignweek.sk\/wp-content\/uploads\/2023\/12\/PANLABAN6_KLAUDIA_DUGELOVA-400x600.jpg 400w, https:\/\/www.bratislavadesignweek.sk\/wp-content\/uploads\/2023\/12\/PANLABAN6_KLAUDIA_DUGELOVA-600x899.jpg 600w, https:\/\/www.bratislavadesignweek.sk\/wp-content\/uploads\/2023\/12\/PANLABAN6_KLAUDIA_DUGELOVA-800x1199.jpg 800w, https:\/\/www.bratislavadesignweek.sk\/wp-content\/uploads\/2023\/12\/PANLABAN6_KLAUDIA_DUGELOVA-1200x1799.jpg 1200w\" sizes=\"(max-width: 1708px) 100vw, 1708px\" \/><\/p>","protected":false},"excerpt":{"rendered":"<p>&nbsp; V\u00e1zy podlo\u017een\u00e9 konceptom te\u00f3rie profesora Labana, ktor\u00fd pri\u0161iel s n\u00e1padom zn\u00e1zorni\u0165 pohyb graficky tak, aby sa dal \u010d\u00edta\u0165 rovnako ako sa \u010d\u00edta hudba. Jednotliv\u00e9 sch\u00e9my, vytv\u00e1raj\u00fa s\u00fabor vizu\u00e1lne p\u00fatav\u00fdch grafick\u00fdch vzorcov. Tieto vzorce, n\u00e1sledne materi\u00e1lovo zhmotnen\u00e9 v kove, sl\u00fa\u017eia ako forma ktor\u00e1 odtla\u010den\u00edm pren\u00e1\u0161a vzor do v\u00e1zy a ud\u00e1va tak jej charakteristick\u00e9 tvaroslovie. M\u00e9diom [&hellip;]<\/p>","protected":false},"author":2,"featured_media":13268,"comment_status":"closed","ping_status":"closed","sticky":false,"template":"","format":"standard","meta":{"footnotes":""},"categories":[885],"tags":[],"_links":{"self":[{"href":"https:\/\/www.bratislavadesignweek.sk\/en\/wp-json\/wp\/v2\/posts\/13267"}],"collection":[{"href":"https:\/\/www.bratislavadesignweek.sk\/en\/wp-json\/wp\/v2\/posts"}],"about":[{"href":"https:\/\/www.bratislavadesignweek.sk\/en\/wp-json\/wp\/v2\/types\/post"}],"author":[{"embeddable":true,"href":"https:\/\/www.bratislavadesignweek.sk\/en\/wp-json\/wp\/v2\/users\/2"}],"replies":[{"embeddable":true,"href":"https:\/\/www.bratislavadesignweek.sk\/en\/wp-json\/wp\/v2\/comments?post=13267"}],"version-history":[{"count":1,"href":"https:\/\/www.bratislavadesignweek.sk\/en\/wp-json\/wp\/v2\/posts\/13267\/revisions"}],"predecessor-version":[{"id":13275,"href":"https:\/\/www.bratislavadesignweek.sk\/en\/wp-json\/wp\/v2\/posts\/13267\/revisions\/13275"}],"wp:featuredmedia":[{"embeddable":true,"href":"https:\/\/www.bratislavadesignweek.sk\/en\/wp-json\/wp\/v2\/media\/13268"}],"wp:attachment":[{"href":"https:\/\/www.bratislavadesignweek.sk\/en\/wp-json\/wp\/v2\/media?parent=13267"}],"wp:term":[{"taxonomy":"category","embeddable":true,"href":"https:\/\/www.bratislavadesignweek.sk\/en\/wp-json\/wp\/v2\/categories?post=13267"},{"taxonomy":"post_tag","embeddable":true,"href":"https:\/\/www.bratislavadesignweek.sk\/en\/wp-json\/wp\/v2\/tags?post=13267"}],"curies":[{"name":"wp","href":"https:\/\/api.w.org\/{rel}","templated":true}]}}