{"id":13283,"date":"2023-12-04T00:51:34","date_gmt":"2023-12-03T23:51:34","guid":{"rendered":"https:\/\/www.bratislavadesignweek.sk\/?p=13283"},"modified":"2024-09-22T19:26:51","modified_gmt":"2024-09-22T17:26:51","slug":"maria-hriesik-nepsinska-remeslo-x-dizajn-3-dizajn-studio-uluv-vystava","status":"publish","type":"post","link":"https:\/\/www.bratislavadesignweek.sk\/en\/maria-hriesik-nepsinska-remeslo-x-dizajn-3-dizajn-studio-uluv-vystava\/","title":{"rendered":"MARIA HRIE\u0160IK NEP\u0160INSK\u00c1 \/ REMESLO x DIZAJN = &lt;3 (Dizajn \u0161t\u00fadio \u00da\u013dUV, v\u00fdstava)"},"content":{"rendered":"<p><img fetchpriority=\"high\" decoding=\"async\" class=\"aligncenter wp-image-13303 size-fusion-400\" src=\"http:\/\/www.bratislavadesignweek.sk\/wp-content\/uploads\/2023\/12\/BADW23_opencall_-42-400x400.png\" alt=\"\" width=\"400\" height=\"400\" srcset=\"https:\/\/www.bratislavadesignweek.sk\/wp-content\/uploads\/2023\/12\/BADW23_opencall_-42-400x400.png 400w, https:\/\/www.bratislavadesignweek.sk\/wp-content\/uploads\/2023\/12\/BADW23_opencall_-42-300x300.png 300w, https:\/\/www.bratislavadesignweek.sk\/wp-content\/uploads\/2023\/12\/BADW23_opencall_-42-1024x1024.png 1024w, https:\/\/www.bratislavadesignweek.sk\/wp-content\/uploads\/2023\/12\/BADW23_opencall_-42-150x150.png 150w, https:\/\/www.bratislavadesignweek.sk\/wp-content\/uploads\/2023\/12\/BADW23_opencall_-42-768x768.png 768w, https:\/\/www.bratislavadesignweek.sk\/wp-content\/uploads\/2023\/12\/BADW23_opencall_-42-66x66.png 66w, https:\/\/www.bratislavadesignweek.sk\/wp-content\/uploads\/2023\/12\/BADW23_opencall_-42-200x200.png 200w, https:\/\/www.bratislavadesignweek.sk\/wp-content\/uploads\/2023\/12\/BADW23_opencall_-42-600x600.png 600w, https:\/\/www.bratislavadesignweek.sk\/wp-content\/uploads\/2023\/12\/BADW23_opencall_-42-800x800.png 800w, https:\/\/www.bratislavadesignweek.sk\/wp-content\/uploads\/2023\/12\/BADW23_opencall_-42.png 1081w\" sizes=\"(max-width: 400px) 100vw, 400px\" \/><\/p>\n<p>Odnepam\u00e4ti je n\u00e1m do r\u00fak odovzd\u00e1van\u00e9 dedi\u010dstvo vo forme zru\u010dnost\u00ed a sk\u00fasenost\u00ed nadobudnut\u00fdch predch\u00e1dzaj\u00facimi gener\u00e1ciami. Pre\u017e\u00edva v\u010faka v\u00f4li u\u010di\u0165 sa, tvori\u0165 a n\u00e1sledne posun\u00fa\u0165 nadobudnut\u00e9 \u010falej. Produkty zo skla, keramiky, ko\u017ee, pr\u00fatia a konopn\u00fdch tkan\u00edn prezentovan\u00e9 na v\u00fdstave remeslo x dizajn = &amp;lt;3 v Dizajn \u0161t\u00fadiu \u00da\u013dUV s\u00fa v\u00fdstupmi tvoriv\u00fdch dieln\u00ed, na ktor\u00fdch spolupracovali \u0161tudenti dizajnu Fakulty architekt\u00fary a dizajnu Slovenskej Technickej Univerzity v Bratislave s majstrami remeseln\u00edkmi zo Slovenska a \u010ceska. V\u00fdstava poukazuje na to, \u017ee remeslo a dizajn si rozumej\u00fa a maj\u00fa spolo\u010dn\u00fd potenci\u00e1l sa vz\u00e1jomne obohacova\u0165 a posil\u0148ova\u0165.<\/p>\n<p><img decoding=\"async\" class=\"aligncenter size-full wp-image-13284\" src=\"http:\/\/www.bratislavadesignweek.sk\/wp-content\/uploads\/2023\/12\/1_vystava-remeslo-x-dizajn_praca-s-drevom-scaled.jpeg\" alt=\"\" width=\"2560\" height=\"1810\" srcset=\"https:\/\/www.bratislavadesignweek.sk\/wp-content\/uploads\/2023\/12\/1_vystava-remeslo-x-dizajn_praca-s-drevom-scaled.jpeg 2560w, https:\/\/www.bratislavadesignweek.sk\/wp-content\/uploads\/2023\/12\/1_vystava-remeslo-x-dizajn_praca-s-drevom-300x212.jpeg 300w, https:\/\/www.bratislavadesignweek.sk\/wp-content\/uploads\/2023\/12\/1_vystava-remeslo-x-dizajn_praca-s-drevom-1024x724.jpeg 1024w, https:\/\/www.bratislavadesignweek.sk\/wp-content\/uploads\/2023\/12\/1_vystava-remeslo-x-dizajn_praca-s-drevom-768x543.jpeg 768w, https:\/\/www.bratislavadesignweek.sk\/wp-content\/uploads\/2023\/12\/1_vystava-remeslo-x-dizajn_praca-s-drevom-1536x1086.jpeg 1536w, https:\/\/www.bratislavadesignweek.sk\/wp-content\/uploads\/2023\/12\/1_vystava-remeslo-x-dizajn_praca-s-drevom-2048x1448.jpeg 2048w, https:\/\/www.bratislavadesignweek.sk\/wp-content\/uploads\/2023\/12\/1_vystava-remeslo-x-dizajn_praca-s-drevom-200x141.jpeg 200w, https:\/\/www.bratislavadesignweek.sk\/wp-content\/uploads\/2023\/12\/1_vystava-remeslo-x-dizajn_praca-s-drevom-400x283.jpeg 400w, https:\/\/www.bratislavadesignweek.sk\/wp-content\/uploads\/2023\/12\/1_vystava-remeslo-x-dizajn_praca-s-drevom-600x424.jpeg 600w, https:\/\/www.bratislavadesignweek.sk\/wp-content\/uploads\/2023\/12\/1_vystava-remeslo-x-dizajn_praca-s-drevom-800x566.jpeg 800w, https:\/\/www.bratislavadesignweek.sk\/wp-content\/uploads\/2023\/12\/1_vystava-remeslo-x-dizajn_praca-s-drevom-1200x849.jpeg 1200w\" sizes=\"(max-width: 2560px) 100vw, 2560px\" \/> <img decoding=\"async\" class=\"aligncenter size-full wp-image-13285\" src=\"http:\/\/www.bratislavadesignweek.sk\/wp-content\/uploads\/2023\/12\/2_vystava-remeslo-x-dizajn_kolekcia-produktov-workshopu-EMIA-scaled.jpeg\" alt=\"\" width=\"2560\" height=\"1709\" srcset=\"https:\/\/www.bratislavadesignweek.sk\/wp-content\/uploads\/2023\/12\/2_vystava-remeslo-x-dizajn_kolekcia-produktov-workshopu-EMIA-scaled.jpeg 2560w, https:\/\/www.bratislavadesignweek.sk\/wp-content\/uploads\/2023\/12\/2_vystava-remeslo-x-dizajn_kolekcia-produktov-workshopu-EMIA-300x200.jpeg 300w, https:\/\/www.bratislavadesignweek.sk\/wp-content\/uploads\/2023\/12\/2_vystava-remeslo-x-dizajn_kolekcia-produktov-workshopu-EMIA-1024x683.jpeg 1024w, https:\/\/www.bratislavadesignweek.sk\/wp-content\/uploads\/2023\/12\/2_vystava-remeslo-x-dizajn_kolekcia-produktov-workshopu-EMIA-768x513.jpeg 768w, https:\/\/www.bratislavadesignweek.sk\/wp-content\/uploads\/2023\/12\/2_vystava-remeslo-x-dizajn_kolekcia-produktov-workshopu-EMIA-1536x1025.jpeg 1536w, https:\/\/www.bratislavadesignweek.sk\/wp-content\/uploads\/2023\/12\/2_vystava-remeslo-x-dizajn_kolekcia-produktov-workshopu-EMIA-2048x1367.jpeg 2048w, https:\/\/www.bratislavadesignweek.sk\/wp-content\/uploads\/2023\/12\/2_vystava-remeslo-x-dizajn_kolekcia-produktov-workshopu-EMIA-200x133.jpeg 200w, https:\/\/www.bratislavadesignweek.sk\/wp-content\/uploads\/2023\/12\/2_vystava-remeslo-x-dizajn_kolekcia-produktov-workshopu-EMIA-400x267.jpeg 400w, https:\/\/www.bratislavadesignweek.sk\/wp-content\/uploads\/2023\/12\/2_vystava-remeslo-x-dizajn_kolekcia-produktov-workshopu-EMIA-600x400.jpeg 600w, https:\/\/www.bratislavadesignweek.sk\/wp-content\/uploads\/2023\/12\/2_vystava-remeslo-x-dizajn_kolekcia-produktov-workshopu-EMIA-800x534.jpeg 800w, https:\/\/www.bratislavadesignweek.sk\/wp-content\/uploads\/2023\/12\/2_vystava-remeslo-x-dizajn_kolekcia-produktov-workshopu-EMIA-1200x801.jpeg 1200w\" sizes=\"(max-width: 2560px) 100vw, 2560px\" \/> <img loading=\"lazy\" decoding=\"async\" class=\"aligncenter size-full wp-image-13286\" src=\"http:\/\/www.bratislavadesignweek.sk\/wp-content\/uploads\/2023\/12\/3_vystava-remeslo-x-dizajn_praca-s-vrbovym-prutim.jpeg\" alt=\"\" width=\"1650\" height=\"2334\" srcset=\"https:\/\/www.bratislavadesignweek.sk\/wp-content\/uploads\/2023\/12\/3_vystava-remeslo-x-dizajn_praca-s-vrbovym-prutim.jpeg 1650w, https:\/\/www.bratislavadesignweek.sk\/wp-content\/uploads\/2023\/12\/3_vystava-remeslo-x-dizajn_praca-s-vrbovym-prutim-212x300.jpeg 212w, https:\/\/www.bratislavadesignweek.sk\/wp-content\/uploads\/2023\/12\/3_vystava-remeslo-x-dizajn_praca-s-vrbovym-prutim-724x1024.jpeg 724w, https:\/\/www.bratislavadesignweek.sk\/wp-content\/uploads\/2023\/12\/3_vystava-remeslo-x-dizajn_praca-s-vrbovym-prutim-768x1086.jpeg 768w, https:\/\/www.bratislavadesignweek.sk\/wp-content\/uploads\/2023\/12\/3_vystava-remeslo-x-dizajn_praca-s-vrbovym-prutim-1086x1536.jpeg 1086w, https:\/\/www.bratislavadesignweek.sk\/wp-content\/uploads\/2023\/12\/3_vystava-remeslo-x-dizajn_praca-s-vrbovym-prutim-1448x2048.jpeg 1448w, https:\/\/www.bratislavadesignweek.sk\/wp-content\/uploads\/2023\/12\/3_vystava-remeslo-x-dizajn_praca-s-vrbovym-prutim-200x283.jpeg 200w, https:\/\/www.bratislavadesignweek.sk\/wp-content\/uploads\/2023\/12\/3_vystava-remeslo-x-dizajn_praca-s-vrbovym-prutim-400x566.jpeg 400w, https:\/\/www.bratislavadesignweek.sk\/wp-content\/uploads\/2023\/12\/3_vystava-remeslo-x-dizajn_praca-s-vrbovym-prutim-600x849.jpeg 600w, https:\/\/www.bratislavadesignweek.sk\/wp-content\/uploads\/2023\/12\/3_vystava-remeslo-x-dizajn_praca-s-vrbovym-prutim-800x1132.jpeg 800w, https:\/\/www.bratislavadesignweek.sk\/wp-content\/uploads\/2023\/12\/3_vystava-remeslo-x-dizajn_praca-s-vrbovym-prutim-1200x1697.jpeg 1200w\" sizes=\"(max-width: 1650px) 100vw, 1650px\" \/> <img loading=\"lazy\" decoding=\"async\" class=\"aligncenter size-full wp-image-13287\" src=\"http:\/\/www.bratislavadesignweek.sk\/wp-content\/uploads\/2023\/12\/4_vystava-remeslo-x-dizajn_Nadoby-na-cibulu-a-cesnak_autork_Barbora-Hagarova-scaled.jpeg\" alt=\"\" width=\"2560\" height=\"1929\" srcset=\"https:\/\/www.bratislavadesignweek.sk\/wp-content\/uploads\/2023\/12\/4_vystava-remeslo-x-dizajn_Nadoby-na-cibulu-a-cesnak_autork_Barbora-Hagarova-scaled.jpeg 2560w, https:\/\/www.bratislavadesignweek.sk\/wp-content\/uploads\/2023\/12\/4_vystava-remeslo-x-dizajn_Nadoby-na-cibulu-a-cesnak_autork_Barbora-Hagarova-300x226.jpeg 300w, https:\/\/www.bratislavadesignweek.sk\/wp-content\/uploads\/2023\/12\/4_vystava-remeslo-x-dizajn_Nadoby-na-cibulu-a-cesnak_autork_Barbora-Hagarova-1024x772.jpeg 1024w, https:\/\/www.bratislavadesignweek.sk\/wp-content\/uploads\/2023\/12\/4_vystava-remeslo-x-dizajn_Nadoby-na-cibulu-a-cesnak_autork_Barbora-Hagarova-768x579.jpeg 768w, https:\/\/www.bratislavadesignweek.sk\/wp-content\/uploads\/2023\/12\/4_vystava-remeslo-x-dizajn_Nadoby-na-cibulu-a-cesnak_autork_Barbora-Hagarova-1536x1158.jpeg 1536w, https:\/\/www.bratislavadesignweek.sk\/wp-content\/uploads\/2023\/12\/4_vystava-remeslo-x-dizajn_Nadoby-na-cibulu-a-cesnak_autork_Barbora-Hagarova-2048x1543.jpeg 2048w, https:\/\/www.bratislavadesignweek.sk\/wp-content\/uploads\/2023\/12\/4_vystava-remeslo-x-dizajn_Nadoby-na-cibulu-a-cesnak_autork_Barbora-Hagarova-200x151.jpeg 200w, https:\/\/www.bratislavadesignweek.sk\/wp-content\/uploads\/2023\/12\/4_vystava-remeslo-x-dizajn_Nadoby-na-cibulu-a-cesnak_autork_Barbora-Hagarova-400x301.jpeg 400w, https:\/\/www.bratislavadesignweek.sk\/wp-content\/uploads\/2023\/12\/4_vystava-remeslo-x-dizajn_Nadoby-na-cibulu-a-cesnak_autork_Barbora-Hagarova-600x452.jpeg 600w, https:\/\/www.bratislavadesignweek.sk\/wp-content\/uploads\/2023\/12\/4_vystava-remeslo-x-dizajn_Nadoby-na-cibulu-a-cesnak_autork_Barbora-Hagarova-800x603.jpeg 800w, https:\/\/www.bratislavadesignweek.sk\/wp-content\/uploads\/2023\/12\/4_vystava-remeslo-x-dizajn_Nadoby-na-cibulu-a-cesnak_autork_Barbora-Hagarova-1200x904.jpeg 1200w\" sizes=\"(max-width: 2560px) 100vw, 2560px\" \/> <img loading=\"lazy\" decoding=\"async\" class=\"aligncenter size-full wp-image-13288\" src=\"http:\/\/www.bratislavadesignweek.sk\/wp-content\/uploads\/2023\/12\/5_vystava-remeslo-x-dizajn_kolekcia_workshopu_Fukni-sklo_pohare-na-vodu-scaled.jpeg\" alt=\"\" width=\"2560\" height=\"1496\" srcset=\"https:\/\/www.bratislavadesignweek.sk\/wp-content\/uploads\/2023\/12\/5_vystava-remeslo-x-dizajn_kolekcia_workshopu_Fukni-sklo_pohare-na-vodu-scaled.jpeg 2560w, https:\/\/www.bratislavadesignweek.sk\/wp-content\/uploads\/2023\/12\/5_vystava-remeslo-x-dizajn_kolekcia_workshopu_Fukni-sklo_pohare-na-vodu-300x175.jpeg 300w, https:\/\/www.bratislavadesignweek.sk\/wp-content\/uploads\/2023\/12\/5_vystava-remeslo-x-dizajn_kolekcia_workshopu_Fukni-sklo_pohare-na-vodu-1024x598.jpeg 1024w, https:\/\/www.bratislavadesignweek.sk\/wp-content\/uploads\/2023\/12\/5_vystava-remeslo-x-dizajn_kolekcia_workshopu_Fukni-sklo_pohare-na-vodu-768x449.jpeg 768w, https:\/\/www.bratislavadesignweek.sk\/wp-content\/uploads\/2023\/12\/5_vystava-remeslo-x-dizajn_kolekcia_workshopu_Fukni-sklo_pohare-na-vodu-1536x898.jpeg 1536w, https:\/\/www.bratislavadesignweek.sk\/wp-content\/uploads\/2023\/12\/5_vystava-remeslo-x-dizajn_kolekcia_workshopu_Fukni-sklo_pohare-na-vodu-2048x1197.jpeg 2048w, https:\/\/www.bratislavadesignweek.sk\/wp-content\/uploads\/2023\/12\/5_vystava-remeslo-x-dizajn_kolekcia_workshopu_Fukni-sklo_pohare-na-vodu-200x117.jpeg 200w, https:\/\/www.bratislavadesignweek.sk\/wp-content\/uploads\/2023\/12\/5_vystava-remeslo-x-dizajn_kolekcia_workshopu_Fukni-sklo_pohare-na-vodu-400x234.jpeg 400w, https:\/\/www.bratislavadesignweek.sk\/wp-content\/uploads\/2023\/12\/5_vystava-remeslo-x-dizajn_kolekcia_workshopu_Fukni-sklo_pohare-na-vodu-600x351.jpeg 600w, https:\/\/www.bratislavadesignweek.sk\/wp-content\/uploads\/2023\/12\/5_vystava-remeslo-x-dizajn_kolekcia_workshopu_Fukni-sklo_pohare-na-vodu-800x468.jpeg 800w, https:\/\/www.bratislavadesignweek.sk\/wp-content\/uploads\/2023\/12\/5_vystava-remeslo-x-dizajn_kolekcia_workshopu_Fukni-sklo_pohare-na-vodu-1200x701.jpeg 1200w\" sizes=\"(max-width: 2560px) 100vw, 2560px\" \/> <img loading=\"lazy\" decoding=\"async\" class=\"aligncenter size-full wp-image-13289\" src=\"http:\/\/www.bratislavadesignweek.sk\/wp-content\/uploads\/2023\/12\/6_vystava-remeslo-x-dizajn_praca-s-kozou-scaled.jpeg\" alt=\"\" width=\"2560\" height=\"1810\" srcset=\"https:\/\/www.bratislavadesignweek.sk\/wp-content\/uploads\/2023\/12\/6_vystava-remeslo-x-dizajn_praca-s-kozou-scaled.jpeg 2560w, https:\/\/www.bratislavadesignweek.sk\/wp-content\/uploads\/2023\/12\/6_vystava-remeslo-x-dizajn_praca-s-kozou-300x212.jpeg 300w, https:\/\/www.bratislavadesignweek.sk\/wp-content\/uploads\/2023\/12\/6_vystava-remeslo-x-dizajn_praca-s-kozou-1024x724.jpeg 1024w, https:\/\/www.bratislavadesignweek.sk\/wp-content\/uploads\/2023\/12\/6_vystava-remeslo-x-dizajn_praca-s-kozou-768x543.jpeg 768w, https:\/\/www.bratislavadesignweek.sk\/wp-content\/uploads\/2023\/12\/6_vystava-remeslo-x-dizajn_praca-s-kozou-1536x1086.jpeg 1536w, https:\/\/www.bratislavadesignweek.sk\/wp-content\/uploads\/2023\/12\/6_vystava-remeslo-x-dizajn_praca-s-kozou-2048x1448.jpeg 2048w, https:\/\/www.bratislavadesignweek.sk\/wp-content\/uploads\/2023\/12\/6_vystava-remeslo-x-dizajn_praca-s-kozou-200x141.jpeg 200w, https:\/\/www.bratislavadesignweek.sk\/wp-content\/uploads\/2023\/12\/6_vystava-remeslo-x-dizajn_praca-s-kozou-400x283.jpeg 400w, https:\/\/www.bratislavadesignweek.sk\/wp-content\/uploads\/2023\/12\/6_vystava-remeslo-x-dizajn_praca-s-kozou-600x424.jpeg 600w, https:\/\/www.bratislavadesignweek.sk\/wp-content\/uploads\/2023\/12\/6_vystava-remeslo-x-dizajn_praca-s-kozou-800x566.jpeg 800w, https:\/\/www.bratislavadesignweek.sk\/wp-content\/uploads\/2023\/12\/6_vystava-remeslo-x-dizajn_praca-s-kozou-1200x848.jpeg 1200w\" sizes=\"(max-width: 2560px) 100vw, 2560px\" \/> <img loading=\"lazy\" decoding=\"async\" class=\"aligncenter size-full wp-image-13290\" src=\"http:\/\/www.bratislavadesignweek.sk\/wp-content\/uploads\/2023\/12\/7_vystava-remeslo-x-dizajn_keramika-Eva-Polgaryova-scaled.jpeg\" alt=\"\" width=\"2560\" height=\"1707\" srcset=\"https:\/\/www.bratislavadesignweek.sk\/wp-content\/uploads\/2023\/12\/7_vystava-remeslo-x-dizajn_keramika-Eva-Polgaryova-scaled.jpeg 2560w, https:\/\/www.bratislavadesignweek.sk\/wp-content\/uploads\/2023\/12\/7_vystava-remeslo-x-dizajn_keramika-Eva-Polgaryova-300x200.jpeg 300w, https:\/\/www.bratislavadesignweek.sk\/wp-content\/uploads\/2023\/12\/7_vystava-remeslo-x-dizajn_keramika-Eva-Polgaryova-1024x683.jpeg 1024w, https:\/\/www.bratislavadesignweek.sk\/wp-content\/uploads\/2023\/12\/7_vystava-remeslo-x-dizajn_keramika-Eva-Polgaryova-768x512.jpeg 768w, https:\/\/www.bratislavadesignweek.sk\/wp-content\/uploads\/2023\/12\/7_vystava-remeslo-x-dizajn_keramika-Eva-Polgaryova-1536x1024.jpeg 1536w, https:\/\/www.bratislavadesignweek.sk\/wp-content\/uploads\/2023\/12\/7_vystava-remeslo-x-dizajn_keramika-Eva-Polgaryova-2048x1365.jpeg 2048w, https:\/\/www.bratislavadesignweek.sk\/wp-content\/uploads\/2023\/12\/7_vystava-remeslo-x-dizajn_keramika-Eva-Polgaryova-200x133.jpeg 200w, https:\/\/www.bratislavadesignweek.sk\/wp-content\/uploads\/2023\/12\/7_vystava-remeslo-x-dizajn_keramika-Eva-Polgaryova-400x267.jpeg 400w, https:\/\/www.bratislavadesignweek.sk\/wp-content\/uploads\/2023\/12\/7_vystava-remeslo-x-dizajn_keramika-Eva-Polgaryova-600x400.jpeg 600w, https:\/\/www.bratislavadesignweek.sk\/wp-content\/uploads\/2023\/12\/7_vystava-remeslo-x-dizajn_keramika-Eva-Polgaryova-800x533.jpeg 800w, https:\/\/www.bratislavadesignweek.sk\/wp-content\/uploads\/2023\/12\/7_vystava-remeslo-x-dizajn_keramika-Eva-Polgaryova-1200x800.jpeg 1200w\" sizes=\"(max-width: 2560px) 100vw, 2560px\" \/> <img loading=\"lazy\" decoding=\"async\" class=\"aligncenter size-full wp-image-13291\" src=\"http:\/\/www.bratislavadesignweek.sk\/wp-content\/uploads\/2023\/12\/8_vystava-remeslo-x-dizajn_Ladvinka_konopna-latka_autor_Oliver-Uhrak-scaled.jpeg\" alt=\"\" width=\"2261\" height=\"2560\" srcset=\"https:\/\/www.bratislavadesignweek.sk\/wp-content\/uploads\/2023\/12\/8_vystava-remeslo-x-dizajn_Ladvinka_konopna-latka_autor_Oliver-Uhrak-scaled.jpeg 2261w, https:\/\/www.bratislavadesignweek.sk\/wp-content\/uploads\/2023\/12\/8_vystava-remeslo-x-dizajn_Ladvinka_konopna-latka_autor_Oliver-Uhrak-265x300.jpeg 265w, https:\/\/www.bratislavadesignweek.sk\/wp-content\/uploads\/2023\/12\/8_vystava-remeslo-x-dizajn_Ladvinka_konopna-latka_autor_Oliver-Uhrak-905x1024.jpeg 905w, https:\/\/www.bratislavadesignweek.sk\/wp-content\/uploads\/2023\/12\/8_vystava-remeslo-x-dizajn_Ladvinka_konopna-latka_autor_Oliver-Uhrak-768x869.jpeg 768w, https:\/\/www.bratislavadesignweek.sk\/wp-content\/uploads\/2023\/12\/8_vystava-remeslo-x-dizajn_Ladvinka_konopna-latka_autor_Oliver-Uhrak-1357x1536.jpeg 1357w, https:\/\/www.bratislavadesignweek.sk\/wp-content\/uploads\/2023\/12\/8_vystava-remeslo-x-dizajn_Ladvinka_konopna-latka_autor_Oliver-Uhrak-1809x2048.jpeg 1809w, https:\/\/www.bratislavadesignweek.sk\/wp-content\/uploads\/2023\/12\/8_vystava-remeslo-x-dizajn_Ladvinka_konopna-latka_autor_Oliver-Uhrak-200x226.jpeg 200w, https:\/\/www.bratislavadesignweek.sk\/wp-content\/uploads\/2023\/12\/8_vystava-remeslo-x-dizajn_Ladvinka_konopna-latka_autor_Oliver-Uhrak-400x453.jpeg 400w, https:\/\/www.bratislavadesignweek.sk\/wp-content\/uploads\/2023\/12\/8_vystava-remeslo-x-dizajn_Ladvinka_konopna-latka_autor_Oliver-Uhrak-600x679.jpeg 600w, https:\/\/www.bratislavadesignweek.sk\/wp-content\/uploads\/2023\/12\/8_vystava-remeslo-x-dizajn_Ladvinka_konopna-latka_autor_Oliver-Uhrak-800x906.jpeg 800w, https:\/\/www.bratislavadesignweek.sk\/wp-content\/uploads\/2023\/12\/8_vystava-remeslo-x-dizajn_Ladvinka_konopna-latka_autor_Oliver-Uhrak-1200x1358.jpeg 1200w\" sizes=\"(max-width: 2261px) 100vw, 2261px\" \/> <img loading=\"lazy\" decoding=\"async\" class=\"aligncenter size-full wp-image-13292\" src=\"http:\/\/www.bratislavadesignweek.sk\/wp-content\/uploads\/2023\/12\/9_vystava-remeslo-x-dizajn_pohar-na-vodu_autor-_Martin-Mjartan-scaled.jpeg\" alt=\"\" width=\"1707\" height=\"2560\" srcset=\"https:\/\/www.bratislavadesignweek.sk\/wp-content\/uploads\/2023\/12\/9_vystava-remeslo-x-dizajn_pohar-na-vodu_autor-_Martin-Mjartan-scaled.jpeg 1707w, https:\/\/www.bratislavadesignweek.sk\/wp-content\/uploads\/2023\/12\/9_vystava-remeslo-x-dizajn_pohar-na-vodu_autor-_Martin-Mjartan-200x300.jpeg 200w, https:\/\/www.bratislavadesignweek.sk\/wp-content\/uploads\/2023\/12\/9_vystava-remeslo-x-dizajn_pohar-na-vodu_autor-_Martin-Mjartan-683x1024.jpeg 683w, https:\/\/www.bratislavadesignweek.sk\/wp-content\/uploads\/2023\/12\/9_vystava-remeslo-x-dizajn_pohar-na-vodu_autor-_Martin-Mjartan-768x1152.jpeg 768w, https:\/\/www.bratislavadesignweek.sk\/wp-content\/uploads\/2023\/12\/9_vystava-remeslo-x-dizajn_pohar-na-vodu_autor-_Martin-Mjartan-1024x1536.jpeg 1024w, https:\/\/www.bratislavadesignweek.sk\/wp-content\/uploads\/2023\/12\/9_vystava-remeslo-x-dizajn_pohar-na-vodu_autor-_Martin-Mjartan-1365x2048.jpeg 1365w, https:\/\/www.bratislavadesignweek.sk\/wp-content\/uploads\/2023\/12\/9_vystava-remeslo-x-dizajn_pohar-na-vodu_autor-_Martin-Mjartan-400x600.jpeg 400w, https:\/\/www.bratislavadesignweek.sk\/wp-content\/uploads\/2023\/12\/9_vystava-remeslo-x-dizajn_pohar-na-vodu_autor-_Martin-Mjartan-600x900.jpeg 600w, https:\/\/www.bratislavadesignweek.sk\/wp-content\/uploads\/2023\/12\/9_vystava-remeslo-x-dizajn_pohar-na-vodu_autor-_Martin-Mjartan-800x1200.jpeg 800w, https:\/\/www.bratislavadesignweek.sk\/wp-content\/uploads\/2023\/12\/9_vystava-remeslo-x-dizajn_pohar-na-vodu_autor-_Martin-Mjartan-1200x1800.jpeg 1200w\" sizes=\"(max-width: 1707px) 100vw, 1707px\" \/><\/p>","protected":false},"excerpt":{"rendered":"<p>Odnepam\u00e4ti je n\u00e1m do r\u00fak odovzd\u00e1van\u00e9 dedi\u010dstvo vo forme zru\u010dnost\u00ed a sk\u00fasenost\u00ed nadobudnut\u00fdch predch\u00e1dzaj\u00facimi gener\u00e1ciami. Pre\u017e\u00edva v\u010faka v\u00f4li u\u010di\u0165 sa, tvori\u0165 a n\u00e1sledne posun\u00fa\u0165 nadobudnut\u00e9 \u010falej. Produkty zo skla, keramiky, ko\u017ee, pr\u00fatia a konopn\u00fdch tkan\u00edn prezentovan\u00e9 na v\u00fdstave remeslo x dizajn = &amp;lt;3 v Dizajn \u0161t\u00fadiu \u00da\u013dUV s\u00fa v\u00fdstupmi tvoriv\u00fdch dieln\u00ed, na ktor\u00fdch spolupracovali \u0161tudenti [&hellip;]<\/p>","protected":false},"author":2,"featured_media":0,"comment_status":"closed","ping_status":"closed","sticky":false,"template":"","format":"standard","meta":{"footnotes":""},"categories":[885],"tags":[],"_links":{"self":[{"href":"https:\/\/www.bratislavadesignweek.sk\/en\/wp-json\/wp\/v2\/posts\/13283"}],"collection":[{"href":"https:\/\/www.bratislavadesignweek.sk\/en\/wp-json\/wp\/v2\/posts"}],"about":[{"href":"https:\/\/www.bratislavadesignweek.sk\/en\/wp-json\/wp\/v2\/types\/post"}],"author":[{"embeddable":true,"href":"https:\/\/www.bratislavadesignweek.sk\/en\/wp-json\/wp\/v2\/users\/2"}],"replies":[{"embeddable":true,"href":"https:\/\/www.bratislavadesignweek.sk\/en\/wp-json\/wp\/v2\/comments?post=13283"}],"version-history":[{"count":4,"href":"https:\/\/www.bratislavadesignweek.sk\/en\/wp-json\/wp\/v2\/posts\/13283\/revisions"}],"predecessor-version":[{"id":14274,"href":"https:\/\/www.bratislavadesignweek.sk\/en\/wp-json\/wp\/v2\/posts\/13283\/revisions\/14274"}],"wp:attachment":[{"href":"https:\/\/www.bratislavadesignweek.sk\/en\/wp-json\/wp\/v2\/media?parent=13283"}],"wp:term":[{"taxonomy":"category","embeddable":true,"href":"https:\/\/www.bratislavadesignweek.sk\/en\/wp-json\/wp\/v2\/categories?post=13283"},{"taxonomy":"post_tag","embeddable":true,"href":"https:\/\/www.bratislavadesignweek.sk\/en\/wp-json\/wp\/v2\/tags?post=13283"}],"curies":[{"name":"wp","href":"https:\/\/api.w.org\/{rel}","templated":true}]}}