{"id":13294,"date":"2023-12-04T00:56:31","date_gmt":"2023-12-03T23:56:31","guid":{"rendered":"https:\/\/www.bratislavadesignweek.sk\/?p=13294"},"modified":"2023-12-04T00:56:31","modified_gmt":"2023-12-03T23:56:31","slug":"sylvia-jokelova-startup-iii","status":"publish","type":"post","link":"https:\/\/www.bratislavadesignweek.sk\/en\/sylvia-jokelova-startup-iii\/","title":{"rendered":"SYLVIA JOKELOV\u00c1 \/ STARTUP III"},"content":{"rendered":"<p><img fetchpriority=\"high\" decoding=\"async\" class=\"aligncenter wp-image-13301 size-fusion-400\" src=\"http:\/\/www.bratislavadesignweek.sk\/wp-content\/uploads\/2023\/12\/BADW23_opencall-30-400x400.png\" alt=\"\" width=\"400\" height=\"400\" srcset=\"https:\/\/www.bratislavadesignweek.sk\/wp-content\/uploads\/2023\/12\/BADW23_opencall-30-400x400.png 400w, https:\/\/www.bratislavadesignweek.sk\/wp-content\/uploads\/2023\/12\/BADW23_opencall-30-300x300.png 300w, https:\/\/www.bratislavadesignweek.sk\/wp-content\/uploads\/2023\/12\/BADW23_opencall-30-1024x1024.png 1024w, https:\/\/www.bratislavadesignweek.sk\/wp-content\/uploads\/2023\/12\/BADW23_opencall-30-150x150.png 150w, https:\/\/www.bratislavadesignweek.sk\/wp-content\/uploads\/2023\/12\/BADW23_opencall-30-768x768.png 768w, https:\/\/www.bratislavadesignweek.sk\/wp-content\/uploads\/2023\/12\/BADW23_opencall-30-66x66.png 66w, https:\/\/www.bratislavadesignweek.sk\/wp-content\/uploads\/2023\/12\/BADW23_opencall-30-200x200.png 200w, https:\/\/www.bratislavadesignweek.sk\/wp-content\/uploads\/2023\/12\/BADW23_opencall-30-600x600.png 600w, https:\/\/www.bratislavadesignweek.sk\/wp-content\/uploads\/2023\/12\/BADW23_opencall-30-800x800.png 800w, https:\/\/www.bratislavadesignweek.sk\/wp-content\/uploads\/2023\/12\/BADW23_opencall-30.png 1081w\" sizes=\"(max-width: 400px) 100vw, 400px\" \/><\/p>\n<p>&nbsp;<\/p>\n<p>Startup III je zhrnut\u00edm trojro\u010dn\u00e9ho projektu Ateli\u00e9ru experiment\u00e1lneho dizajnu (V\u0160VU), ktor\u00fd systematicky budoval individu\u00e1lny autorsk\u00fd program \u0161tudentiek a \u0161tudentov ateli\u00e9ru. Prezent\u00e1cia na BADW 2023 predstav\u00ed v\u00fdber \u0161tudentsk\u00fdch projektov, ktor\u00e9 vznikli za posledn\u00e9 tri roky.<\/p>\n<p>&nbsp;<\/p>\n<p><img decoding=\"async\" class=\"aligncenter size-full wp-image-13295\" src=\"http:\/\/www.bratislavadesignweek.sk\/wp-content\/uploads\/2023\/12\/Pena_BRO_Adri-na_Adamov--scaled.jpg\" alt=\"\" width=\"1709\" height=\"2560\" srcset=\"https:\/\/www.bratislavadesignweek.sk\/wp-content\/uploads\/2023\/12\/Pena_BRO_Adri-na_Adamov--scaled.jpg 1709w, https:\/\/www.bratislavadesignweek.sk\/wp-content\/uploads\/2023\/12\/Pena_BRO_Adri-na_Adamov--200x300.jpg 200w, https:\/\/www.bratislavadesignweek.sk\/wp-content\/uploads\/2023\/12\/Pena_BRO_Adri-na_Adamov--684x1024.jpg 684w, https:\/\/www.bratislavadesignweek.sk\/wp-content\/uploads\/2023\/12\/Pena_BRO_Adri-na_Adamov--768x1150.jpg 768w, https:\/\/www.bratislavadesignweek.sk\/wp-content\/uploads\/2023\/12\/Pena_BRO_Adri-na_Adamov--1025x1536.jpg 1025w, https:\/\/www.bratislavadesignweek.sk\/wp-content\/uploads\/2023\/12\/Pena_BRO_Adri-na_Adamov--1367x2048.jpg 1367w, https:\/\/www.bratislavadesignweek.sk\/wp-content\/uploads\/2023\/12\/Pena_BRO_Adri-na_Adamov--400x599.jpg 400w, https:\/\/www.bratislavadesignweek.sk\/wp-content\/uploads\/2023\/12\/Pena_BRO_Adri-na_Adamov--600x899.jpg 600w, https:\/\/www.bratislavadesignweek.sk\/wp-content\/uploads\/2023\/12\/Pena_BRO_Adri-na_Adamov--800x1198.jpg 800w, https:\/\/www.bratislavadesignweek.sk\/wp-content\/uploads\/2023\/12\/Pena_BRO_Adri-na_Adamov--1200x1798.jpg 1200w\" sizes=\"(max-width: 1709px) 100vw, 1709px\" \/> <img decoding=\"async\" class=\"aligncenter size-full wp-image-13296\" src=\"http:\/\/www.bratislavadesignweek.sk\/wp-content\/uploads\/2023\/12\/Sadrol\u0e02gia_Adam_Kukuc-scaled.jpg\" alt=\"\" width=\"1707\" height=\"2560\" srcset=\"https:\/\/www.bratislavadesignweek.sk\/wp-content\/uploads\/2023\/12\/Sadrol\u0e02gia_Adam_Kukuc-scaled.jpg 1707w, https:\/\/www.bratislavadesignweek.sk\/wp-content\/uploads\/2023\/12\/Sadrol\u0e02gia_Adam_Kukuc-200x300.jpg 200w, https:\/\/www.bratislavadesignweek.sk\/wp-content\/uploads\/2023\/12\/Sadrol\u0e02gia_Adam_Kukuc-683x1024.jpg 683w, https:\/\/www.bratislavadesignweek.sk\/wp-content\/uploads\/2023\/12\/Sadrol\u0e02gia_Adam_Kukuc-768x1152.jpg 768w, https:\/\/www.bratislavadesignweek.sk\/wp-content\/uploads\/2023\/12\/Sadrol\u0e02gia_Adam_Kukuc-1024x1536.jpg 1024w, https:\/\/www.bratislavadesignweek.sk\/wp-content\/uploads\/2023\/12\/Sadrol\u0e02gia_Adam_Kukuc-1365x2048.jpg 1365w, https:\/\/www.bratislavadesignweek.sk\/wp-content\/uploads\/2023\/12\/Sadrol\u0e02gia_Adam_Kukuc-400x600.jpg 400w, https:\/\/www.bratislavadesignweek.sk\/wp-content\/uploads\/2023\/12\/Sadrol\u0e02gia_Adam_Kukuc-600x900.jpg 600w, https:\/\/www.bratislavadesignweek.sk\/wp-content\/uploads\/2023\/12\/Sadrol\u0e02gia_Adam_Kukuc-800x1200.jpg 800w, https:\/\/www.bratislavadesignweek.sk\/wp-content\/uploads\/2023\/12\/Sadrol\u0e02gia_Adam_Kukuc-1200x1800.jpg 1200w\" sizes=\"(max-width: 1707px) 100vw, 1707px\" \/> <img loading=\"lazy\" decoding=\"async\" class=\"aligncenter size-full wp-image-13297\" src=\"http:\/\/www.bratislavadesignweek.sk\/wp-content\/uploads\/2023\/12\/Softshell_Juraj_Olej-r-scaled.jpg\" alt=\"\" width=\"1920\" height=\"2560\" srcset=\"https:\/\/www.bratislavadesignweek.sk\/wp-content\/uploads\/2023\/12\/Softshell_Juraj_Olej-r-scaled.jpg 1920w, https:\/\/www.bratislavadesignweek.sk\/wp-content\/uploads\/2023\/12\/Softshell_Juraj_Olej-r-225x300.jpg 225w, https:\/\/www.bratislavadesignweek.sk\/wp-content\/uploads\/2023\/12\/Softshell_Juraj_Olej-r-768x1024.jpg 768w, https:\/\/www.bratislavadesignweek.sk\/wp-content\/uploads\/2023\/12\/Softshell_Juraj_Olej-r-1152x1536.jpg 1152w, https:\/\/www.bratislavadesignweek.sk\/wp-content\/uploads\/2023\/12\/Softshell_Juraj_Olej-r-1536x2048.jpg 1536w, https:\/\/www.bratislavadesignweek.sk\/wp-content\/uploads\/2023\/12\/Softshell_Juraj_Olej-r-200x267.jpg 200w, https:\/\/www.bratislavadesignweek.sk\/wp-content\/uploads\/2023\/12\/Softshell_Juraj_Olej-r-400x533.jpg 400w, https:\/\/www.bratislavadesignweek.sk\/wp-content\/uploads\/2023\/12\/Softshell_Juraj_Olej-r-600x800.jpg 600w, https:\/\/www.bratislavadesignweek.sk\/wp-content\/uploads\/2023\/12\/Softshell_Juraj_Olej-r-800x1067.jpg 800w, https:\/\/www.bratislavadesignweek.sk\/wp-content\/uploads\/2023\/12\/Softshell_Juraj_Olej-r-1200x1600.jpg 1200w\" sizes=\"(max-width: 1920px) 100vw, 1920px\" \/> <img loading=\"lazy\" decoding=\"async\" class=\"aligncenter size-full wp-image-13298\" src=\"http:\/\/www.bratislavadesignweek.sk\/wp-content\/uploads\/2023\/12\/SUN2_Erik_Vr-bel.jpg\" alt=\"\" width=\"1248\" height=\"2226\" srcset=\"https:\/\/www.bratislavadesignweek.sk\/wp-content\/uploads\/2023\/12\/SUN2_Erik_Vr-bel.jpg 1248w, https:\/\/www.bratislavadesignweek.sk\/wp-content\/uploads\/2023\/12\/SUN2_Erik_Vr-bel-168x300.jpg 168w, https:\/\/www.bratislavadesignweek.sk\/wp-content\/uploads\/2023\/12\/SUN2_Erik_Vr-bel-574x1024.jpg 574w, https:\/\/www.bratislavadesignweek.sk\/wp-content\/uploads\/2023\/12\/SUN2_Erik_Vr-bel-768x1370.jpg 768w, https:\/\/www.bratislavadesignweek.sk\/wp-content\/uploads\/2023\/12\/SUN2_Erik_Vr-bel-861x1536.jpg 861w, https:\/\/www.bratislavadesignweek.sk\/wp-content\/uploads\/2023\/12\/SUN2_Erik_Vr-bel-1148x2048.jpg 1148w, https:\/\/www.bratislavadesignweek.sk\/wp-content\/uploads\/2023\/12\/SUN2_Erik_Vr-bel-200x357.jpg 200w, https:\/\/www.bratislavadesignweek.sk\/wp-content\/uploads\/2023\/12\/SUN2_Erik_Vr-bel-400x713.jpg 400w, https:\/\/www.bratislavadesignweek.sk\/wp-content\/uploads\/2023\/12\/SUN2_Erik_Vr-bel-600x1070.jpg 600w, https:\/\/www.bratislavadesignweek.sk\/wp-content\/uploads\/2023\/12\/SUN2_Erik_Vr-bel-800x1427.jpg 800w, https:\/\/www.bratislavadesignweek.sk\/wp-content\/uploads\/2023\/12\/SUN2_Erik_Vr-bel-1200x2140.jpg 1200w\" sizes=\"(max-width: 1248px) 100vw, 1248px\" \/> <img loading=\"lazy\" decoding=\"async\" class=\"aligncenter size-full wp-image-13299\" src=\"http:\/\/www.bratislavadesignweek.sk\/wp-content\/uploads\/2023\/12\/Take_that_girl_Krist\u00a1na_Vavrov--scaled.jpg\" alt=\"\" width=\"1709\" height=\"2560\" srcset=\"https:\/\/www.bratislavadesignweek.sk\/wp-content\/uploads\/2023\/12\/Take_that_girl_Krist\u00a1na_Vavrov--scaled.jpg 1709w, https:\/\/www.bratislavadesignweek.sk\/wp-content\/uploads\/2023\/12\/Take_that_girl_Krist\u00a1na_Vavrov--200x300.jpg 200w, https:\/\/www.bratislavadesignweek.sk\/wp-content\/uploads\/2023\/12\/Take_that_girl_Krist\u00a1na_Vavrov--684x1024.jpg 684w, https:\/\/www.bratislavadesignweek.sk\/wp-content\/uploads\/2023\/12\/Take_that_girl_Krist\u00a1na_Vavrov--768x1150.jpg 768w, https:\/\/www.bratislavadesignweek.sk\/wp-content\/uploads\/2023\/12\/Take_that_girl_Krist\u00a1na_Vavrov--1025x1536.jpg 1025w, https:\/\/www.bratislavadesignweek.sk\/wp-content\/uploads\/2023\/12\/Take_that_girl_Krist\u00a1na_Vavrov--1367x2048.jpg 1367w, https:\/\/www.bratislavadesignweek.sk\/wp-content\/uploads\/2023\/12\/Take_that_girl_Krist\u00a1na_Vavrov--400x599.jpg 400w, https:\/\/www.bratislavadesignweek.sk\/wp-content\/uploads\/2023\/12\/Take_that_girl_Krist\u00a1na_Vavrov--600x899.jpg 600w, https:\/\/www.bratislavadesignweek.sk\/wp-content\/uploads\/2023\/12\/Take_that_girl_Krist\u00a1na_Vavrov--800x1198.jpg 800w, https:\/\/www.bratislavadesignweek.sk\/wp-content\/uploads\/2023\/12\/Take_that_girl_Krist\u00a1na_Vavrov--1200x1798.jpg 1200w\" sizes=\"(max-width: 1709px) 100vw, 1709px\" \/> <img loading=\"lazy\" decoding=\"async\" class=\"aligncenter size-full wp-image-13300\" src=\"http:\/\/www.bratislavadesignweek.sk\/wp-content\/uploads\/2023\/12\/Zrkadlenie_Veronika_MajerY\u00a1kov--scaled.jpg\" alt=\"\" width=\"2560\" height=\"1709\" srcset=\"https:\/\/www.bratislavadesignweek.sk\/wp-content\/uploads\/2023\/12\/Zrkadlenie_Veronika_MajerY\u00a1kov--scaled.jpg 2560w, https:\/\/www.bratislavadesignweek.sk\/wp-content\/uploads\/2023\/12\/Zrkadlenie_Veronika_MajerY\u00a1kov--300x200.jpg 300w, https:\/\/www.bratislavadesignweek.sk\/wp-content\/uploads\/2023\/12\/Zrkadlenie_Veronika_MajerY\u00a1kov--1024x684.jpg 1024w, https:\/\/www.bratislavadesignweek.sk\/wp-content\/uploads\/2023\/12\/Zrkadlenie_Veronika_MajerY\u00a1kov--768x513.jpg 768w, https:\/\/www.bratislavadesignweek.sk\/wp-content\/uploads\/2023\/12\/Zrkadlenie_Veronika_MajerY\u00a1kov--1536x1025.jpg 1536w, https:\/\/www.bratislavadesignweek.sk\/wp-content\/uploads\/2023\/12\/Zrkadlenie_Veronika_MajerY\u00a1kov--2048x1367.jpg 2048w, https:\/\/www.bratislavadesignweek.sk\/wp-content\/uploads\/2023\/12\/Zrkadlenie_Veronika_MajerY\u00a1kov--200x134.jpg 200w, https:\/\/www.bratislavadesignweek.sk\/wp-content\/uploads\/2023\/12\/Zrkadlenie_Veronika_MajerY\u00a1kov--400x267.jpg 400w, https:\/\/www.bratislavadesignweek.sk\/wp-content\/uploads\/2023\/12\/Zrkadlenie_Veronika_MajerY\u00a1kov--600x401.jpg 600w, https:\/\/www.bratislavadesignweek.sk\/wp-content\/uploads\/2023\/12\/Zrkadlenie_Veronika_MajerY\u00a1kov--800x534.jpg 800w, https:\/\/www.bratislavadesignweek.sk\/wp-content\/uploads\/2023\/12\/Zrkadlenie_Veronika_MajerY\u00a1kov--1200x801.jpg 1200w\" sizes=\"(max-width: 2560px) 100vw, 2560px\" \/><\/p>","protected":false},"excerpt":{"rendered":"<p>&nbsp; Startup III je zhrnut\u00edm trojro\u010dn\u00e9ho projektu Ateli\u00e9ru experiment\u00e1lneho dizajnu (V\u0160VU), ktor\u00fd systematicky budoval individu\u00e1lny autorsk\u00fd program \u0161tudentiek a \u0161tudentov ateli\u00e9ru. Prezent\u00e1cia na BADW 2023 predstav\u00ed v\u00fdber \u0161tudentsk\u00fdch projektov, ktor\u00e9 vznikli za posledn\u00e9 tri roky. &nbsp;<\/p>","protected":false},"author":2,"featured_media":13301,"comment_status":"closed","ping_status":"closed","sticky":false,"template":"","format":"standard","meta":{"footnotes":""},"categories":[885],"tags":[],"_links":{"self":[{"href":"https:\/\/www.bratislavadesignweek.sk\/en\/wp-json\/wp\/v2\/posts\/13294"}],"collection":[{"href":"https:\/\/www.bratislavadesignweek.sk\/en\/wp-json\/wp\/v2\/posts"}],"about":[{"href":"https:\/\/www.bratislavadesignweek.sk\/en\/wp-json\/wp\/v2\/types\/post"}],"author":[{"embeddable":true,"href":"https:\/\/www.bratislavadesignweek.sk\/en\/wp-json\/wp\/v2\/users\/2"}],"replies":[{"embeddable":true,"href":"https:\/\/www.bratislavadesignweek.sk\/en\/wp-json\/wp\/v2\/comments?post=13294"}],"version-history":[{"count":1,"href":"https:\/\/www.bratislavadesignweek.sk\/en\/wp-json\/wp\/v2\/posts\/13294\/revisions"}],"predecessor-version":[{"id":13302,"href":"https:\/\/www.bratislavadesignweek.sk\/en\/wp-json\/wp\/v2\/posts\/13294\/revisions\/13302"}],"wp:featuredmedia":[{"embeddable":true,"href":"https:\/\/www.bratislavadesignweek.sk\/en\/wp-json\/wp\/v2\/media\/13301"}],"wp:attachment":[{"href":"https:\/\/www.bratislavadesignweek.sk\/en\/wp-json\/wp\/v2\/media?parent=13294"}],"wp:term":[{"taxonomy":"category","embeddable":true,"href":"https:\/\/www.bratislavadesignweek.sk\/en\/wp-json\/wp\/v2\/categories?post=13294"},{"taxonomy":"post_tag","embeddable":true,"href":"https:\/\/www.bratislavadesignweek.sk\/en\/wp-json\/wp\/v2\/tags?post=13294"}],"curies":[{"name":"wp","href":"https:\/\/api.w.org\/{rel}","templated":true}]}}