{"id":13306,"date":"2023-12-04T00:59:28","date_gmt":"2023-12-03T23:59:28","guid":{"rendered":"https:\/\/www.bratislavadesignweek.sk\/?p=13306"},"modified":"2023-12-04T00:59:28","modified_gmt":"2023-12-03T23:59:28","slug":"maria-stranekova-the-crossing","status":"publish","type":"post","link":"https:\/\/www.bratislavadesignweek.sk\/en\/maria-stranekova-the-crossing\/","title":{"rendered":"M\u00c1RIA \u0160TRANEKOV\u00c1 \/ THE CROSSING"},"content":{"rendered":"<p><img fetchpriority=\"high\" decoding=\"async\" class=\"aligncenter wp-image-13307 size-fusion-400\" src=\"http:\/\/www.bratislavadesignweek.sk\/wp-content\/uploads\/2023\/12\/BADW23_opencall_stranekova-400x400.png\" alt=\"\" width=\"400\" height=\"400\" srcset=\"https:\/\/www.bratislavadesignweek.sk\/wp-content\/uploads\/2023\/12\/BADW23_opencall_stranekova-400x400.png 400w, https:\/\/www.bratislavadesignweek.sk\/wp-content\/uploads\/2023\/12\/BADW23_opencall_stranekova-300x300.png 300w, https:\/\/www.bratislavadesignweek.sk\/wp-content\/uploads\/2023\/12\/BADW23_opencall_stranekova-1024x1024.png 1024w, https:\/\/www.bratislavadesignweek.sk\/wp-content\/uploads\/2023\/12\/BADW23_opencall_stranekova-150x150.png 150w, https:\/\/www.bratislavadesignweek.sk\/wp-content\/uploads\/2023\/12\/BADW23_opencall_stranekova-768x767.png 768w, https:\/\/www.bratislavadesignweek.sk\/wp-content\/uploads\/2023\/12\/BADW23_opencall_stranekova-66x66.png 66w, https:\/\/www.bratislavadesignweek.sk\/wp-content\/uploads\/2023\/12\/BADW23_opencall_stranekova-200x200.png 200w, https:\/\/www.bratislavadesignweek.sk\/wp-content\/uploads\/2023\/12\/BADW23_opencall_stranekova-600x599.png 600w, https:\/\/www.bratislavadesignweek.sk\/wp-content\/uploads\/2023\/12\/BADW23_opencall_stranekova-800x799.png 800w, https:\/\/www.bratislavadesignweek.sk\/wp-content\/uploads\/2023\/12\/BADW23_opencall_stranekova.png 1081w\" sizes=\"(max-width: 400px) 100vw, 400px\" \/><\/p>\n<p>&nbsp;<\/p>\n<p>The artist has a long history of working in the field of sustainable design, The Crossing collection is based on the National Design Award-winning Natural Mode collection 21. She designs 3 - 5 models of innovative zero waste cuts. (on mannequins). The collection, titled The Crossing, is thematically based on the post-covidian \"blending\" of different positions of design and society. The cuts continue the intention of zero waste, the choice of materials conceptually and visually suggest a transformation - a transition into a new position of creating sustainable design and using non-traditional materials.<\/p>\n<p>&nbsp;<\/p>\n<p><img decoding=\"async\" class=\"aligncenter size-full wp-image-13308\" src=\"http:\/\/www.bratislavadesignweek.sk\/wp-content\/uploads\/2023\/12\/Stranekova-Foto-Martin-Tomecko.jpeg\" alt=\"\" width=\"1586\" height=\"1983\" srcset=\"https:\/\/www.bratislavadesignweek.sk\/wp-content\/uploads\/2023\/12\/Stranekova-Foto-Martin-Tomecko.jpeg 1586w, https:\/\/www.bratislavadesignweek.sk\/wp-content\/uploads\/2023\/12\/Stranekova-Foto-Martin-Tomecko-240x300.jpeg 240w, https:\/\/www.bratislavadesignweek.sk\/wp-content\/uploads\/2023\/12\/Stranekova-Foto-Martin-Tomecko-819x1024.jpeg 819w, https:\/\/www.bratislavadesignweek.sk\/wp-content\/uploads\/2023\/12\/Stranekova-Foto-Martin-Tomecko-768x960.jpeg 768w, https:\/\/www.bratislavadesignweek.sk\/wp-content\/uploads\/2023\/12\/Stranekova-Foto-Martin-Tomecko-1228x1536.jpeg 1228w, https:\/\/www.bratislavadesignweek.sk\/wp-content\/uploads\/2023\/12\/Stranekova-Foto-Martin-Tomecko-200x250.jpeg 200w, https:\/\/www.bratislavadesignweek.sk\/wp-content\/uploads\/2023\/12\/Stranekova-Foto-Martin-Tomecko-400x500.jpeg 400w, https:\/\/www.bratislavadesignweek.sk\/wp-content\/uploads\/2023\/12\/Stranekova-Foto-Martin-Tomecko-600x750.jpeg 600w, https:\/\/www.bratislavadesignweek.sk\/wp-content\/uploads\/2023\/12\/Stranekova-Foto-Martin-Tomecko-800x1000.jpeg 800w, https:\/\/www.bratislavadesignweek.sk\/wp-content\/uploads\/2023\/12\/Stranekova-Foto-Martin-Tomecko-1200x1500.jpeg 1200w\" sizes=\"(max-width: 1586px) 100vw, 1586px\" \/> <img decoding=\"async\" class=\"aligncenter size-full wp-image-13309\" src=\"http:\/\/www.bratislavadesignweek.sk\/wp-content\/uploads\/2023\/12\/Stranekova-The-Crossing-FOTOMartin-Tomecko--scaled.jpg\" alt=\"\" width=\"2048\" height=\"2560\" srcset=\"https:\/\/www.bratislavadesignweek.sk\/wp-content\/uploads\/2023\/12\/Stranekova-The-Crossing-FOTOMartin-Tomecko--scaled.jpg 2048w, https:\/\/www.bratislavadesignweek.sk\/wp-content\/uploads\/2023\/12\/Stranekova-The-Crossing-FOTOMartin-Tomecko--240x300.jpg 240w, https:\/\/www.bratislavadesignweek.sk\/wp-content\/uploads\/2023\/12\/Stranekova-The-Crossing-FOTOMartin-Tomecko--819x1024.jpg 819w, https:\/\/www.bratislavadesignweek.sk\/wp-content\/uploads\/2023\/12\/Stranekova-The-Crossing-FOTOMartin-Tomecko--768x960.jpg 768w, https:\/\/www.bratislavadesignweek.sk\/wp-content\/uploads\/2023\/12\/Stranekova-The-Crossing-FOTOMartin-Tomecko--1229x1536.jpg 1229w, https:\/\/www.bratislavadesignweek.sk\/wp-content\/uploads\/2023\/12\/Stranekova-The-Crossing-FOTOMartin-Tomecko--1638x2048.jpg 1638w, https:\/\/www.bratislavadesignweek.sk\/wp-content\/uploads\/2023\/12\/Stranekova-The-Crossing-FOTOMartin-Tomecko--200x250.jpg 200w, https:\/\/www.bratislavadesignweek.sk\/wp-content\/uploads\/2023\/12\/Stranekova-The-Crossing-FOTOMartin-Tomecko--400x500.jpg 400w, https:\/\/www.bratislavadesignweek.sk\/wp-content\/uploads\/2023\/12\/Stranekova-The-Crossing-FOTOMartin-Tomecko--600x750.jpg 600w, https:\/\/www.bratislavadesignweek.sk\/wp-content\/uploads\/2023\/12\/Stranekova-The-Crossing-FOTOMartin-Tomecko--800x1000.jpg 800w, https:\/\/www.bratislavadesignweek.sk\/wp-content\/uploads\/2023\/12\/Stranekova-The-Crossing-FOTOMartin-Tomecko--1200x1500.jpg 1200w\" sizes=\"(max-width: 2048px) 100vw, 2048px\" \/> <img loading=\"lazy\" decoding=\"async\" class=\"aligncenter size-full wp-image-13310\" src=\"http:\/\/www.bratislavadesignweek.sk\/wp-content\/uploads\/2023\/12\/Stranekova-the-crossing-Foto-Martin-Tomecko.jpeg\" alt=\"\" width=\"1586\" height=\"1983\" srcset=\"https:\/\/www.bratislavadesignweek.sk\/wp-content\/uploads\/2023\/12\/Stranekova-the-crossing-Foto-Martin-Tomecko.jpeg 1586w, https:\/\/www.bratislavadesignweek.sk\/wp-content\/uploads\/2023\/12\/Stranekova-the-crossing-Foto-Martin-Tomecko-240x300.jpeg 240w, https:\/\/www.bratislavadesignweek.sk\/wp-content\/uploads\/2023\/12\/Stranekova-the-crossing-Foto-Martin-Tomecko-819x1024.jpeg 819w, https:\/\/www.bratislavadesignweek.sk\/wp-content\/uploads\/2023\/12\/Stranekova-the-crossing-Foto-Martin-Tomecko-768x960.jpeg 768w, https:\/\/www.bratislavadesignweek.sk\/wp-content\/uploads\/2023\/12\/Stranekova-the-crossing-Foto-Martin-Tomecko-1228x1536.jpeg 1228w, https:\/\/www.bratislavadesignweek.sk\/wp-content\/uploads\/2023\/12\/Stranekova-the-crossing-Foto-Martin-Tomecko-200x250.jpeg 200w, https:\/\/www.bratislavadesignweek.sk\/wp-content\/uploads\/2023\/12\/Stranekova-the-crossing-Foto-Martin-Tomecko-400x500.jpeg 400w, https:\/\/www.bratislavadesignweek.sk\/wp-content\/uploads\/2023\/12\/Stranekova-the-crossing-Foto-Martin-Tomecko-600x750.jpeg 600w, https:\/\/www.bratislavadesignweek.sk\/wp-content\/uploads\/2023\/12\/Stranekova-the-crossing-Foto-Martin-Tomecko-800x1000.jpeg 800w, https:\/\/www.bratislavadesignweek.sk\/wp-content\/uploads\/2023\/12\/Stranekova-the-crossing-Foto-Martin-Tomecko-1200x1500.jpeg 1200w\" sizes=\"(max-width: 1586px) 100vw, 1586px\" \/><\/p>","protected":false},"excerpt":{"rendered":"<p>&nbsp; Autorka dlhodobo pracuje v oblasti tvorby trvalo udr\u017eate\u013en\u00e9ho dizajnu, kolekcia The Crossing vych\u00e1dza z kolekcie Natural Mode ocenenou N\u00e1rodnou cenou za dizajn 21. Predsav\u00ed 3 &#8211; 5 modelov inovat\u00edvneho zero waste strihu. (na figur\u00ednach). Kolekcia s n\u00e1zvom The Crossing tematicky vych\u00e1dza z postcovidov\u00e9ho &#8222;prel\u00ednania&#8220; r\u00f4znych poz\u00edci\u00ed dizajnu a spolo\u010dnosti. Strihy pokra\u010duj\u00fa v intenci\u00ed zero [&hellip;]<\/p>","protected":false},"author":2,"featured_media":13307,"comment_status":"closed","ping_status":"closed","sticky":false,"template":"","format":"standard","meta":{"footnotes":""},"categories":[885],"tags":[],"_links":{"self":[{"href":"https:\/\/www.bratislavadesignweek.sk\/en\/wp-json\/wp\/v2\/posts\/13306"}],"collection":[{"href":"https:\/\/www.bratislavadesignweek.sk\/en\/wp-json\/wp\/v2\/posts"}],"about":[{"href":"https:\/\/www.bratislavadesignweek.sk\/en\/wp-json\/wp\/v2\/types\/post"}],"author":[{"embeddable":true,"href":"https:\/\/www.bratislavadesignweek.sk\/en\/wp-json\/wp\/v2\/users\/2"}],"replies":[{"embeddable":true,"href":"https:\/\/www.bratislavadesignweek.sk\/en\/wp-json\/wp\/v2\/comments?post=13306"}],"version-history":[{"count":1,"href":"https:\/\/www.bratislavadesignweek.sk\/en\/wp-json\/wp\/v2\/posts\/13306\/revisions"}],"predecessor-version":[{"id":13311,"href":"https:\/\/www.bratislavadesignweek.sk\/en\/wp-json\/wp\/v2\/posts\/13306\/revisions\/13311"}],"wp:featuredmedia":[{"embeddable":true,"href":"https:\/\/www.bratislavadesignweek.sk\/en\/wp-json\/wp\/v2\/media\/13307"}],"wp:attachment":[{"href":"https:\/\/www.bratislavadesignweek.sk\/en\/wp-json\/wp\/v2\/media?parent=13306"}],"wp:term":[{"taxonomy":"category","embeddable":true,"href":"https:\/\/www.bratislavadesignweek.sk\/en\/wp-json\/wp\/v2\/categories?post=13306"},{"taxonomy":"post_tag","embeddable":true,"href":"https:\/\/www.bratislavadesignweek.sk\/en\/wp-json\/wp\/v2\/tags?post=13306"}],"curies":[{"name":"wp","href":"https:\/\/api.w.org\/{rel}","templated":true}]}}