{"id":13331,"date":"2023-12-04T18:42:11","date_gmt":"2023-12-04T17:42:11","guid":{"rendered":"https:\/\/www.bratislavadesignweek.sk\/?p=13331"},"modified":"2023-12-04T18:42:11","modified_gmt":"2023-12-04T17:42:11","slug":"juraj-kotoc-superstucture","status":"publish","type":"post","link":"https:\/\/www.bratislavadesignweek.sk\/en\/juraj-kotoc-superstucture\/","title":{"rendered":"JURAJ KOTO\u010c \/ SUPERSTUCTURE"},"content":{"rendered":"<p><img fetchpriority=\"high\" decoding=\"async\" class=\"aligncenter wp-image-13332 size-fusion-400\" src=\"http:\/\/www.bratislavadesignweek.sk\/wp-content\/uploads\/2023\/12\/BADW23_opencall-32-400x400.png\" alt=\"\" width=\"400\" height=\"400\" srcset=\"https:\/\/www.bratislavadesignweek.sk\/wp-content\/uploads\/2023\/12\/BADW23_opencall-32-400x400.png 400w, https:\/\/www.bratislavadesignweek.sk\/wp-content\/uploads\/2023\/12\/BADW23_opencall-32-300x300.png 300w, https:\/\/www.bratislavadesignweek.sk\/wp-content\/uploads\/2023\/12\/BADW23_opencall-32-1024x1024.png 1024w, https:\/\/www.bratislavadesignweek.sk\/wp-content\/uploads\/2023\/12\/BADW23_opencall-32-150x150.png 150w, https:\/\/www.bratislavadesignweek.sk\/wp-content\/uploads\/2023\/12\/BADW23_opencall-32-768x768.png 768w, https:\/\/www.bratislavadesignweek.sk\/wp-content\/uploads\/2023\/12\/BADW23_opencall-32-66x66.png 66w, https:\/\/www.bratislavadesignweek.sk\/wp-content\/uploads\/2023\/12\/BADW23_opencall-32-200x200.png 200w, https:\/\/www.bratislavadesignweek.sk\/wp-content\/uploads\/2023\/12\/BADW23_opencall-32-600x600.png 600w, https:\/\/www.bratislavadesignweek.sk\/wp-content\/uploads\/2023\/12\/BADW23_opencall-32-800x800.png 800w, https:\/\/www.bratislavadesignweek.sk\/wp-content\/uploads\/2023\/12\/BADW23_opencall-32.png 1081w\" sizes=\"(max-width: 400px) 100vw, 400px\" \/><\/p>\n<p>&nbsp;<\/p>\n<p>Koncep\u010dn\u00e1 \u0161t\u00fadia poukazuje na potenci\u00e1l pobre\u017en\u00fdch oblast\u00ed a\u00a0verejn\u00e9ho priestoru ako tak\u00e9ho v\u00a0zmysle vizu\u00e1lne a\u00a0kult\u00farne rozmanit\u00e9ho prostredia. Reaguje na v\u00fdvoj priestranstiev\u00a0miest, v\u00a0ktor\u00fdch nie je takmer \u017eiadny priestor na ni\u010d, \u010do by nezodpovedalo jeho steriln\u00fdm \u0161tandardom. Super\u0161trukt\u00fara je odv\u00e1\u017enym prostriedkom naru\u0161enia tak\u00e9hoto priestoru v\u00a0podobe pont\u00f3novej, alebo mobili\u00e1rovej \u0161trukt\u00fary s\u00a0kult\u00farnym v\u00fdznamom a\u00a0schopnos\u0165ou premeny v\u00a0prospech spolo\u010denskej interakcie. \u0160trukt\u00fara pont\u00f3nov tvor\u00ed poch\u00f4dznu plochu a\u00a0mobili\u00e1r na vodnej hladine, alebo na pevnine, bez k\u00fatov a stien, nar\u00fa\u0161aj\u00faca hranice. Sp\u00e1jan\u00edm jednotliv\u00fdch segmentov do v\u00e4\u010d\u0161\u00edch celkov, vznik\u00e1 platforma s \u013eubovoln\u00fdm rastom, pri\u010dom rozmery 1 segmentu s\u00fa 100x100x45cm.<\/p>\n<p>&nbsp;<\/p>\n<p><img decoding=\"async\" class=\"aligncenter size-full wp-image-13333\" src=\"http:\/\/www.bratislavadesignweek.sk\/wp-content\/uploads\/2023\/12\/SUPERSTRUCTURE_2_JURAJ-KOTOC.png\" alt=\"\" width=\"3126\" height=\"2024\" srcset=\"https:\/\/www.bratislavadesignweek.sk\/wp-content\/uploads\/2023\/12\/SUPERSTRUCTURE_2_JURAJ-KOTOC.png 3126w, https:\/\/www.bratislavadesignweek.sk\/wp-content\/uploads\/2023\/12\/SUPERSTRUCTURE_2_JURAJ-KOTOC-300x194.png 300w, https:\/\/www.bratislavadesignweek.sk\/wp-content\/uploads\/2023\/12\/SUPERSTRUCTURE_2_JURAJ-KOTOC-1024x663.png 1024w, https:\/\/www.bratislavadesignweek.sk\/wp-content\/uploads\/2023\/12\/SUPERSTRUCTURE_2_JURAJ-KOTOC-768x497.png 768w, https:\/\/www.bratislavadesignweek.sk\/wp-content\/uploads\/2023\/12\/SUPERSTRUCTURE_2_JURAJ-KOTOC-1536x995.png 1536w, https:\/\/www.bratislavadesignweek.sk\/wp-content\/uploads\/2023\/12\/SUPERSTRUCTURE_2_JURAJ-KOTOC-2048x1326.png 2048w, https:\/\/www.bratislavadesignweek.sk\/wp-content\/uploads\/2023\/12\/SUPERSTRUCTURE_2_JURAJ-KOTOC-200x129.png 200w, https:\/\/www.bratislavadesignweek.sk\/wp-content\/uploads\/2023\/12\/SUPERSTRUCTURE_2_JURAJ-KOTOC-400x259.png 400w, https:\/\/www.bratislavadesignweek.sk\/wp-content\/uploads\/2023\/12\/SUPERSTRUCTURE_2_JURAJ-KOTOC-600x388.png 600w, https:\/\/www.bratislavadesignweek.sk\/wp-content\/uploads\/2023\/12\/SUPERSTRUCTURE_2_JURAJ-KOTOC-800x518.png 800w, https:\/\/www.bratislavadesignweek.sk\/wp-content\/uploads\/2023\/12\/SUPERSTRUCTURE_2_JURAJ-KOTOC-1200x777.png 1200w\" sizes=\"(max-width: 3126px) 100vw, 3126px\" \/> <img decoding=\"async\" class=\"aligncenter size-full wp-image-13334\" src=\"http:\/\/www.bratislavadesignweek.sk\/wp-content\/uploads\/2023\/12\/SUPERSTRUCTURE_3_JURAJ-KOTOC-scaled.jpg\" alt=\"\" width=\"2560\" height=\"1440\" srcset=\"https:\/\/www.bratislavadesignweek.sk\/wp-content\/uploads\/2023\/12\/SUPERSTRUCTURE_3_JURAJ-KOTOC-scaled.jpg 2560w, https:\/\/www.bratislavadesignweek.sk\/wp-content\/uploads\/2023\/12\/SUPERSTRUCTURE_3_JURAJ-KOTOC-300x169.jpg 300w, https:\/\/www.bratislavadesignweek.sk\/wp-content\/uploads\/2023\/12\/SUPERSTRUCTURE_3_JURAJ-KOTOC-1024x576.jpg 1024w, https:\/\/www.bratislavadesignweek.sk\/wp-content\/uploads\/2023\/12\/SUPERSTRUCTURE_3_JURAJ-KOTOC-768x432.jpg 768w, https:\/\/www.bratislavadesignweek.sk\/wp-content\/uploads\/2023\/12\/SUPERSTRUCTURE_3_JURAJ-KOTOC-1536x864.jpg 1536w, https:\/\/www.bratislavadesignweek.sk\/wp-content\/uploads\/2023\/12\/SUPERSTRUCTURE_3_JURAJ-KOTOC-2048x1152.jpg 2048w, https:\/\/www.bratislavadesignweek.sk\/wp-content\/uploads\/2023\/12\/SUPERSTRUCTURE_3_JURAJ-KOTOC-200x113.jpg 200w, https:\/\/www.bratislavadesignweek.sk\/wp-content\/uploads\/2023\/12\/SUPERSTRUCTURE_3_JURAJ-KOTOC-400x225.jpg 400w, https:\/\/www.bratislavadesignweek.sk\/wp-content\/uploads\/2023\/12\/SUPERSTRUCTURE_3_JURAJ-KOTOC-600x338.jpg 600w, https:\/\/www.bratislavadesignweek.sk\/wp-content\/uploads\/2023\/12\/SUPERSTRUCTURE_3_JURAJ-KOTOC-800x450.jpg 800w, https:\/\/www.bratislavadesignweek.sk\/wp-content\/uploads\/2023\/12\/SUPERSTRUCTURE_3_JURAJ-KOTOC-1200x675.jpg 1200w\" sizes=\"(max-width: 2560px) 100vw, 2560px\" \/><\/p>","protected":false},"excerpt":{"rendered":"<p>&nbsp; Koncep\u010dn\u00e1 \u0161t\u00fadia poukazuje na potenci\u00e1l pobre\u017en\u00fdch oblast\u00ed a\u00a0verejn\u00e9ho priestoru ako tak\u00e9ho v\u00a0zmysle vizu\u00e1lne a\u00a0kult\u00farne rozmanit\u00e9ho prostredia. Reaguje na v\u00fdvoj priestranstiev\u00a0miest, v\u00a0ktor\u00fdch nie je takmer \u017eiadny priestor na ni\u010d, \u010do by nezodpovedalo jeho steriln\u00fdm \u0161tandardom. Super\u0161trukt\u00fara je odv\u00e1\u017enym prostriedkom naru\u0161enia tak\u00e9hoto priestoru v\u00a0podobe pont\u00f3novej, alebo mobili\u00e1rovej \u0161trukt\u00fary s\u00a0kult\u00farnym v\u00fdznamom a\u00a0schopnos\u0165ou premeny v\u00a0prospech spolo\u010denskej interakcie. \u0160trukt\u00fara [&hellip;]<\/p>","protected":false},"author":2,"featured_media":13332,"comment_status":"closed","ping_status":"closed","sticky":false,"template":"","format":"standard","meta":{"footnotes":""},"categories":[885],"tags":[],"_links":{"self":[{"href":"https:\/\/www.bratislavadesignweek.sk\/en\/wp-json\/wp\/v2\/posts\/13331"}],"collection":[{"href":"https:\/\/www.bratislavadesignweek.sk\/en\/wp-json\/wp\/v2\/posts"}],"about":[{"href":"https:\/\/www.bratislavadesignweek.sk\/en\/wp-json\/wp\/v2\/types\/post"}],"author":[{"embeddable":true,"href":"https:\/\/www.bratislavadesignweek.sk\/en\/wp-json\/wp\/v2\/users\/2"}],"replies":[{"embeddable":true,"href":"https:\/\/www.bratislavadesignweek.sk\/en\/wp-json\/wp\/v2\/comments?post=13331"}],"version-history":[{"count":1,"href":"https:\/\/www.bratislavadesignweek.sk\/en\/wp-json\/wp\/v2\/posts\/13331\/revisions"}],"predecessor-version":[{"id":13335,"href":"https:\/\/www.bratislavadesignweek.sk\/en\/wp-json\/wp\/v2\/posts\/13331\/revisions\/13335"}],"wp:featuredmedia":[{"embeddable":true,"href":"https:\/\/www.bratislavadesignweek.sk\/en\/wp-json\/wp\/v2\/media\/13332"}],"wp:attachment":[{"href":"https:\/\/www.bratislavadesignweek.sk\/en\/wp-json\/wp\/v2\/media?parent=13331"}],"wp:term":[{"taxonomy":"category","embeddable":true,"href":"https:\/\/www.bratislavadesignweek.sk\/en\/wp-json\/wp\/v2\/categories?post=13331"},{"taxonomy":"post_tag","embeddable":true,"href":"https:\/\/www.bratislavadesignweek.sk\/en\/wp-json\/wp\/v2\/tags?post=13331"}],"curies":[{"name":"wp","href":"https:\/\/api.w.org\/{rel}","templated":true}]}}