{"id":13342,"date":"2023-12-04T18:48:57","date_gmt":"2023-12-04T17:48:57","guid":{"rendered":"https:\/\/www.bratislavadesignweek.sk\/?p=13342"},"modified":"2023-12-04T18:48:57","modified_gmt":"2023-12-04T17:48:57","slug":"martin-jurik-_","status":"publish","type":"post","link":"https:\/\/www.bratislavadesignweek.sk\/en\/martin-jurik-_\/","title":{"rendered":"MARTIN JUR\u00cdK \/ _"},"content":{"rendered":"<p><img fetchpriority=\"high\" decoding=\"async\" class=\"aligncenter wp-image-13343 size-fusion-400\" src=\"http:\/\/www.bratislavadesignweek.sk\/wp-content\/uploads\/2023\/12\/BADW23_opencall_jurik-400x400.png\" alt=\"\" width=\"400\" height=\"400\" srcset=\"https:\/\/www.bratislavadesignweek.sk\/wp-content\/uploads\/2023\/12\/BADW23_opencall_jurik-400x400.png 400w, https:\/\/www.bratislavadesignweek.sk\/wp-content\/uploads\/2023\/12\/BADW23_opencall_jurik-300x300.png 300w, https:\/\/www.bratislavadesignweek.sk\/wp-content\/uploads\/2023\/12\/BADW23_opencall_jurik-1024x1024.png 1024w, https:\/\/www.bratislavadesignweek.sk\/wp-content\/uploads\/2023\/12\/BADW23_opencall_jurik-150x150.png 150w, https:\/\/www.bratislavadesignweek.sk\/wp-content\/uploads\/2023\/12\/BADW23_opencall_jurik-768x767.png 768w, https:\/\/www.bratislavadesignweek.sk\/wp-content\/uploads\/2023\/12\/BADW23_opencall_jurik-66x66.png 66w, https:\/\/www.bratislavadesignweek.sk\/wp-content\/uploads\/2023\/12\/BADW23_opencall_jurik-200x200.png 200w, https:\/\/www.bratislavadesignweek.sk\/wp-content\/uploads\/2023\/12\/BADW23_opencall_jurik-600x599.png 600w, https:\/\/www.bratislavadesignweek.sk\/wp-content\/uploads\/2023\/12\/BADW23_opencall_jurik-800x799.png 800w, https:\/\/www.bratislavadesignweek.sk\/wp-content\/uploads\/2023\/12\/BADW23_opencall_jurik.png 1081w\" sizes=\"(max-width: 400px) 100vw, 400px\" \/><\/p>\n<p>&nbsp;<\/p>\n<p>_ dielo vzniklo v \u010dase za\u010diatku vojny na Ukrajine. Sl\u00fa\u017eilo mi ako pomyseln\u00fd priestor, do ktor\u00e9ho som sa (mo\u017eno zjednodu\u0161ene) sna\u017eil vklada\u0165 hroziv\u00fa, chaotick\u00fa atmosf\u00e9ru tohto obdobia. Bohu\u017eia\u013e, objekt e\u0161te nem\u00f4\u017eem vn\u00edma\u0165 ako pam\u00e4tn\u00edk. A pravdepodobne z nich bude s\u00e9ria&#8230; Dielo sa sklad\u00e1 z nerezovej vonkaj\u0161ej kon\u0161trukcie, hlin\u00edkov\u00fdch odliatkov, f\u00fakan\u00e9ho a tabu\u013eov\u00e9ho skla. Dielo sl\u00fa\u017ei ako svietiaci objekt. rozmery_ v 200cm x \u0161 60 cm x h 50 cm<\/p>\n<p>&nbsp;<\/p>\n<p><img decoding=\"async\" class=\"aligncenter size-full wp-image-13344\" src=\"http:\/\/www.bratislavadesignweek.sk\/wp-content\/uploads\/2023\/12\/1_Martin_Jurik.png\" alt=\"\" width=\"3799\" height=\"5699\" srcset=\"https:\/\/www.bratislavadesignweek.sk\/wp-content\/uploads\/2023\/12\/1_Martin_Jurik.png 3799w, https:\/\/www.bratislavadesignweek.sk\/wp-content\/uploads\/2023\/12\/1_Martin_Jurik-200x300.png 200w, https:\/\/www.bratislavadesignweek.sk\/wp-content\/uploads\/2023\/12\/1_Martin_Jurik-683x1024.png 683w, https:\/\/www.bratislavadesignweek.sk\/wp-content\/uploads\/2023\/12\/1_Martin_Jurik-768x1152.png 768w, https:\/\/www.bratislavadesignweek.sk\/wp-content\/uploads\/2023\/12\/1_Martin_Jurik-1024x1536.png 1024w, https:\/\/www.bratislavadesignweek.sk\/wp-content\/uploads\/2023\/12\/1_Martin_Jurik-1365x2048.png 1365w, https:\/\/www.bratislavadesignweek.sk\/wp-content\/uploads\/2023\/12\/1_Martin_Jurik-400x600.png 400w, https:\/\/www.bratislavadesignweek.sk\/wp-content\/uploads\/2023\/12\/1_Martin_Jurik-600x900.png 600w, https:\/\/www.bratislavadesignweek.sk\/wp-content\/uploads\/2023\/12\/1_Martin_Jurik-800x1200.png 800w, https:\/\/www.bratislavadesignweek.sk\/wp-content\/uploads\/2023\/12\/1_Martin_Jurik-1200x1800.png 1200w\" sizes=\"(max-width: 3799px) 100vw, 3799px\" \/> <img decoding=\"async\" class=\"aligncenter size-full wp-image-13345\" src=\"http:\/\/www.bratislavadesignweek.sk\/wp-content\/uploads\/2023\/12\/2Martin_Jurik.png\" alt=\"\" width=\"3799\" height=\"5699\" srcset=\"https:\/\/www.bratislavadesignweek.sk\/wp-content\/uploads\/2023\/12\/2Martin_Jurik.png 3799w, https:\/\/www.bratislavadesignweek.sk\/wp-content\/uploads\/2023\/12\/2Martin_Jurik-200x300.png 200w, https:\/\/www.bratislavadesignweek.sk\/wp-content\/uploads\/2023\/12\/2Martin_Jurik-683x1024.png 683w, https:\/\/www.bratislavadesignweek.sk\/wp-content\/uploads\/2023\/12\/2Martin_Jurik-768x1152.png 768w, https:\/\/www.bratislavadesignweek.sk\/wp-content\/uploads\/2023\/12\/2Martin_Jurik-1024x1536.png 1024w, https:\/\/www.bratislavadesignweek.sk\/wp-content\/uploads\/2023\/12\/2Martin_Jurik-1365x2048.png 1365w, https:\/\/www.bratislavadesignweek.sk\/wp-content\/uploads\/2023\/12\/2Martin_Jurik-400x600.png 400w, https:\/\/www.bratislavadesignweek.sk\/wp-content\/uploads\/2023\/12\/2Martin_Jurik-600x900.png 600w, https:\/\/www.bratislavadesignweek.sk\/wp-content\/uploads\/2023\/12\/2Martin_Jurik-800x1200.png 800w, https:\/\/www.bratislavadesignweek.sk\/wp-content\/uploads\/2023\/12\/2Martin_Jurik-1200x1800.png 1200w\" sizes=\"(max-width: 3799px) 100vw, 3799px\" \/><\/p>","protected":false},"excerpt":{"rendered":"<p>&nbsp; _ dielo vzniklo v \u010dase za\u010diatku vojny na Ukrajine. Sl\u00fa\u017eilo mi ako pomyseln\u00fd priestor, do ktor\u00e9ho som sa (mo\u017eno zjednodu\u0161ene) sna\u017eil vklada\u0165 hroziv\u00fa, chaotick\u00fa atmosf\u00e9ru tohto obdobia. Bohu\u017eia\u013e, objekt e\u0161te nem\u00f4\u017eem vn\u00edma\u0165 ako pam\u00e4tn\u00edk. A pravdepodobne z nich bude s\u00e9ria&#8230; Dielo sa sklad\u00e1 z nerezovej vonkaj\u0161ej kon\u0161trukcie, hlin\u00edkov\u00fdch odliatkov, f\u00fakan\u00e9ho a tabu\u013eov\u00e9ho skla. Dielo [&hellip;]<\/p>","protected":false},"author":2,"featured_media":13343,"comment_status":"closed","ping_status":"closed","sticky":false,"template":"","format":"standard","meta":{"footnotes":""},"categories":[885],"tags":[],"_links":{"self":[{"href":"https:\/\/www.bratislavadesignweek.sk\/en\/wp-json\/wp\/v2\/posts\/13342"}],"collection":[{"href":"https:\/\/www.bratislavadesignweek.sk\/en\/wp-json\/wp\/v2\/posts"}],"about":[{"href":"https:\/\/www.bratislavadesignweek.sk\/en\/wp-json\/wp\/v2\/types\/post"}],"author":[{"embeddable":true,"href":"https:\/\/www.bratislavadesignweek.sk\/en\/wp-json\/wp\/v2\/users\/2"}],"replies":[{"embeddable":true,"href":"https:\/\/www.bratislavadesignweek.sk\/en\/wp-json\/wp\/v2\/comments?post=13342"}],"version-history":[{"count":1,"href":"https:\/\/www.bratislavadesignweek.sk\/en\/wp-json\/wp\/v2\/posts\/13342\/revisions"}],"predecessor-version":[{"id":13346,"href":"https:\/\/www.bratislavadesignweek.sk\/en\/wp-json\/wp\/v2\/posts\/13342\/revisions\/13346"}],"wp:featuredmedia":[{"embeddable":true,"href":"https:\/\/www.bratislavadesignweek.sk\/en\/wp-json\/wp\/v2\/media\/13343"}],"wp:attachment":[{"href":"https:\/\/www.bratislavadesignweek.sk\/en\/wp-json\/wp\/v2\/media?parent=13342"}],"wp:term":[{"taxonomy":"category","embeddable":true,"href":"https:\/\/www.bratislavadesignweek.sk\/en\/wp-json\/wp\/v2\/categories?post=13342"},{"taxonomy":"post_tag","embeddable":true,"href":"https:\/\/www.bratislavadesignweek.sk\/en\/wp-json\/wp\/v2\/tags?post=13342"}],"curies":[{"name":"wp","href":"https:\/\/api.w.org\/{rel}","templated":true}]}}