{"id":13353,"date":"2023-12-04T18:55:32","date_gmt":"2023-12-04T17:55:32","guid":{"rendered":"https:\/\/www.bratislavadesignweek.sk\/?p=13353"},"modified":"2023-12-04T18:55:32","modified_gmt":"2023-12-04T17:55:32","slug":"erik-vrabel-tension","status":"publish","type":"post","link":"https:\/\/www.bratislavadesignweek.sk\/en\/erik-vrabel-tension\/","title":{"rendered":"ERIK VR\u00c1BEL \/ TENSION."},"content":{"rendered":"<p><img fetchpriority=\"high\" decoding=\"async\" class=\"aligncenter wp-image-13354 size-fusion-400\" src=\"http:\/\/www.bratislavadesignweek.sk\/wp-content\/uploads\/2023\/12\/BADW23_opencall_vrabel-400x400.png\" alt=\"\" width=\"400\" height=\"400\" srcset=\"https:\/\/www.bratislavadesignweek.sk\/wp-content\/uploads\/2023\/12\/BADW23_opencall_vrabel-400x400.png 400w, https:\/\/www.bratislavadesignweek.sk\/wp-content\/uploads\/2023\/12\/BADW23_opencall_vrabel-300x300.png 300w, https:\/\/www.bratislavadesignweek.sk\/wp-content\/uploads\/2023\/12\/BADW23_opencall_vrabel-1024x1024.png 1024w, https:\/\/www.bratislavadesignweek.sk\/wp-content\/uploads\/2023\/12\/BADW23_opencall_vrabel-150x150.png 150w, https:\/\/www.bratislavadesignweek.sk\/wp-content\/uploads\/2023\/12\/BADW23_opencall_vrabel-768x767.png 768w, https:\/\/www.bratislavadesignweek.sk\/wp-content\/uploads\/2023\/12\/BADW23_opencall_vrabel-66x66.png 66w, https:\/\/www.bratislavadesignweek.sk\/wp-content\/uploads\/2023\/12\/BADW23_opencall_vrabel-200x200.png 200w, https:\/\/www.bratislavadesignweek.sk\/wp-content\/uploads\/2023\/12\/BADW23_opencall_vrabel-600x599.png 600w, https:\/\/www.bratislavadesignweek.sk\/wp-content\/uploads\/2023\/12\/BADW23_opencall_vrabel-800x799.png 800w, https:\/\/www.bratislavadesignweek.sk\/wp-content\/uploads\/2023\/12\/BADW23_opencall_vrabel.png 1081w\" sizes=\"(max-width: 400px) 100vw, 400px\" \/><\/p>\n<p>&nbsp;<\/p>\n<p><span data-sheets-formula-bar-text-style=\"font-size:13px;color:#000000;font-weight:normal;text-decoration:none;font-family:'Arial';font-style:italic;text-decoration-skip-ink:none;\">Projekt tension. pren\u00e1\u0161a jav vlnenia vodnej hladiny do interi\u00e9ru. Vytv\u00e1ra nap\u00e4tie medzi technick\u00fdm zhotoven\u00edm a organick\u00fdm efektom zn\u00e1mym z pr\u00edrody. Objekt pozost\u00e1va zo s\u00fahry mal\u00fdch zrkadiel s magnetmi, ktor\u00e9 sa navz\u00e1jom odpudzuj\u00fa a pred\u00e1vaj\u00fa si navz\u00e1jom energiu, \u010d\u00edm vytv\u00e1raj\u00fa vlastn\u00fd organizmus.<\/span> <span data-sheets-formula-bar-text-style=\"font-size:13px;color:#000000;font-weight:normal;text-decoration:none;font-family:'Arial';font-style:italic;text-decoration-skip-ink:none;\">tension. okrem vizu\u00e1lneho z\u00e1\u017eitku nap\u00e1da aj k zamysleniu nad probl\u00e9mom mizn\u00facej vody a jej nenahradite\u013enosti. <\/span><span data-sheets-formula-bar-text-style=\"font-size:13px;color:#000000;font-weight:normal;text-decoration:none;font-family:'Arial';font-style:normal;text-decoration-skip-ink:none;\">Text k opencallu, nezverej\u0148ova\u0165 na webe a sock\u00e1ch: Objekt s n\u00e1zvom tension. tvor\u00ed zrkadlov\u00fa plochu, ktor\u00e1 evokuje vodn\u00fa hladinu. Sklad\u00e1 sa z mal\u00fdch \u0161es\u0165uholn\u00edkov\u00fdch zrkadiel, pri\u010dom na ka\u017edom zrkadle je umiestnen\u00fd magnet. Tieto magnety s\u00fa usporiadan\u00e9 pod\u013ea svojej polarity tak, aby sa navz\u00e1jom odpudzovali. Magnety umo\u017e\u0148uj\u00fa prenos energie z jedn\u00e9ho kusu na druh\u00fd \u010d\u00edm vytv\u00e1raj\u00fa dojem rozvlnenej vodnej hladiny. Okrem interakcie s \u010dlovek je mo\u017en\u00e9 pracova\u0165 aj s motorov\u00fdm rozpohybovan\u00edm. Rozvlnen\u00e1 zrkadlov\u00e1 plocha odr\u00e1\u017ea svetlo na okolie a pracuje s priestorom a architekt\u00farou. Objekt je vyroben\u00fd z akryl\u00e1tu, hlin\u00edka a 3D tla\u010de. Rozmery 2&#215;2 metre. N\u00e1zov je tension. (mal\u00e9 za\u010diato\u010dn\u00e9 p\u00edsmeno t a bodka na konci) <\/span><\/p>\n<p>&nbsp;<\/p>\n<p><img decoding=\"async\" class=\"aligncenter size-full wp-image-13355\" src=\"http:\/\/www.bratislavadesignweek.sk\/wp-content\/uploads\/2023\/12\/TENSION1_ERIK_VRABEL-scaled.jpg\" alt=\"\" width=\"1707\" height=\"2560\" srcset=\"https:\/\/www.bratislavadesignweek.sk\/wp-content\/uploads\/2023\/12\/TENSION1_ERIK_VRABEL-scaled.jpg 1707w, https:\/\/www.bratislavadesignweek.sk\/wp-content\/uploads\/2023\/12\/TENSION1_ERIK_VRABEL-200x300.jpg 200w, https:\/\/www.bratislavadesignweek.sk\/wp-content\/uploads\/2023\/12\/TENSION1_ERIK_VRABEL-683x1024.jpg 683w, https:\/\/www.bratislavadesignweek.sk\/wp-content\/uploads\/2023\/12\/TENSION1_ERIK_VRABEL-768x1152.jpg 768w, https:\/\/www.bratislavadesignweek.sk\/wp-content\/uploads\/2023\/12\/TENSION1_ERIK_VRABEL-1024x1536.jpg 1024w, https:\/\/www.bratislavadesignweek.sk\/wp-content\/uploads\/2023\/12\/TENSION1_ERIK_VRABEL-1365x2048.jpg 1365w, https:\/\/www.bratislavadesignweek.sk\/wp-content\/uploads\/2023\/12\/TENSION1_ERIK_VRABEL-400x600.jpg 400w, https:\/\/www.bratislavadesignweek.sk\/wp-content\/uploads\/2023\/12\/TENSION1_ERIK_VRABEL-600x900.jpg 600w, https:\/\/www.bratislavadesignweek.sk\/wp-content\/uploads\/2023\/12\/TENSION1_ERIK_VRABEL-800x1200.jpg 800w, https:\/\/www.bratislavadesignweek.sk\/wp-content\/uploads\/2023\/12\/TENSION1_ERIK_VRABEL-1200x1800.jpg 1200w\" sizes=\"(max-width: 1707px) 100vw, 1707px\" \/> <img decoding=\"async\" class=\"aligncenter size-full wp-image-13356\" src=\"http:\/\/www.bratislavadesignweek.sk\/wp-content\/uploads\/2023\/12\/TENSION2_ERIK_VRABEL-scaled.jpg\" alt=\"\" width=\"2560\" height=\"2022\" srcset=\"https:\/\/www.bratislavadesignweek.sk\/wp-content\/uploads\/2023\/12\/TENSION2_ERIK_VRABEL-scaled.jpg 2560w, https:\/\/www.bratislavadesignweek.sk\/wp-content\/uploads\/2023\/12\/TENSION2_ERIK_VRABEL-300x237.jpg 300w, https:\/\/www.bratislavadesignweek.sk\/wp-content\/uploads\/2023\/12\/TENSION2_ERIK_VRABEL-1024x809.jpg 1024w, https:\/\/www.bratislavadesignweek.sk\/wp-content\/uploads\/2023\/12\/TENSION2_ERIK_VRABEL-768x607.jpg 768w, https:\/\/www.bratislavadesignweek.sk\/wp-content\/uploads\/2023\/12\/TENSION2_ERIK_VRABEL-1536x1213.jpg 1536w, https:\/\/www.bratislavadesignweek.sk\/wp-content\/uploads\/2023\/12\/TENSION2_ERIK_VRABEL-2048x1617.jpg 2048w, https:\/\/www.bratislavadesignweek.sk\/wp-content\/uploads\/2023\/12\/TENSION2_ERIK_VRABEL-200x158.jpg 200w, https:\/\/www.bratislavadesignweek.sk\/wp-content\/uploads\/2023\/12\/TENSION2_ERIK_VRABEL-400x316.jpg 400w, https:\/\/www.bratislavadesignweek.sk\/wp-content\/uploads\/2023\/12\/TENSION2_ERIK_VRABEL-600x474.jpg 600w, https:\/\/www.bratislavadesignweek.sk\/wp-content\/uploads\/2023\/12\/TENSION2_ERIK_VRABEL-800x632.jpg 800w, https:\/\/www.bratislavadesignweek.sk\/wp-content\/uploads\/2023\/12\/TENSION2_ERIK_VRABEL-1200x948.jpg 1200w\" sizes=\"(max-width: 2560px) 100vw, 2560px\" \/> <img loading=\"lazy\" decoding=\"async\" class=\"aligncenter size-full wp-image-13357\" src=\"http:\/\/www.bratislavadesignweek.sk\/wp-content\/uploads\/2023\/12\/TENSION3_ERIK_VRABEL-scaled.jpg\" alt=\"\" width=\"1707\" height=\"2560\" srcset=\"https:\/\/www.bratislavadesignweek.sk\/wp-content\/uploads\/2023\/12\/TENSION3_ERIK_VRABEL-scaled.jpg 1707w, https:\/\/www.bratislavadesignweek.sk\/wp-content\/uploads\/2023\/12\/TENSION3_ERIK_VRABEL-200x300.jpg 200w, https:\/\/www.bratislavadesignweek.sk\/wp-content\/uploads\/2023\/12\/TENSION3_ERIK_VRABEL-683x1024.jpg 683w, https:\/\/www.bratislavadesignweek.sk\/wp-content\/uploads\/2023\/12\/TENSION3_ERIK_VRABEL-768x1152.jpg 768w, https:\/\/www.bratislavadesignweek.sk\/wp-content\/uploads\/2023\/12\/TENSION3_ERIK_VRABEL-1024x1536.jpg 1024w, https:\/\/www.bratislavadesignweek.sk\/wp-content\/uploads\/2023\/12\/TENSION3_ERIK_VRABEL-1365x2048.jpg 1365w, https:\/\/www.bratislavadesignweek.sk\/wp-content\/uploads\/2023\/12\/TENSION3_ERIK_VRABEL-400x600.jpg 400w, https:\/\/www.bratislavadesignweek.sk\/wp-content\/uploads\/2023\/12\/TENSION3_ERIK_VRABEL-600x900.jpg 600w, https:\/\/www.bratislavadesignweek.sk\/wp-content\/uploads\/2023\/12\/TENSION3_ERIK_VRABEL-800x1200.jpg 800w, https:\/\/www.bratislavadesignweek.sk\/wp-content\/uploads\/2023\/12\/TENSION3_ERIK_VRABEL-1200x1800.jpg 1200w\" sizes=\"(max-width: 1707px) 100vw, 1707px\" \/> <img loading=\"lazy\" decoding=\"async\" class=\"aligncenter size-full wp-image-13358\" src=\"http:\/\/www.bratislavadesignweek.sk\/wp-content\/uploads\/2023\/12\/TENSION4_ERIK_VRABEL-scaled.jpg\" alt=\"\" width=\"1707\" height=\"2560\" srcset=\"https:\/\/www.bratislavadesignweek.sk\/wp-content\/uploads\/2023\/12\/TENSION4_ERIK_VRABEL-scaled.jpg 1707w, https:\/\/www.bratislavadesignweek.sk\/wp-content\/uploads\/2023\/12\/TENSION4_ERIK_VRABEL-200x300.jpg 200w, https:\/\/www.bratislavadesignweek.sk\/wp-content\/uploads\/2023\/12\/TENSION4_ERIK_VRABEL-683x1024.jpg 683w, https:\/\/www.bratislavadesignweek.sk\/wp-content\/uploads\/2023\/12\/TENSION4_ERIK_VRABEL-768x1152.jpg 768w, https:\/\/www.bratislavadesignweek.sk\/wp-content\/uploads\/2023\/12\/TENSION4_ERIK_VRABEL-1024x1536.jpg 1024w, https:\/\/www.bratislavadesignweek.sk\/wp-content\/uploads\/2023\/12\/TENSION4_ERIK_VRABEL-1365x2048.jpg 1365w, https:\/\/www.bratislavadesignweek.sk\/wp-content\/uploads\/2023\/12\/TENSION4_ERIK_VRABEL-400x600.jpg 400w, https:\/\/www.bratislavadesignweek.sk\/wp-content\/uploads\/2023\/12\/TENSION4_ERIK_VRABEL-600x900.jpg 600w, https:\/\/www.bratislavadesignweek.sk\/wp-content\/uploads\/2023\/12\/TENSION4_ERIK_VRABEL-800x1200.jpg 800w, https:\/\/www.bratislavadesignweek.sk\/wp-content\/uploads\/2023\/12\/TENSION4_ERIK_VRABEL-1200x1800.jpg 1200w\" sizes=\"(max-width: 1707px) 100vw, 1707px\" \/> <img loading=\"lazy\" decoding=\"async\" class=\"aligncenter size-full wp-image-13359\" src=\"http:\/\/www.bratislavadesignweek.sk\/wp-content\/uploads\/2023\/12\/TENSION5_ERIK_VRABEL-scaled.jpg\" alt=\"\" width=\"1707\" height=\"2560\" srcset=\"https:\/\/www.bratislavadesignweek.sk\/wp-content\/uploads\/2023\/12\/TENSION5_ERIK_VRABEL-scaled.jpg 1707w, https:\/\/www.bratislavadesignweek.sk\/wp-content\/uploads\/2023\/12\/TENSION5_ERIK_VRABEL-200x300.jpg 200w, https:\/\/www.bratislavadesignweek.sk\/wp-content\/uploads\/2023\/12\/TENSION5_ERIK_VRABEL-683x1024.jpg 683w, https:\/\/www.bratislavadesignweek.sk\/wp-content\/uploads\/2023\/12\/TENSION5_ERIK_VRABEL-768x1152.jpg 768w, https:\/\/www.bratislavadesignweek.sk\/wp-content\/uploads\/2023\/12\/TENSION5_ERIK_VRABEL-1024x1536.jpg 1024w, https:\/\/www.bratislavadesignweek.sk\/wp-content\/uploads\/2023\/12\/TENSION5_ERIK_VRABEL-1365x2048.jpg 1365w, https:\/\/www.bratislavadesignweek.sk\/wp-content\/uploads\/2023\/12\/TENSION5_ERIK_VRABEL-400x600.jpg 400w, https:\/\/www.bratislavadesignweek.sk\/wp-content\/uploads\/2023\/12\/TENSION5_ERIK_VRABEL-600x900.jpg 600w, https:\/\/www.bratislavadesignweek.sk\/wp-content\/uploads\/2023\/12\/TENSION5_ERIK_VRABEL-800x1200.jpg 800w, https:\/\/www.bratislavadesignweek.sk\/wp-content\/uploads\/2023\/12\/TENSION5_ERIK_VRABEL-1200x1800.jpg 1200w\" sizes=\"(max-width: 1707px) 100vw, 1707px\" \/> <img loading=\"lazy\" decoding=\"async\" class=\"aligncenter size-full wp-image-13360\" src=\"http:\/\/www.bratislavadesignweek.sk\/wp-content\/uploads\/2023\/12\/TENSION6_ERIK_VRABEL-scaled.jpg\" alt=\"\" width=\"1707\" height=\"2560\" srcset=\"https:\/\/www.bratislavadesignweek.sk\/wp-content\/uploads\/2023\/12\/TENSION6_ERIK_VRABEL-scaled.jpg 1707w, https:\/\/www.bratislavadesignweek.sk\/wp-content\/uploads\/2023\/12\/TENSION6_ERIK_VRABEL-200x300.jpg 200w, https:\/\/www.bratislavadesignweek.sk\/wp-content\/uploads\/2023\/12\/TENSION6_ERIK_VRABEL-683x1024.jpg 683w, https:\/\/www.bratislavadesignweek.sk\/wp-content\/uploads\/2023\/12\/TENSION6_ERIK_VRABEL-768x1152.jpg 768w, https:\/\/www.bratislavadesignweek.sk\/wp-content\/uploads\/2023\/12\/TENSION6_ERIK_VRABEL-1024x1536.jpg 1024w, https:\/\/www.bratislavadesignweek.sk\/wp-content\/uploads\/2023\/12\/TENSION6_ERIK_VRABEL-1365x2048.jpg 1365w, https:\/\/www.bratislavadesignweek.sk\/wp-content\/uploads\/2023\/12\/TENSION6_ERIK_VRABEL-400x600.jpg 400w, https:\/\/www.bratislavadesignweek.sk\/wp-content\/uploads\/2023\/12\/TENSION6_ERIK_VRABEL-600x900.jpg 600w, https:\/\/www.bratislavadesignweek.sk\/wp-content\/uploads\/2023\/12\/TENSION6_ERIK_VRABEL-800x1200.jpg 800w, https:\/\/www.bratislavadesignweek.sk\/wp-content\/uploads\/2023\/12\/TENSION6_ERIK_VRABEL-1200x1800.jpg 1200w\" sizes=\"(max-width: 1707px) 100vw, 1707px\" \/><\/p>","protected":false},"excerpt":{"rendered":"<p>&nbsp; Projekt tension. pren\u00e1\u0161a jav vlnenia vodnej hladiny do interi\u00e9ru. Vytv\u00e1ra nap\u00e4tie medzi technick\u00fdm zhotoven\u00edm a organick\u00fdm efektom zn\u00e1mym z pr\u00edrody. Objekt pozost\u00e1va zo s\u00fahry mal\u00fdch zrkadiel s magnetmi, ktor\u00e9 sa navz\u00e1jom odpudzuj\u00fa a pred\u00e1vaj\u00fa si navz\u00e1jom energiu, \u010d\u00edm vytv\u00e1raj\u00fa vlastn\u00fd organizmus. tension. okrem vizu\u00e1lneho z\u00e1\u017eitku nap\u00e1da aj k zamysleniu nad probl\u00e9mom mizn\u00facej vody a [&hellip;]<\/p>","protected":false},"author":2,"featured_media":13354,"comment_status":"closed","ping_status":"closed","sticky":false,"template":"","format":"standard","meta":{"footnotes":""},"categories":[885],"tags":[],"_links":{"self":[{"href":"https:\/\/www.bratislavadesignweek.sk\/en\/wp-json\/wp\/v2\/posts\/13353"}],"collection":[{"href":"https:\/\/www.bratislavadesignweek.sk\/en\/wp-json\/wp\/v2\/posts"}],"about":[{"href":"https:\/\/www.bratislavadesignweek.sk\/en\/wp-json\/wp\/v2\/types\/post"}],"author":[{"embeddable":true,"href":"https:\/\/www.bratislavadesignweek.sk\/en\/wp-json\/wp\/v2\/users\/2"}],"replies":[{"embeddable":true,"href":"https:\/\/www.bratislavadesignweek.sk\/en\/wp-json\/wp\/v2\/comments?post=13353"}],"version-history":[{"count":1,"href":"https:\/\/www.bratislavadesignweek.sk\/en\/wp-json\/wp\/v2\/posts\/13353\/revisions"}],"predecessor-version":[{"id":13361,"href":"https:\/\/www.bratislavadesignweek.sk\/en\/wp-json\/wp\/v2\/posts\/13353\/revisions\/13361"}],"wp:featuredmedia":[{"embeddable":true,"href":"https:\/\/www.bratislavadesignweek.sk\/en\/wp-json\/wp\/v2\/media\/13354"}],"wp:attachment":[{"href":"https:\/\/www.bratislavadesignweek.sk\/en\/wp-json\/wp\/v2\/media?parent=13353"}],"wp:term":[{"taxonomy":"category","embeddable":true,"href":"https:\/\/www.bratislavadesignweek.sk\/en\/wp-json\/wp\/v2\/categories?post=13353"},{"taxonomy":"post_tag","embeddable":true,"href":"https:\/\/www.bratislavadesignweek.sk\/en\/wp-json\/wp\/v2\/tags?post=13353"}],"curies":[{"name":"wp","href":"https:\/\/api.w.org\/{rel}","templated":true}]}}