{"id":13378,"date":"2023-12-04T19:04:50","date_gmt":"2023-12-04T18:04:50","guid":{"rendered":"https:\/\/www.bratislavadesignweek.sk\/?p=13378"},"modified":"2023-12-04T19:04:50","modified_gmt":"2023-12-04T18:04:50","slug":"diana-paulova-recognised-objects","status":"publish","type":"post","link":"https:\/\/www.bratislavadesignweek.sk\/en\/diana-paulova-recognised-objects\/","title":{"rendered":"DIANA PAULOV\u00c1 \/ RECOGNISED OBJECTS"},"content":{"rendered":"<p><img fetchpriority=\"high\" decoding=\"async\" class=\"aligncenter wp-image-13379 size-fusion-400\" src=\"http:\/\/www.bratislavadesignweek.sk\/wp-content\/uploads\/2023\/12\/BADW23_opencall__-37-400x400.png\" alt=\"\" width=\"400\" height=\"400\" srcset=\"https:\/\/www.bratislavadesignweek.sk\/wp-content\/uploads\/2023\/12\/BADW23_opencall__-37-400x400.png 400w, https:\/\/www.bratislavadesignweek.sk\/wp-content\/uploads\/2023\/12\/BADW23_opencall__-37-300x300.png 300w, https:\/\/www.bratislavadesignweek.sk\/wp-content\/uploads\/2023\/12\/BADW23_opencall__-37-1024x1024.png 1024w, https:\/\/www.bratislavadesignweek.sk\/wp-content\/uploads\/2023\/12\/BADW23_opencall__-37-150x150.png 150w, https:\/\/www.bratislavadesignweek.sk\/wp-content\/uploads\/2023\/12\/BADW23_opencall__-37-768x768.png 768w, https:\/\/www.bratislavadesignweek.sk\/wp-content\/uploads\/2023\/12\/BADW23_opencall__-37-66x66.png 66w, https:\/\/www.bratislavadesignweek.sk\/wp-content\/uploads\/2023\/12\/BADW23_opencall__-37-200x200.png 200w, https:\/\/www.bratislavadesignweek.sk\/wp-content\/uploads\/2023\/12\/BADW23_opencall__-37-600x600.png 600w, https:\/\/www.bratislavadesignweek.sk\/wp-content\/uploads\/2023\/12\/BADW23_opencall__-37-800x800.png 800w, https:\/\/www.bratislavadesignweek.sk\/wp-content\/uploads\/2023\/12\/BADW23_opencall__-37.png 1081w\" sizes=\"(max-width: 400px) 100vw, 400px\" \/><\/p>\n<p>&nbsp;<\/p>\n<p>Dielom Recognized objects by som rada nadviazala na svoju diplomov\u00fa pr\u00e1cu, v ktorej som rie\u0161ila t\u00e9mu dizajnu v postdigit\u00e1lnej dobe. Diplomov\u00e1 pr\u00e1ca m\u00e1 n\u00e1zov Nie som robot a zaober\u00e1 sa chybou umelej inteligencie v rozpozn\u00e1van\u00ed objektov na obr\u00e1zkoch. Kompoz\u00edcia be\u017en\u00fdch predmetov n\u00e1v\u0161tevn\u00edkom nemus\u00ed d\u00e1va\u0165 zmysel, k\u00fdm si nepre\u010d\u00edtaj\u00fa, popisy k predmetom, ktor\u00e9 pomenovala umel\u00e1 inteligencia. A\u017e vtedy sa dozvedia, \u017ee klob\u00fak je vlastne tanier a papier je lampa. In\u0161tal\u00e1ciu dotv\u00e1raj\u00fa stat\u00edvy zachyt\u00e1vaj\u00face uhol poh\u013eadu, ktor\u00fd umel\u00e1 inteligencia vyhodnocuje nespr\u00e1vne a rozsiahla dokument\u00e1cia, ktor\u00fa si n\u00e1v\u0161tevn\u00edk m\u00f4\u017ee prescrollova\u0165 na \u201canal\u00f3govom mobile\u201d. Na festivale Bratislava Design Week 2023 by som rada t\u00fato in\u0161tal\u00e1ciu doplnila o Recognized objects, v ktor\u00fdch by som zhmotnila dan\u00e9 predmety tak, ako to odo m\u0148a chcela umel\u00e1 inteligencia.<\/p>\n<p>&nbsp;<\/p>\n<p><img decoding=\"async\" class=\"aligncenter size-full wp-image-13380\" src=\"http:\/\/www.bratislavadesignweek.sk\/wp-content\/uploads\/2023\/12\/DSC4899-2-scaled.jpg\" alt=\"\" width=\"2560\" height=\"1681\" srcset=\"https:\/\/www.bratislavadesignweek.sk\/wp-content\/uploads\/2023\/12\/DSC4899-2-scaled.jpg 2560w, https:\/\/www.bratislavadesignweek.sk\/wp-content\/uploads\/2023\/12\/DSC4899-2-300x197.jpg 300w, https:\/\/www.bratislavadesignweek.sk\/wp-content\/uploads\/2023\/12\/DSC4899-2-1024x672.jpg 1024w, https:\/\/www.bratislavadesignweek.sk\/wp-content\/uploads\/2023\/12\/DSC4899-2-768x504.jpg 768w, https:\/\/www.bratislavadesignweek.sk\/wp-content\/uploads\/2023\/12\/DSC4899-2-1536x1008.jpg 1536w, https:\/\/www.bratislavadesignweek.sk\/wp-content\/uploads\/2023\/12\/DSC4899-2-2048x1345.jpg 2048w, https:\/\/www.bratislavadesignweek.sk\/wp-content\/uploads\/2023\/12\/DSC4899-2-200x131.jpg 200w, https:\/\/www.bratislavadesignweek.sk\/wp-content\/uploads\/2023\/12\/DSC4899-2-400x263.jpg 400w, https:\/\/www.bratislavadesignweek.sk\/wp-content\/uploads\/2023\/12\/DSC4899-2-600x394.jpg 600w, https:\/\/www.bratislavadesignweek.sk\/wp-content\/uploads\/2023\/12\/DSC4899-2-800x525.jpg 800w, https:\/\/www.bratislavadesignweek.sk\/wp-content\/uploads\/2023\/12\/DSC4899-2-1200x788.jpg 1200w\" sizes=\"(max-width: 2560px) 100vw, 2560px\" \/> <img decoding=\"async\" class=\"aligncenter size-full wp-image-13381\" src=\"http:\/\/www.bratislavadesignweek.sk\/wp-content\/uploads\/2023\/12\/IMG_8122.png\" alt=\"\" width=\"750\" height=\"1334\" srcset=\"https:\/\/www.bratislavadesignweek.sk\/wp-content\/uploads\/2023\/12\/IMG_8122.png 750w, https:\/\/www.bratislavadesignweek.sk\/wp-content\/uploads\/2023\/12\/IMG_8122-169x300.png 169w, https:\/\/www.bratislavadesignweek.sk\/wp-content\/uploads\/2023\/12\/IMG_8122-576x1024.png 576w, https:\/\/www.bratislavadesignweek.sk\/wp-content\/uploads\/2023\/12\/IMG_8122-200x356.png 200w, https:\/\/www.bratislavadesignweek.sk\/wp-content\/uploads\/2023\/12\/IMG_8122-400x711.png 400w, https:\/\/www.bratislavadesignweek.sk\/wp-content\/uploads\/2023\/12\/IMG_8122-600x1067.png 600w\" sizes=\"(max-width: 750px) 100vw, 750px\" \/> <img loading=\"lazy\" decoding=\"async\" class=\"aligncenter size-full wp-image-13382\" src=\"http:\/\/www.bratislavadesignweek.sk\/wp-content\/uploads\/2023\/12\/nie-som-robot_2_diana_paulova-scaled.jpg\" alt=\"\" width=\"2560\" height=\"1709\" srcset=\"https:\/\/www.bratislavadesignweek.sk\/wp-content\/uploads\/2023\/12\/nie-som-robot_2_diana_paulova-scaled.jpg 2560w, https:\/\/www.bratislavadesignweek.sk\/wp-content\/uploads\/2023\/12\/nie-som-robot_2_diana_paulova-300x200.jpg 300w, https:\/\/www.bratislavadesignweek.sk\/wp-content\/uploads\/2023\/12\/nie-som-robot_2_diana_paulova-1024x684.jpg 1024w, https:\/\/www.bratislavadesignweek.sk\/wp-content\/uploads\/2023\/12\/nie-som-robot_2_diana_paulova-768x513.jpg 768w, https:\/\/www.bratislavadesignweek.sk\/wp-content\/uploads\/2023\/12\/nie-som-robot_2_diana_paulova-1536x1025.jpg 1536w, https:\/\/www.bratislavadesignweek.sk\/wp-content\/uploads\/2023\/12\/nie-som-robot_2_diana_paulova-2048x1367.jpg 2048w, https:\/\/www.bratislavadesignweek.sk\/wp-content\/uploads\/2023\/12\/nie-som-robot_2_diana_paulova-200x134.jpg 200w, https:\/\/www.bratislavadesignweek.sk\/wp-content\/uploads\/2023\/12\/nie-som-robot_2_diana_paulova-400x267.jpg 400w, https:\/\/www.bratislavadesignweek.sk\/wp-content\/uploads\/2023\/12\/nie-som-robot_2_diana_paulova-600x401.jpg 600w, https:\/\/www.bratislavadesignweek.sk\/wp-content\/uploads\/2023\/12\/nie-som-robot_2_diana_paulova-800x534.jpg 800w, https:\/\/www.bratislavadesignweek.sk\/wp-content\/uploads\/2023\/12\/nie-som-robot_2_diana_paulova-1200x801.jpg 1200w\" sizes=\"(max-width: 2560px) 100vw, 2560px\" \/> <img loading=\"lazy\" decoding=\"async\" class=\"aligncenter size-full wp-image-13383\" src=\"http:\/\/www.bratislavadesignweek.sk\/wp-content\/uploads\/2023\/12\/recognized-objects_2_diana_paulova-scaled.jpg\" alt=\"\" width=\"2048\" height=\"2560\" srcset=\"https:\/\/www.bratislavadesignweek.sk\/wp-content\/uploads\/2023\/12\/recognized-objects_2_diana_paulova-scaled.jpg 2048w, https:\/\/www.bratislavadesignweek.sk\/wp-content\/uploads\/2023\/12\/recognized-objects_2_diana_paulova-240x300.jpg 240w, https:\/\/www.bratislavadesignweek.sk\/wp-content\/uploads\/2023\/12\/recognized-objects_2_diana_paulova-819x1024.jpg 819w, https:\/\/www.bratislavadesignweek.sk\/wp-content\/uploads\/2023\/12\/recognized-objects_2_diana_paulova-768x960.jpg 768w, https:\/\/www.bratislavadesignweek.sk\/wp-content\/uploads\/2023\/12\/recognized-objects_2_diana_paulova-1229x1536.jpg 1229w, https:\/\/www.bratislavadesignweek.sk\/wp-content\/uploads\/2023\/12\/recognized-objects_2_diana_paulova-1638x2048.jpg 1638w, https:\/\/www.bratislavadesignweek.sk\/wp-content\/uploads\/2023\/12\/recognized-objects_2_diana_paulova-200x250.jpg 200w, https:\/\/www.bratislavadesignweek.sk\/wp-content\/uploads\/2023\/12\/recognized-objects_2_diana_paulova-400x500.jpg 400w, https:\/\/www.bratislavadesignweek.sk\/wp-content\/uploads\/2023\/12\/recognized-objects_2_diana_paulova-600x750.jpg 600w, https:\/\/www.bratislavadesignweek.sk\/wp-content\/uploads\/2023\/12\/recognized-objects_2_diana_paulova-800x1000.jpg 800w, https:\/\/www.bratislavadesignweek.sk\/wp-content\/uploads\/2023\/12\/recognized-objects_2_diana_paulova-1200x1500.jpg 1200w\" sizes=\"(max-width: 2048px) 100vw, 2048px\" \/><\/p>","protected":false},"excerpt":{"rendered":"<p>&nbsp; Dielom Recognized objects by som rada nadviazala na svoju diplomov\u00fa pr\u00e1cu, v ktorej som rie\u0161ila t\u00e9mu dizajnu v postdigit\u00e1lnej dobe. Diplomov\u00e1 pr\u00e1ca m\u00e1 n\u00e1zov Nie som robot a zaober\u00e1 sa chybou umelej inteligencie v rozpozn\u00e1van\u00ed objektov na obr\u00e1zkoch. Kompoz\u00edcia be\u017en\u00fdch predmetov n\u00e1v\u0161tevn\u00edkom nemus\u00ed d\u00e1va\u0165 zmysel, k\u00fdm si nepre\u010d\u00edtaj\u00fa, popisy k predmetom, ktor\u00e9 pomenovala umel\u00e1 [&hellip;]<\/p>","protected":false},"author":2,"featured_media":13379,"comment_status":"closed","ping_status":"closed","sticky":false,"template":"","format":"standard","meta":{"footnotes":""},"categories":[885],"tags":[],"_links":{"self":[{"href":"https:\/\/www.bratislavadesignweek.sk\/en\/wp-json\/wp\/v2\/posts\/13378"}],"collection":[{"href":"https:\/\/www.bratislavadesignweek.sk\/en\/wp-json\/wp\/v2\/posts"}],"about":[{"href":"https:\/\/www.bratislavadesignweek.sk\/en\/wp-json\/wp\/v2\/types\/post"}],"author":[{"embeddable":true,"href":"https:\/\/www.bratislavadesignweek.sk\/en\/wp-json\/wp\/v2\/users\/2"}],"replies":[{"embeddable":true,"href":"https:\/\/www.bratislavadesignweek.sk\/en\/wp-json\/wp\/v2\/comments?post=13378"}],"version-history":[{"count":1,"href":"https:\/\/www.bratislavadesignweek.sk\/en\/wp-json\/wp\/v2\/posts\/13378\/revisions"}],"predecessor-version":[{"id":13384,"href":"https:\/\/www.bratislavadesignweek.sk\/en\/wp-json\/wp\/v2\/posts\/13378\/revisions\/13384"}],"wp:featuredmedia":[{"embeddable":true,"href":"https:\/\/www.bratislavadesignweek.sk\/en\/wp-json\/wp\/v2\/media\/13379"}],"wp:attachment":[{"href":"https:\/\/www.bratislavadesignweek.sk\/en\/wp-json\/wp\/v2\/media?parent=13378"}],"wp:term":[{"taxonomy":"category","embeddable":true,"href":"https:\/\/www.bratislavadesignweek.sk\/en\/wp-json\/wp\/v2\/categories?post=13378"},{"taxonomy":"post_tag","embeddable":true,"href":"https:\/\/www.bratislavadesignweek.sk\/en\/wp-json\/wp\/v2\/tags?post=13378"}],"curies":[{"name":"wp","href":"https:\/\/api.w.org\/{rel}","templated":true}]}}