{"id":13395,"date":"2023-12-04T19:15:21","date_gmt":"2023-12-04T18:15:21","guid":{"rendered":"https:\/\/www.bratislavadesignweek.sk\/?p=13395"},"modified":"2023-12-04T19:15:21","modified_gmt":"2023-12-04T18:15:21","slug":"tereza-maco-nemiesta","status":"publish","type":"post","link":"https:\/\/www.bratislavadesignweek.sk\/en\/tereza-maco-nemiesta\/","title":{"rendered":"TEREZA MACO \/ NEMIESTA"},"content":{"rendered":"<p><img fetchpriority=\"high\" decoding=\"async\" class=\"aligncenter wp-image-13396 size-fusion-400\" src=\"http:\/\/www.bratislavadesignweek.sk\/wp-content\/uploads\/2023\/12\/BADW23_opencall__-35-400x400.png\" alt=\"\" width=\"400\" height=\"400\" srcset=\"https:\/\/www.bratislavadesignweek.sk\/wp-content\/uploads\/2023\/12\/BADW23_opencall__-35-400x400.png 400w, https:\/\/www.bratislavadesignweek.sk\/wp-content\/uploads\/2023\/12\/BADW23_opencall__-35-300x300.png 300w, https:\/\/www.bratislavadesignweek.sk\/wp-content\/uploads\/2023\/12\/BADW23_opencall__-35-1024x1024.png 1024w, https:\/\/www.bratislavadesignweek.sk\/wp-content\/uploads\/2023\/12\/BADW23_opencall__-35-150x150.png 150w, https:\/\/www.bratislavadesignweek.sk\/wp-content\/uploads\/2023\/12\/BADW23_opencall__-35-768x768.png 768w, https:\/\/www.bratislavadesignweek.sk\/wp-content\/uploads\/2023\/12\/BADW23_opencall__-35-66x66.png 66w, https:\/\/www.bratislavadesignweek.sk\/wp-content\/uploads\/2023\/12\/BADW23_opencall__-35-200x200.png 200w, https:\/\/www.bratislavadesignweek.sk\/wp-content\/uploads\/2023\/12\/BADW23_opencall__-35-600x600.png 600w, https:\/\/www.bratislavadesignweek.sk\/wp-content\/uploads\/2023\/12\/BADW23_opencall__-35-800x800.png 800w, https:\/\/www.bratislavadesignweek.sk\/wp-content\/uploads\/2023\/12\/BADW23_opencall__-35.png 1081w\" sizes=\"(max-width: 400px) 100vw, 400px\" \/><\/p>\n<p>&nbsp;<\/p>\n<p>Projekt Nemiesta ukazuje, ako dok\u00e1\u017ee s\u00fa\u010dasn\u00e1 hudba v spojen\u00ed s dizajnom tematizova\u0165 generick\u00e9, opusten\u00e9 a\u00a0nedokon\u010den\u00e9 priestory. Nemiesta vznikli ako hudobn\u00fd experiment, testovanie mo\u017enost\u00ed m\u00e9dia sl\u00e1\u010dikov\u00e9ho kvarteta, no muzikanti mieria nad r\u00e1mec soundtracku pre opusten\u00e9 \u010di nedokon\u010den\u00e9 verejn\u00e9 priestory. Odkazuj\u00fa na \u201eperspekt\u00edvu pr\u00e1zdnoty, neschopnosti vyu\u017eitia alebo nadbyto\u010dnej zmno\u017eenosti v\u00a0\u010dasoch ekologick\u00e9ho dlhu\u201c. Okrem environment\u00e1lneho aspektu je tu aj sociologick\u00fd \u2013 ide o\u00a0dokument doby aj n\u00e1\u0161ho vz\u0165ahu ku krajine. Grafick\u00e9 spracovanie projektu svojou experiment\u00e1lnou formou kontruje miesto\u0161pecifiskosti hudby Miroslava T\u00f3tha. LP platne\u00a0Nemiesta\u00a0vznikli formou upcyclingu, pri\u010dom ka\u017ed\u00fd jeden kus je origin\u00e1l. Obal aj samotn\u00e9 m\u00e9dium. V\u0161etky pou\u017eit\u00e9 materi\u00e1ly u\u017e boli predt\u00fdm pou\u017eit\u00e9. Pod sie\u0165otla\u010dou nov\u00fdch n\u00e1zvov presvitaj\u00fa star\u00e9 obaly socialistick\u00fdch vinylov z\u00a0Opusu, dve stovky platn\u00ed vyr\u00e1bal tren\u010diansky VINYL Lab manu\u00e1lne po jednej a\u00a0ka\u017ed\u00e1 vyzer\u00e1 trochu inak. Aj booklet pracuje s\u00a0recykl\u00e1ciou. Nielen papiera. Lucia Mlyn\u010dek-T\u00f3thov\u00e1 fotila stredoform\u00e1tov\u00e9 \u010diernobiele sn\u00edmky priestorov a\u00a0muzikantov na apar\u00e1t svojho star\u00e9ho otca, tren\u010dianskeho architekta J\u00e1na H. Blichu. https:\/\/www.instagram.com\/p\/CxC4f-MqPcF\/?img_index=1<\/p>\n<p>&nbsp;<\/p>\n<p><img decoding=\"async\" class=\"aligncenter size-full wp-image-13397\" src=\"http:\/\/www.bratislavadesignweek.sk\/wp-content\/uploads\/2023\/12\/nemiesta_1_tereza_maco.gif\" alt=\"\" width=\"1080\" height=\"1080\" \/> <img decoding=\"async\" class=\"aligncenter size-full wp-image-13398\" src=\"http:\/\/www.bratislavadesignweek.sk\/wp-content\/uploads\/2023\/12\/nemiesta_2_tereza_maco.gif\" alt=\"\" width=\"1080\" height=\"1080\" \/> <img loading=\"lazy\" decoding=\"async\" class=\"aligncenter size-full wp-image-13399\" src=\"http:\/\/www.bratislavadesignweek.sk\/wp-content\/uploads\/2023\/12\/nemiesta_3_tereza_maco.gif\" alt=\"\" width=\"1080\" height=\"1080\" \/> <img loading=\"lazy\" decoding=\"async\" class=\"aligncenter size-full wp-image-13400\" src=\"http:\/\/www.bratislavadesignweek.sk\/wp-content\/uploads\/2023\/12\/nemiesta_4_tereza_maco-scaled.jpg\" alt=\"\" width=\"2560\" height=\"1719\" srcset=\"https:\/\/www.bratislavadesignweek.sk\/wp-content\/uploads\/2023\/12\/nemiesta_4_tereza_maco-scaled.jpg 2560w, https:\/\/www.bratislavadesignweek.sk\/wp-content\/uploads\/2023\/12\/nemiesta_4_tereza_maco-300x201.jpg 300w, https:\/\/www.bratislavadesignweek.sk\/wp-content\/uploads\/2023\/12\/nemiesta_4_tereza_maco-1024x688.jpg 1024w, https:\/\/www.bratislavadesignweek.sk\/wp-content\/uploads\/2023\/12\/nemiesta_4_tereza_maco-768x516.jpg 768w, https:\/\/www.bratislavadesignweek.sk\/wp-content\/uploads\/2023\/12\/nemiesta_4_tereza_maco-1536x1032.jpg 1536w, https:\/\/www.bratislavadesignweek.sk\/wp-content\/uploads\/2023\/12\/nemiesta_4_tereza_maco-2048x1376.jpg 2048w, https:\/\/www.bratislavadesignweek.sk\/wp-content\/uploads\/2023\/12\/nemiesta_4_tereza_maco-200x134.jpg 200w, https:\/\/www.bratislavadesignweek.sk\/wp-content\/uploads\/2023\/12\/nemiesta_4_tereza_maco-400x269.jpg 400w, https:\/\/www.bratislavadesignweek.sk\/wp-content\/uploads\/2023\/12\/nemiesta_4_tereza_maco-600x403.jpg 600w, https:\/\/www.bratislavadesignweek.sk\/wp-content\/uploads\/2023\/12\/nemiesta_4_tereza_maco-800x537.jpg 800w, https:\/\/www.bratislavadesignweek.sk\/wp-content\/uploads\/2023\/12\/nemiesta_4_tereza_maco-1200x806.jpg 1200w\" sizes=\"(max-width: 2560px) 100vw, 2560px\" \/><\/p>","protected":false},"excerpt":{"rendered":"<p>&nbsp; Projekt Nemiesta ukazuje, ako dok\u00e1\u017ee s\u00fa\u010dasn\u00e1 hudba v spojen\u00ed s dizajnom tematizova\u0165 generick\u00e9, opusten\u00e9 a\u00a0nedokon\u010den\u00e9 priestory. Nemiesta vznikli ako hudobn\u00fd experiment, testovanie mo\u017enost\u00ed m\u00e9dia sl\u00e1\u010dikov\u00e9ho kvarteta, no muzikanti mieria nad r\u00e1mec soundtracku pre opusten\u00e9 \u010di nedokon\u010den\u00e9 verejn\u00e9 priestory. Odkazuj\u00fa na \u201eperspekt\u00edvu pr\u00e1zdnoty, neschopnosti vyu\u017eitia alebo nadbyto\u010dnej zmno\u017eenosti v\u00a0\u010dasoch ekologick\u00e9ho dlhu\u201c. Okrem environment\u00e1lneho aspektu je [&hellip;]<\/p>","protected":false},"author":2,"featured_media":13396,"comment_status":"closed","ping_status":"closed","sticky":false,"template":"","format":"standard","meta":{"footnotes":""},"categories":[885],"tags":[],"_links":{"self":[{"href":"https:\/\/www.bratislavadesignweek.sk\/en\/wp-json\/wp\/v2\/posts\/13395"}],"collection":[{"href":"https:\/\/www.bratislavadesignweek.sk\/en\/wp-json\/wp\/v2\/posts"}],"about":[{"href":"https:\/\/www.bratislavadesignweek.sk\/en\/wp-json\/wp\/v2\/types\/post"}],"author":[{"embeddable":true,"href":"https:\/\/www.bratislavadesignweek.sk\/en\/wp-json\/wp\/v2\/users\/2"}],"replies":[{"embeddable":true,"href":"https:\/\/www.bratislavadesignweek.sk\/en\/wp-json\/wp\/v2\/comments?post=13395"}],"version-history":[{"count":1,"href":"https:\/\/www.bratislavadesignweek.sk\/en\/wp-json\/wp\/v2\/posts\/13395\/revisions"}],"predecessor-version":[{"id":13401,"href":"https:\/\/www.bratislavadesignweek.sk\/en\/wp-json\/wp\/v2\/posts\/13395\/revisions\/13401"}],"wp:featuredmedia":[{"embeddable":true,"href":"https:\/\/www.bratislavadesignweek.sk\/en\/wp-json\/wp\/v2\/media\/13396"}],"wp:attachment":[{"href":"https:\/\/www.bratislavadesignweek.sk\/en\/wp-json\/wp\/v2\/media?parent=13395"}],"wp:term":[{"taxonomy":"category","embeddable":true,"href":"https:\/\/www.bratislavadesignweek.sk\/en\/wp-json\/wp\/v2\/categories?post=13395"},{"taxonomy":"post_tag","embeddable":true,"href":"https:\/\/www.bratislavadesignweek.sk\/en\/wp-json\/wp\/v2\/tags?post=13395"}],"curies":[{"name":"wp","href":"https:\/\/api.w.org\/{rel}","templated":true}]}}