{"id":13417,"date":"2023-12-04T19:38:56","date_gmt":"2023-12-04T18:38:56","guid":{"rendered":"https:\/\/www.bratislavadesignweek.sk\/?p=13417"},"modified":"2023-12-04T19:38:56","modified_gmt":"2023-12-04T18:38:56","slug":"balance-is-motion","status":"publish","type":"post","link":"https:\/\/www.bratislavadesignweek.sk\/en\/balance-is-motion\/","title":{"rendered":"Balance is Motion"},"content":{"rendered":"<p><b>Balance is Motion\u00a0<\/b><\/p>\n<p><span style=\"font-weight: 400;\">(Eli\u0161ka Nov\u00e1k Knotkov\u00e1, Filip Mirbauer, Maria Nina V\u00e1clavkov\u00e1, Martina Havlenov\u00e1)<\/span><\/p>\n<p>&nbsp;<\/p>\n<p><span style=\"font-weight: 400;\">\u010cesk\u00e1 Republika<\/span><span style=\"font-weight: 400;\"><br \/>\n<\/span><span style=\"font-weight: 400;\">Czech Republic<\/span><\/p>\n<p>&nbsp;<\/p>\n<p><b>Ruderal<\/b><span style=\"font-weight: 400;\">, 2023<\/span><\/p>\n<p>&nbsp;<\/p>\n<p><b>Ruderal<\/b><span style=\"font-weight: 400;\"> je modul\u00e1rn\u00ed syst\u00e9m pro tvorbu r\u016fzn\u00fdch typ\u016f n\u00e1bytku. Jedn\u00e1 se o multifunk\u010dn\u00ed produkt, kter\u00fd d\u00edky chytr\u00e9mu designu zt\u011bles\u0148uje smyslupln\u00fd a udr\u017eiteln\u00fd minimalismus. V\u00edce\u00fa\u010delov\u00e9 moduly z recyklovan\u00e9ho betonu lze snadno sestavit, udr\u017eovat a p\u0159etv\u00e1\u0159et. Ruderal tak m\u016f\u017ee slou\u017eit v r\u016fzn\u00fdch typech prostor, od kancel\u00e1\u0159\u00ed a obchod\u016f, a\u017e po venkovn\u00ed terasy; t\u0159eba jako lavi\u010dka, stojan na tabuli nebo vyv\u00fd\u0161en\u00fd z\u00e1hon pro rostliny.<\/span><\/p>\n<p><b>EN<\/b><\/p>\n<p><b>Ruderal<\/b><span style=\"font-weight: 400;\"> is a modular system for creating different types of furniture. Featuring multi-purpose modules made from recycled concrete that are easy to assemble, customize and maintain, Ruderal advocates for sustainable minimalism in a range of spaces, from offices and retail to outdoor patios. Thanks to its durability and practicality, Ruderal can multitask as a bench, a whiteboard stand, or an elevated plant bed \u2014 and much more.<\/span><\/p>","protected":false},"excerpt":{"rendered":"<p>Balance is Motion\u00a0 (Eli\u0161ka Nov\u00e1k Knotkov\u00e1, Filip Mirbauer, Maria Nina V\u00e1clavkov\u00e1, Martina Havlenov\u00e1) &nbsp; \u010cesk\u00e1 Republika Czech Republic &nbsp; Ruderal, 2023 &nbsp; Ruderal je modul\u00e1rn\u00ed syst\u00e9m pro tvorbu r\u016fzn\u00fdch typ\u016f n\u00e1bytku. Jedn\u00e1 se o multifunk\u010dn\u00ed produkt, kter\u00fd d\u00edky chytr\u00e9mu designu zt\u011bles\u0148uje smyslupln\u00fd a udr\u017eiteln\u00fd minimalismus. V\u00edce\u00fa\u010delov\u00e9 moduly z recyklovan\u00e9ho betonu lze snadno sestavit, udr\u017eovat a [&hellip;]<\/p>","protected":false},"author":2,"featured_media":13418,"comment_status":"closed","ping_status":"closed","sticky":false,"template":"","format":"standard","meta":{"footnotes":""},"categories":[886],"tags":[],"_links":{"self":[{"href":"https:\/\/www.bratislavadesignweek.sk\/en\/wp-json\/wp\/v2\/posts\/13417"}],"collection":[{"href":"https:\/\/www.bratislavadesignweek.sk\/en\/wp-json\/wp\/v2\/posts"}],"about":[{"href":"https:\/\/www.bratislavadesignweek.sk\/en\/wp-json\/wp\/v2\/types\/post"}],"author":[{"embeddable":true,"href":"https:\/\/www.bratislavadesignweek.sk\/en\/wp-json\/wp\/v2\/users\/2"}],"replies":[{"embeddable":true,"href":"https:\/\/www.bratislavadesignweek.sk\/en\/wp-json\/wp\/v2\/comments?post=13417"}],"version-history":[{"count":1,"href":"https:\/\/www.bratislavadesignweek.sk\/en\/wp-json\/wp\/v2\/posts\/13417\/revisions"}],"predecessor-version":[{"id":13419,"href":"https:\/\/www.bratislavadesignweek.sk\/en\/wp-json\/wp\/v2\/posts\/13417\/revisions\/13419"}],"wp:featuredmedia":[{"embeddable":true,"href":"https:\/\/www.bratislavadesignweek.sk\/en\/wp-json\/wp\/v2\/media\/13418"}],"wp:attachment":[{"href":"https:\/\/www.bratislavadesignweek.sk\/en\/wp-json\/wp\/v2\/media?parent=13417"}],"wp:term":[{"taxonomy":"category","embeddable":true,"href":"https:\/\/www.bratislavadesignweek.sk\/en\/wp-json\/wp\/v2\/categories?post=13417"},{"taxonomy":"post_tag","embeddable":true,"href":"https:\/\/www.bratislavadesignweek.sk\/en\/wp-json\/wp\/v2\/tags?post=13417"}],"curies":[{"name":"wp","href":"https:\/\/api.w.org\/{rel}","templated":true}]}}