{"id":13424,"date":"2023-12-04T19:42:09","date_gmt":"2023-12-04T18:42:09","guid":{"rendered":"https:\/\/www.bratislavadesignweek.sk\/?p=13424"},"modified":"2023-12-04T19:42:09","modified_gmt":"2023-12-04T18:42:09","slug":"lisa-stolz","status":"publish","type":"post","link":"https:\/\/www.bratislavadesignweek.sk\/en\/lisa-stolz\/","title":{"rendered":"Lisa Stolz"},"content":{"rendered":"<p><b>Lisa Stolz<\/b><\/p>\n<p>&nbsp;<\/p>\n<p><span style=\"font-weight: 400;\">Rak\u00fasko<\/span><\/p>\n<p>&nbsp;<\/p>\n<p><b>MOWO, <\/b><span style=\"font-weight: 400;\">2018 &#8211; 2023<\/span><\/p>\n<p><span style=\"font-weight: 400;\"><br \/>\n<\/span><b>EN<\/b><\/p>\n<p><span style=\"font-weight: 400;\">Dizajn, ktor\u00fd sa h\u00fdbe! Lisa Stolz a jej mlad\u00e1 zna\u010dka <\/span><b>MOWO<\/b><span style=\"font-weight: 400;\">, sa \u0161pecializuje\u00a0 na elastick\u00fd sedac\u00ed n\u00e1bytok vyroben\u00fd z tvarovanej preglejky. N\u00e1bytkov\u00e9 kusy v\u010faka nev\u0161edn\u00e9mu spojeniu estetiky a funk\u010dnosti nielen nar\u00fa\u0161aj\u00fa tradi\u010dn\u00fd koncept sedenia, ale ho premie\u0148aj\u00fa na akt\u00edvny, hrav\u00fd z\u00e1\u017eitok. Elastick\u00e9 tvary sa pohybuj\u00fa s telom a vyz\u00fdvaj\u00fa n\u00e1s, aby sme sa hojdali, poskakovali a kol\u00edsali. Ved\u013ea dvojice taburetiek v tvare C sa n\u00e1v\u0161tevn\u00edci m\u00f4\u017eu sadn\u00fa\u0165 na \u00faplne nov\u00fa s\u00e9riu \u201eVIVI\u201c a lavici \u201eAera Curve\u201c, ktor\u00e1 bola vyroben\u00e1 v spolupr\u00e1ci s viedensk\u00fdm produktov\u00fdm dizajnov\u00fdm \u0161t\u00fadiom ante up.<\/span><span style=\"font-weight: 400;\"><\/p>\n<p><\/span><\/p>\n<p><b>EN<\/b><span style=\"font-weight: 400;\"><br \/>\n<\/span><span style=\"font-weight: 400;\">Design that moves! Lisa Stolz and her young company <\/span><b>MOWO,<\/b><span style=\"font-weight: 400;\"> move with wood specialize in elastic seating furniture made from molded plywood. Thanks to their unusual combination of aesthetics and functionality, the items of furniture not only break with the traditional concept of sitting, but also transform it into an active, playful experience. The elastic forms move with the body and invite us to swing, rock, tilt, bounce, and wobble on the finest wood. Next to a C shaped stool duo, visitors can take place on the brandnew \u201cVIVI\u201d series and the bench \u201cAera Curve\u201d, which was produced in cooperation with the Viennese product design studio ante up.<\/span><\/p>","protected":false},"excerpt":{"rendered":"<p>Lisa Stolz &nbsp; Rak\u00fasko &nbsp; MOWO, 2018 &#8211; 2023 SK Dizajn, ktor\u00fd sa h\u00fdbe! Lisa Stolz a jej mlad\u00e1 zna\u010dka MOWO, sa \u0161pecializuje\u00a0 na elastick\u00fd sedac\u00ed n\u00e1bytok vyroben\u00fd z tvarovanej preglejky. N\u00e1bytkov\u00e9 kusy v\u010faka nev\u0161edn\u00e9mu spojeniu estetiky a funk\u010dnosti nielen nar\u00fa\u0161aj\u00fa tradi\u010dn\u00fd koncept sedenia, ale ho premie\u0148aj\u00fa na akt\u00edvny, hrav\u00fd z\u00e1\u017eitok. Elastick\u00e9 tvary sa pohybuj\u00fa [&hellip;]<\/p>","protected":false},"author":2,"featured_media":13426,"comment_status":"closed","ping_status":"closed","sticky":false,"template":"","format":"standard","meta":{"footnotes":""},"categories":[886],"tags":[],"_links":{"self":[{"href":"https:\/\/www.bratislavadesignweek.sk\/en\/wp-json\/wp\/v2\/posts\/13424"}],"collection":[{"href":"https:\/\/www.bratislavadesignweek.sk\/en\/wp-json\/wp\/v2\/posts"}],"about":[{"href":"https:\/\/www.bratislavadesignweek.sk\/en\/wp-json\/wp\/v2\/types\/post"}],"author":[{"embeddable":true,"href":"https:\/\/www.bratislavadesignweek.sk\/en\/wp-json\/wp\/v2\/users\/2"}],"replies":[{"embeddable":true,"href":"https:\/\/www.bratislavadesignweek.sk\/en\/wp-json\/wp\/v2\/comments?post=13424"}],"version-history":[{"count":1,"href":"https:\/\/www.bratislavadesignweek.sk\/en\/wp-json\/wp\/v2\/posts\/13424\/revisions"}],"predecessor-version":[{"id":13427,"href":"https:\/\/www.bratislavadesignweek.sk\/en\/wp-json\/wp\/v2\/posts\/13424\/revisions\/13427"}],"wp:featuredmedia":[{"embeddable":true,"href":"https:\/\/www.bratislavadesignweek.sk\/en\/wp-json\/wp\/v2\/media\/13426"}],"wp:attachment":[{"href":"https:\/\/www.bratislavadesignweek.sk\/en\/wp-json\/wp\/v2\/media?parent=13424"}],"wp:term":[{"taxonomy":"category","embeddable":true,"href":"https:\/\/www.bratislavadesignweek.sk\/en\/wp-json\/wp\/v2\/categories?post=13424"},{"taxonomy":"post_tag","embeddable":true,"href":"https:\/\/www.bratislavadesignweek.sk\/en\/wp-json\/wp\/v2\/tags?post=13424"}],"curies":[{"name":"wp","href":"https:\/\/api.w.org\/{rel}","templated":true}]}}