{"id":13455,"date":"2023-12-04T20:42:32","date_gmt":"2023-12-04T19:42:32","guid":{"rendered":"https:\/\/www.bratislavadesignweek.sk\/?p=13455"},"modified":"2024-09-22T19:23:09","modified_gmt":"2024-09-22T17:23:09","slug":"ada-durianova","status":"publish","type":"post","link":"https:\/\/www.bratislavadesignweek.sk\/en\/ada-durianova\/","title":{"rendered":"A\u010fa \u010eurianov\u00e1"},"content":{"rendered":"<p><b>A\u010fa \u010eurianov\u00e1<\/b><b><br \/>\n<\/b><b><br \/>\n<\/b><span style=\"font-weight: 400;\">Slovak Republic<\/span><b><br \/>\n<\/b><b><br \/>\n<\/b><b>EN<\/b><\/p>\n<p><b>Wire programme, 2023<\/b><\/p>\n<p><b>The Wire Program, 2023<\/b><\/p>\n<p><span style=\"font-weight: 400;\">The temporary spatial installation is made up of wire presentation furniture from the warehouses of the (former) Prior department store. The wire baskets appeal to me for their aesthetics as much as their utility - they are light but strong, they form a mass but are almost translucent, they can be folded into a flat object or re-folded into a spatial version in seconds. Originally, they were full of goods in daily contact with buyers rummaging through them (including me). Today they are emptied, lying around, stored outside the sales area, along with other pieces of display racks. Let's look at them from a slightly different angle.<\/span><span style=\"font-weight: 400;\"><br \/>\n<\/span><span style=\"font-weight: 400;\"><br \/>\n<\/span><b>EN<\/b><b><br \/>\n<\/b><b>The Wire Programme<\/b><\/p>\n<p><b><br \/>\n<\/b><span style=\"font-weight: 400;\">The temporary spatial installation is made up of wire presentation furniture from the storage of the former Prior department store. The wire baskets captivate with both their aesthetics and utility - they are lightweight yet sturdy, forming a mass yet almost transparent, capable of being folded into a flat object or, within a few seconds, unfolded into a spatial versio<\/span><span style=\"font-weight: 400;\">n. Originally were filled with merchandise, in everyday contact with consumers who rummaged through them (including myself). Today, they are emptied, lying, stored outside the sales area, along with other pieces of presentation stands. Let's<\/span><span style=\"font-weight: 400;\"> take a look at them from a slightly different angle.<\/span><\/p>\n<p>[\/fusion_text][\/fusion_builder_column][\/fusion_builder_row][\/fusion_builder_container]<\/p>","protected":false},"excerpt":{"rendered":"<p>A\u010fa \u010eurianov\u00e1 Slovenska\u0301 Republika SK Dr\u00f4ten\u00fd program, 2023 The Wire Program, 2023 Do\u010dasn\u00e1 priestorov\u00e1 in\u0161tal\u00e1cia\u00a0 je tvoren\u00e1 z\u00a0dr\u00f4ten\u00e9ho prezenta\u010dn\u00e9ho mobili\u00e1ru zo skladov (b\u00fdval\u00e9ho) obchodn\u00e9ho domu Prior. Dr\u00f4ten\u00e9 ko\u0161e ma oslovuj\u00fa svojou estetikou rovnako ako \u00fa\u017eitkovos\u0165ou &#8211; s\u00fa \u013eahk\u00e9, ale pevn\u00e9, tvoria hmotu, ale takmer priesvitn\u00fa, daj\u00fa sa zlo\u017ei\u0165 do ploch\u00e9ho objektu, alebo za p\u00e1r sek\u00fand [&hellip;]<\/p>","protected":false},"author":2,"featured_media":13530,"comment_status":"closed","ping_status":"closed","sticky":false,"template":"","format":"standard","meta":{"footnotes":""},"categories":[886],"tags":[892],"_links":{"self":[{"href":"https:\/\/www.bratislavadesignweek.sk\/en\/wp-json\/wp\/v2\/posts\/13455"}],"collection":[{"href":"https:\/\/www.bratislavadesignweek.sk\/en\/wp-json\/wp\/v2\/posts"}],"about":[{"href":"https:\/\/www.bratislavadesignweek.sk\/en\/wp-json\/wp\/v2\/types\/post"}],"author":[{"embeddable":true,"href":"https:\/\/www.bratislavadesignweek.sk\/en\/wp-json\/wp\/v2\/users\/2"}],"replies":[{"embeddable":true,"href":"https:\/\/www.bratislavadesignweek.sk\/en\/wp-json\/wp\/v2\/comments?post=13455"}],"version-history":[{"count":3,"href":"https:\/\/www.bratislavadesignweek.sk\/en\/wp-json\/wp\/v2\/posts\/13455\/revisions"}],"predecessor-version":[{"id":14271,"href":"https:\/\/www.bratislavadesignweek.sk\/en\/wp-json\/wp\/v2\/posts\/13455\/revisions\/14271"}],"wp:featuredmedia":[{"embeddable":true,"href":"https:\/\/www.bratislavadesignweek.sk\/en\/wp-json\/wp\/v2\/media\/13530"}],"wp:attachment":[{"href":"https:\/\/www.bratislavadesignweek.sk\/en\/wp-json\/wp\/v2\/media?parent=13455"}],"wp:term":[{"taxonomy":"category","embeddable":true,"href":"https:\/\/www.bratislavadesignweek.sk\/en\/wp-json\/wp\/v2\/categories?post=13455"},{"taxonomy":"post_tag","embeddable":true,"href":"https:\/\/www.bratislavadesignweek.sk\/en\/wp-json\/wp\/v2\/tags?post=13455"}],"curies":[{"name":"wp","href":"https:\/\/api.w.org\/{rel}","templated":true}]}}