{"id":13457,"date":"2023-12-04T20:43:33","date_gmt":"2023-12-04T19:43:33","guid":{"rendered":"https:\/\/www.bratislavadesignweek.sk\/?p=13457"},"modified":"2024-09-16T19:12:11","modified_gmt":"2024-09-16T17:12:11","slug":"matthieu-binet-claire-cagnard-helene-fief-marie-geant-vincent-noir","status":"publish","type":"post","link":"https:\/\/www.bratislavadesignweek.sk\/en\/matthieu-binet-claire-cagnard-helene-fief-marie-geant-vincent-noir\/","title":{"rendered":"Matthieu Binet, Claire Cagnard, H\u00e9l\u00e8ne Fief, Marie G\u00e9ant, Vincent Noir"},"content":{"rendered":"<p><b>Matthieu Binet, Claire Cagnard, H\u00e9l\u00e8ne Fief, Marie G\u00e9ant, Vincent Noir<\/b><b><br \/>\n<\/b><b><br \/>\n<\/b><span style=\"font-weight: 400;\">France<\/span><b><br \/>\n<\/b><b><br \/>\n<\/b><b>Voiler &amp; D\u00e9voiler, 2022<\/b><\/p>\n<p><b><br \/>\n<\/b><b>EN<\/b><b><br \/>\n<\/b><span style=\"font-weight: 400;\">Tento projekt za\u010dal ot\u00e1zkou: \u201eMaj\u00fa objekty du\u0161e?\u201c. Neschopnos\u0165 poskytn\u00fa\u0165 spr\u00e1vnu odpove\u010f, je neust\u00e1lym experiment\u00e1lnym sk\u00faman\u00edm, v ktorom sa mie\u0161aj\u00fa dizajnov\u00e9 postupy a m\u00e9di\u00e1, aby sa obnovili du\u0161e objektov.\u00a0 Ako neust\u00e1le h\u013eadanie, tento projekt bojuje s t\u00fdm, z \u010doho s\u00fa objekty vyroben\u00e9, s ich vn\u00fatorn\u00fdmi pr\u00edbehmi, s pam\u00e4\u0165ami, ktor\u00e9 s nimi m\u00e1me. Je to prieskum hmotnosti objektov ako priestoru pre vypr\u00e1vanie pr\u00edbehov. Ve\u013emi \u010dasto nevid\u00edme objekty, ale len ich zjav, zachyten\u00fd fotografiami. Objekty tu s\u00fa vyroben\u00e9 z op\u00e4tovne pou\u017e\u00edvan\u00e9ho materi\u00e1lu a to je, ako z\u00edskavaj\u00fa t\u00fa siln\u00fa aur\u00f3u v d\u00f4sledku v\u0161etk\u00fdch \u017eivotn\u00fdch pr\u00edbehov a du\u0161\u00ed, ktor\u00e9 nes\u00fa.<\/span><\/p>\n<p><b><br \/>\n<\/b><b>EN<\/b><b><br \/>\n<\/b><span style=\"font-weight: 400;\">This project started around the question : \u201cDo object have souls ?\u201d. Unable to give a proper answer, this project is a constant exploration, in an experimental way, mixing design practices and medias to recover the ghosts of objects. <\/span><span style=\"font-weight: 400;\">As an ongoing quest, this project struggles with what objects are made of, their inner stories, the memories with have with it. It is an exploration of the materiality of objects as a narrative space. Very often we cannot see the objects but only an apparition, captured by the photograph. Objects here are made of reemployed material and that is how they have this powerful aura because of all the life stories and souls they carry.<\/span><\/p>","protected":false},"excerpt":{"rendered":"<p>Matthieu Binet, Claire Cagnard, H\u00e9l\u00e8ne Fief, Marie G\u00e9ant, Vincent Noir France Voiler &amp; D\u00e9voiler, 2022 SK Tento projekt za\u010dal ot\u00e1zkou: \u201eMaj\u00fa objekty du\u0161e?\u201c. Neschopnos\u0165 poskytn\u00fa\u0165 spr\u00e1vnu odpove\u010f, je neust\u00e1lym experiment\u00e1lnym sk\u00faman\u00edm, v ktorom sa mie\u0161aj\u00fa dizajnov\u00e9 postupy a m\u00e9di\u00e1, aby sa obnovili du\u0161e objektov.\u00a0 Ako neust\u00e1le h\u013eadanie, tento projekt bojuje s t\u00fdm, z \u010doho s\u00fa [&hellip;]<\/p>","protected":false},"author":2,"featured_media":13458,"comment_status":"closed","ping_status":"closed","sticky":false,"template":"","format":"standard","meta":{"footnotes":""},"categories":[886],"tags":[892],"_links":{"self":[{"href":"https:\/\/www.bratislavadesignweek.sk\/en\/wp-json\/wp\/v2\/posts\/13457"}],"collection":[{"href":"https:\/\/www.bratislavadesignweek.sk\/en\/wp-json\/wp\/v2\/posts"}],"about":[{"href":"https:\/\/www.bratislavadesignweek.sk\/en\/wp-json\/wp\/v2\/types\/post"}],"author":[{"embeddable":true,"href":"https:\/\/www.bratislavadesignweek.sk\/en\/wp-json\/wp\/v2\/users\/2"}],"replies":[{"embeddable":true,"href":"https:\/\/www.bratislavadesignweek.sk\/en\/wp-json\/wp\/v2\/comments?post=13457"}],"version-history":[{"count":1,"href":"https:\/\/www.bratislavadesignweek.sk\/en\/wp-json\/wp\/v2\/posts\/13457\/revisions"}],"predecessor-version":[{"id":13459,"href":"https:\/\/www.bratislavadesignweek.sk\/en\/wp-json\/wp\/v2\/posts\/13457\/revisions\/13459"}],"wp:featuredmedia":[{"embeddable":true,"href":"https:\/\/www.bratislavadesignweek.sk\/en\/wp-json\/wp\/v2\/media\/13458"}],"wp:attachment":[{"href":"https:\/\/www.bratislavadesignweek.sk\/en\/wp-json\/wp\/v2\/media?parent=13457"}],"wp:term":[{"taxonomy":"category","embeddable":true,"href":"https:\/\/www.bratislavadesignweek.sk\/en\/wp-json\/wp\/v2\/categories?post=13457"},{"taxonomy":"post_tag","embeddable":true,"href":"https:\/\/www.bratislavadesignweek.sk\/en\/wp-json\/wp\/v2\/tags?post=13457"}],"curies":[{"name":"wp","href":"https:\/\/api.w.org\/{rel}","templated":true}]}}