{"id":13468,"date":"2023-12-04T20:48:16","date_gmt":"2023-12-04T19:48:16","guid":{"rendered":"https:\/\/www.bratislavadesignweek.sk\/?p=13468"},"modified":"2024-09-16T19:11:56","modified_gmt":"2024-09-16T17:11:56","slug":"drz-hubu","status":"publish","type":"post","link":"https:\/\/www.bratislavadesignweek.sk\/en\/drz-hubu\/","title":{"rendered":"Hold the Hub"},"content":{"rendered":"<p><b>Hold the Hub<\/b><b><br \/>\n<\/b><b><br \/>\n<\/b><span style=\"font-weight: 400;\">Slovensk\u00e1 Republika<\/span><span style=\"font-weight: 400;\"><br \/>\n<\/span><span style=\"font-weight: 400;\"><br \/>\n<\/span><b>Myceliumhub, 2022<\/b><b><br \/>\n<\/b><b><br \/>\n<\/b><b>EN<\/b><b><br \/>\n<\/b><span style=\"font-weight: 400;\">Dielo vzniklo na z\u00e1klade populariz\u00e1cie h\u00fab ako \u017eiv\u00e9ho organizmu. Huby, ktor\u00fdm ver\u00edme \u017ee s\u00fa na\u0161ou bud\u00facnos\u0165ou poznania \u010di u\u017e v gastron\u00f3mi\u00ed ich lie\u010divej sile alebo v sk\u00faman\u00ed myc\u00e9lia &#8211; podhubia h\u00fab ako \u017eiv\u00e9ho organizmu pri vytvar\u00e1n\u00ed a aplikovan\u00ed materi\u00e1lov v dizajne, architekt\u00fare a umen\u00ed. Dielo spr\u00edstupnuje toto poznanie formou zdanlivej dior\u00e1my &#8211; sklen\u00edka v ktorom je simulovan\u00e9 ich prirodzen\u00e9 prostredie (vlhkos\u0165, teplota,svetlo) prostredia a dokumentuje to kam ako O.Z. Dr\u017e hubu sme sa dostali v na\u0161om poznan\u00ed. <\/span><span style=\"font-weight: 400;\"><br \/>\n<\/span><span style=\"font-weight: 400;\"><br \/>\n<\/span><span style=\"font-weight: 400;\"><br \/>\n<\/span><b>EN<\/b><span style=\"font-weight: 400;\"><br \/>\n<\/span><span style=\"font-weight: 400;\">The work was created based on the popularization of fungi as a living organism. Fungi, which we believe are the future of knowledge, whether in gastronomy, their healing power, or in the exploration of mycelium &#8211; the fungal network as a living organism in the creation and application of materials in design, architecture, and art. The piece makes this knowledge accessible in the form of a seemingly diorama &#8211; a greenhouse in which their natural environment (humidity, temperature, light) is simulated and documents where we have reached in our understanding, such as the O.Z. Hold a Fungus initiative.<\/span><span style=\"font-weight: 400;\"><br \/>\n<\/span><\/p>","protected":false},"excerpt":{"rendered":"<p>Dr\u017e Hubu Slovensk\u00e1 Republika Myceliumhub, 2022 SK Dielo vzniklo na z\u00e1klade populariz\u00e1cie h\u00fab ako \u017eiv\u00e9ho organizmu. Huby, ktor\u00fdm ver\u00edme \u017ee s\u00fa na\u0161ou bud\u00facnos\u0165ou poznania \u010di u\u017e v gastron\u00f3mi\u00ed ich lie\u010divej sile alebo v sk\u00faman\u00ed myc\u00e9lia &#8211; podhubia h\u00fab ako \u017eiv\u00e9ho organizmu pri vytvar\u00e1n\u00ed a aplikovan\u00ed materi\u00e1lov v dizajne, architekt\u00fare a umen\u00ed. Dielo spr\u00edstupnuje toto poznanie [&hellip;]<\/p>","protected":false},"author":2,"featured_media":13469,"comment_status":"closed","ping_status":"closed","sticky":false,"template":"","format":"standard","meta":{"footnotes":""},"categories":[886],"tags":[892],"_links":{"self":[{"href":"https:\/\/www.bratislavadesignweek.sk\/en\/wp-json\/wp\/v2\/posts\/13468"}],"collection":[{"href":"https:\/\/www.bratislavadesignweek.sk\/en\/wp-json\/wp\/v2\/posts"}],"about":[{"href":"https:\/\/www.bratislavadesignweek.sk\/en\/wp-json\/wp\/v2\/types\/post"}],"author":[{"embeddable":true,"href":"https:\/\/www.bratislavadesignweek.sk\/en\/wp-json\/wp\/v2\/users\/2"}],"replies":[{"embeddable":true,"href":"https:\/\/www.bratislavadesignweek.sk\/en\/wp-json\/wp\/v2\/comments?post=13468"}],"version-history":[{"count":1,"href":"https:\/\/www.bratislavadesignweek.sk\/en\/wp-json\/wp\/v2\/posts\/13468\/revisions"}],"predecessor-version":[{"id":13470,"href":"https:\/\/www.bratislavadesignweek.sk\/en\/wp-json\/wp\/v2\/posts\/13468\/revisions\/13470"}],"wp:featuredmedia":[{"embeddable":true,"href":"https:\/\/www.bratislavadesignweek.sk\/en\/wp-json\/wp\/v2\/media\/13469"}],"wp:attachment":[{"href":"https:\/\/www.bratislavadesignweek.sk\/en\/wp-json\/wp\/v2\/media?parent=13468"}],"wp:term":[{"taxonomy":"category","embeddable":true,"href":"https:\/\/www.bratislavadesignweek.sk\/en\/wp-json\/wp\/v2\/categories?post=13468"},{"taxonomy":"post_tag","embeddable":true,"href":"https:\/\/www.bratislavadesignweek.sk\/en\/wp-json\/wp\/v2\/tags?post=13468"}],"curies":[{"name":"wp","href":"https:\/\/api.w.org\/{rel}","templated":true}]}}