{"id":13471,"date":"2023-12-04T20:49:44","date_gmt":"2023-12-04T19:49:44","guid":{"rendered":"https:\/\/www.bratislavadesignweek.sk\/?p=13471"},"modified":"2024-09-16T19:11:50","modified_gmt":"2024-09-16T17:11:50","slug":"archival-consciousness-mariana-lanari-remco-van-bladel","status":"publish","type":"post","link":"https:\/\/www.bratislavadesignweek.sk\/en\/archival-consciousness-mariana-lanari-remco-van-bladel\/","title":{"rendered":"Archival Consciousness Mariana Lanari, Remco van Bladel"},"content":{"rendered":"<p><b>Archival Consciousness<\/b><b><br \/>\n<\/b><b>Mariana Lanari, Remco van Bladel<\/b><span style=\"font-weight: 400;\"><br \/>\n<\/span><span style=\"font-weight: 400;\"><br \/>\n<\/span><span style=\"font-weight: 400;\">Netherlands - Netherlands<\/span><\/p>\n<p><b>Archiving the Present, 2023 <\/b><b><br \/>\n<\/b><b>Archiving the present, 2023<\/b><b><br \/>\n<\/b><b><br \/>\n<\/b><span style=\"font-weight: 400;\">EN<\/span><\/p>\n<p><span style=\"font-weight: 400;\">\"Archiving the Present\" explores site-specific installations and long-term performances in the archives of cultural institutions. It creates a temporary infrastructure to replicate archival practices and collaborates with archivists, challenging traditional models of heritage preservation. The two-channel video installation shows \"Catching Up IN The Archive\" (C.U.I.T.A) at de Appel, Amsterdam 2022, presenting the entire archive within the exhibition space. The print illustrates an ontological data model, often a hidden layer in the infrastructure of an archive, capturing the data lifecycle from events through documentation and digitization. The contemporary interface reveals a network of real-time relationships between publication titles, individuals, collectives, and organizations.<\/span><\/p>\n<p><b>EN<\/b><\/p>\n<p><span style=\"font-weight: 400;\">\"Archival Consciousness\" explores site-specific installations and long-duration performances within cultural institution archives. It establishes a temporary infrastructure to reenact archival procedures and collaborates with archivists, challenging traditional models of heritage preservation. The two-channel video installation depicts \"Catching Up IN The Archive\" (C.U.I.T.A) at de Appel, Amsterdam 2022, showcasing the entire archive within the exhibition space. The print illustrates the ontological data model, an often-hidden layer in the archive's infrastructure, capturing the data lifecycle from events to documentation and digitization. The accompanying interface reveals a real-time network of relations between publication titles, individuals, collectives, and organizations.<\/span><span style=\"font-weight: 400;\"><br \/>\n<\/span><\/p>","protected":false},"excerpt":{"rendered":"<p>Archival Consciousness Mariana Lanari, Remco van Bladel Netherlands &#8211; Holandsko Archiving the Present, 2023 Archiv\u00e1cia s\u00fa\u010dasnosti, 2023 SK &#8222;Archiv\u00e1cia s\u00fa\u010dasnosti&#8220; sk\u00fama site-specific in\u0161tal\u00e1cie a dlhodob\u00e9 v\u00fdkony v arch\u00edvoch kult\u00farnych in\u0161tit\u00faci\u00ed. Vytv\u00e1ra do\u010dasn\u00fa infra\u0161trukt\u00faru na zopakovanie arch\u00edvnych postupov a spolupracuje s archiv\u00e1rmi, vyz\u00fdvaj\u00fac tradi\u010dn\u00e9 modely zachov\u00e1vania dedi\u010dstva. Dvojkan\u00e1lov\u00e1 videoin\u0161tal\u00e1cia zobrazuje &#8222;Catching Up IN The Archive&#8220; (C.U.I.T.A) [&hellip;]<\/p>","protected":false},"author":2,"featured_media":13472,"comment_status":"closed","ping_status":"closed","sticky":false,"template":"","format":"standard","meta":{"footnotes":""},"categories":[886],"tags":[892],"_links":{"self":[{"href":"https:\/\/www.bratislavadesignweek.sk\/en\/wp-json\/wp\/v2\/posts\/13471"}],"collection":[{"href":"https:\/\/www.bratislavadesignweek.sk\/en\/wp-json\/wp\/v2\/posts"}],"about":[{"href":"https:\/\/www.bratislavadesignweek.sk\/en\/wp-json\/wp\/v2\/types\/post"}],"author":[{"embeddable":true,"href":"https:\/\/www.bratislavadesignweek.sk\/en\/wp-json\/wp\/v2\/users\/2"}],"replies":[{"embeddable":true,"href":"https:\/\/www.bratislavadesignweek.sk\/en\/wp-json\/wp\/v2\/comments?post=13471"}],"version-history":[{"count":1,"href":"https:\/\/www.bratislavadesignweek.sk\/en\/wp-json\/wp\/v2\/posts\/13471\/revisions"}],"predecessor-version":[{"id":13473,"href":"https:\/\/www.bratislavadesignweek.sk\/en\/wp-json\/wp\/v2\/posts\/13471\/revisions\/13473"}],"wp:featuredmedia":[{"embeddable":true,"href":"https:\/\/www.bratislavadesignweek.sk\/en\/wp-json\/wp\/v2\/media\/13472"}],"wp:attachment":[{"href":"https:\/\/www.bratislavadesignweek.sk\/en\/wp-json\/wp\/v2\/media?parent=13471"}],"wp:term":[{"taxonomy":"category","embeddable":true,"href":"https:\/\/www.bratislavadesignweek.sk\/en\/wp-json\/wp\/v2\/categories?post=13471"},{"taxonomy":"post_tag","embeddable":true,"href":"https:\/\/www.bratislavadesignweek.sk\/en\/wp-json\/wp\/v2\/tags?post=13471"}],"curies":[{"name":"wp","href":"https:\/\/api.w.org\/{rel}","templated":true}]}}