{"id":13536,"date":"2023-12-05T13:34:20","date_gmt":"2023-12-05T12:34:20","guid":{"rendered":"https:\/\/www.bratislavadesignweek.sk\/?p=13536"},"modified":"2024-09-22T19:21:17","modified_gmt":"2024-09-22T17:21:17","slug":"sylvia-jokelova-julia-kunovksa-kunovska-chodi-s-jokelovou","status":"publish","type":"post","link":"https:\/\/www.bratislavadesignweek.sk\/en\/sylvia-jokelova-julia-kunovksa-kunovska-chodi-s-jokelovou\/","title":{"rendered":"SYLVIA JOKELOV\u00c1, J\u00daLIA KUNOVSK\u00c1 \/ KUNOVSK\u00c1 DATING JOKELOV\u00c1"},"content":{"rendered":"<p><span style=\"font-family: pepi-regular;\">Sylvia Jokelov\u00e1, J\u00falia K\u00fanovsk\u00e1, Slovak Republic<\/span><\/p>\n<p><span style=\"font-family: pepi-regular;\">K\u00fanovsk\u00e1 is dating Jokelov\u00e1, 2023<\/span><\/p>\n<p><img fetchpriority=\"high\" decoding=\"async\" class=\"aligncenter wp-image-13538\" src=\"http:\/\/www.bratislavadesignweek.sk\/wp-content\/uploads\/2023\/12\/IMG_1102.jpg\" alt=\"\" width=\"480\" height=\"472\" srcset=\"https:\/\/www.bratislavadesignweek.sk\/wp-content\/uploads\/2023\/12\/IMG_1102.jpg 1179w, https:\/\/www.bratislavadesignweek.sk\/wp-content\/uploads\/2023\/12\/IMG_1102-300x295.jpg 300w, https:\/\/www.bratislavadesignweek.sk\/wp-content\/uploads\/2023\/12\/IMG_1102-1024x1007.jpg 1024w, https:\/\/www.bratislavadesignweek.sk\/wp-content\/uploads\/2023\/12\/IMG_1102-768x755.jpg 768w, https:\/\/www.bratislavadesignweek.sk\/wp-content\/uploads\/2023\/12\/IMG_1102-66x66.jpg 66w, https:\/\/www.bratislavadesignweek.sk\/wp-content\/uploads\/2023\/12\/IMG_1102-200x197.jpg 200w, https:\/\/www.bratislavadesignweek.sk\/wp-content\/uploads\/2023\/12\/IMG_1102-400x393.jpg 400w, https:\/\/www.bratislavadesignweek.sk\/wp-content\/uploads\/2023\/12\/IMG_1102-600x590.jpg 600w, https:\/\/www.bratislavadesignweek.sk\/wp-content\/uploads\/2023\/12\/IMG_1102-800x786.jpg 800w\" sizes=\"(max-width: 480px) 100vw, 480px\" \/><\/p>\n<p><span style=\"font-family: pepi-regular;\">Unique circumstances brought together the architect and designer Julia Kunovsk\u00e1 (1950) and the designer and educator Sylvia Jokelov\u00e1 (1973). They represent different generations, different approaches to creation, different life stories. Their meeting on the jury of one of the design competitions grew into a shared passion for Nordic walking, and for several years now their walking together in the Carpathian Mountains has been about survival, regeneration, experiences, new knowledge, mutual support, friendship, but also conversations about art. Together they fill the space that divides them, but<\/span> <span style=\"font-family: pepi-regular;\">and connects. They go to the hills in all weathers, in bad weather and in sunny <\/span><span style=\"font-family: pepi-regular;\">days.<\/span><\/p>\n<p><span style=\"font-family: pepi-regular;\">Their favourite place for walking became the Sitina forest<\/span> <span style=\"font-family: pepi-regular;\">in D\u00fabravka and after some time they started to think about a joint project, <\/span><span style=\"font-family: pepi-regular;\">a logical reasoning followed - \"the forest for us, us for the forest\". They decided to <\/span><span style=\"font-family: pepi-regular;\">the creation of variable feeders and waterers for wild birds that would <\/span><span style=\"font-family: pepi-regular;\">could be piloted in this forest. In the process of their creation<\/span> <span style=\"font-family: pepi-regular;\">often had to abandon purely artistic thinking, the specific \"target<\/span> <span style=\"font-family: pepi-regular;\">group\" required a special approach. They therefore asked for cooperation<\/span> <span style=\"font-family: pepi-regular;\">Andrea Froncova from the conservation association BROZ, who provided valuable <\/span><span style=\"font-family: pepi-regular;\">input information and for further expansion of the project to other locations within <\/span><span style=\"font-family: pepi-regular;\">Slovakia teamed up with Slovak Nordic Walking Association President Lucia<\/span><br \/>\n<span style=\"font-family: pepi-regular;\">Okolicani.<\/span><\/p>\n<p><span style=\"font-family: pepi-regular;\">Their joint presentation at BADW 2023 is also about finding answers to<\/span> <span style=\"font-family: pepi-regular;\">questions that the designer asks himself\/herself in the reality of the contemporary world through<\/span> <span style=\"font-family: pepi-regular;\">of intergenerational (creative) dialogue, where walking the path is its<\/span> <span style=\"font-family: pepi-regular;\">a symbolic, but also a literal part.<\/span><\/p>\n<p><img decoding=\"async\" class=\"wp-image-13539 alignleft\" src=\"http:\/\/www.bratislavadesignweek.sk\/wp-content\/uploads\/2023\/12\/IMG_1103.jpg\" alt=\"\" width=\"415\" height=\"410\" srcset=\"https:\/\/www.bratislavadesignweek.sk\/wp-content\/uploads\/2023\/12\/IMG_1103.jpg 1179w, https:\/\/www.bratislavadesignweek.sk\/wp-content\/uploads\/2023\/12\/IMG_1103-300x296.jpg 300w, https:\/\/www.bratislavadesignweek.sk\/wp-content\/uploads\/2023\/12\/IMG_1103-1024x1012.jpg 1024w, https:\/\/www.bratislavadesignweek.sk\/wp-content\/uploads\/2023\/12\/IMG_1103-768x759.jpg 768w, https:\/\/www.bratislavadesignweek.sk\/wp-content\/uploads\/2023\/12\/IMG_1103-66x66.jpg 66w, https:\/\/www.bratislavadesignweek.sk\/wp-content\/uploads\/2023\/12\/IMG_1103-200x198.jpg 200w, https:\/\/www.bratislavadesignweek.sk\/wp-content\/uploads\/2023\/12\/IMG_1103-400x395.jpg 400w, https:\/\/www.bratislavadesignweek.sk\/wp-content\/uploads\/2023\/12\/IMG_1103-600x593.jpg 600w, https:\/\/www.bratislavadesignweek.sk\/wp-content\/uploads\/2023\/12\/IMG_1103-800x791.jpg 800w\" sizes=\"(max-width: 415px) 100vw, 415px\" \/><img decoding=\"async\" class=\"wp-image-13540 alignright\" src=\"http:\/\/www.bratislavadesignweek.sk\/wp-content\/uploads\/2023\/12\/IMG_1104.jpg\" alt=\"\" width=\"419\" height=\"412\" srcset=\"https:\/\/www.bratislavadesignweek.sk\/wp-content\/uploads\/2023\/12\/IMG_1104.jpg 1179w, https:\/\/www.bratislavadesignweek.sk\/wp-content\/uploads\/2023\/12\/IMG_1104-300x295.jpg 300w, https:\/\/www.bratislavadesignweek.sk\/wp-content\/uploads\/2023\/12\/IMG_1104-1024x1007.jpg 1024w, https:\/\/www.bratislavadesignweek.sk\/wp-content\/uploads\/2023\/12\/IMG_1104-768x756.jpg 768w, https:\/\/www.bratislavadesignweek.sk\/wp-content\/uploads\/2023\/12\/IMG_1104-66x66.jpg 66w, https:\/\/www.bratislavadesignweek.sk\/wp-content\/uploads\/2023\/12\/IMG_1104-200x197.jpg 200w, https:\/\/www.bratislavadesignweek.sk\/wp-content\/uploads\/2023\/12\/IMG_1104-400x394.jpg 400w, https:\/\/www.bratislavadesignweek.sk\/wp-content\/uploads\/2023\/12\/IMG_1104-600x590.jpg 600w, https:\/\/www.bratislavadesignweek.sk\/wp-content\/uploads\/2023\/12\/IMG_1104-800x787.jpg 800w\" sizes=\"(max-width: 419px) 100vw, 419px\" \/><\/p>","protected":false},"excerpt":{"rendered":"<p>Sylvia Jokelov\u00e1, J\u00falia K\u00fanovsk\u00e1, Slovensk\u00e1 republika K\u00fanovsk\u00e1 chod\u00ed s Jokelovou, 2023 Jedine\u010dn\u00e9 okolnosti spojili architektku a dizajn\u00e9rku J\u00faliu Kunovsk\u00fa (1950) a dizajn\u00e9rku a pedagogi\u010dku Sylviu Jokelov\u00fa (1973). Predstavuj\u00fa r\u00f4zne gener\u00e1cie, r\u00f4zne pr\u00edstupy k tvorbe, r\u00f4zne \u017eivotn\u00e9 pr\u00edbehy. Ich stretnutie v porote jednej z dizajn\u00e9rskych s\u00fa\u0165a\u017e\u00ed prer\u00e1stlo v spolo\u010dn\u00fa v\u00e1\u0161e\u0148 pre nordic walking a u\u017e nieko\u013eko [&hellip;]<\/p>","protected":false},"author":2,"featured_media":13537,"comment_status":"closed","ping_status":"closed","sticky":false,"template":"","format":"standard","meta":{"footnotes":""},"categories":[886],"tags":[892],"_links":{"self":[{"href":"https:\/\/www.bratislavadesignweek.sk\/en\/wp-json\/wp\/v2\/posts\/13536"}],"collection":[{"href":"https:\/\/www.bratislavadesignweek.sk\/en\/wp-json\/wp\/v2\/posts"}],"about":[{"href":"https:\/\/www.bratislavadesignweek.sk\/en\/wp-json\/wp\/v2\/types\/post"}],"author":[{"embeddable":true,"href":"https:\/\/www.bratislavadesignweek.sk\/en\/wp-json\/wp\/v2\/users\/2"}],"replies":[{"embeddable":true,"href":"https:\/\/www.bratislavadesignweek.sk\/en\/wp-json\/wp\/v2\/comments?post=13536"}],"version-history":[{"count":4,"href":"https:\/\/www.bratislavadesignweek.sk\/en\/wp-json\/wp\/v2\/posts\/13536\/revisions"}],"predecessor-version":[{"id":14267,"href":"https:\/\/www.bratislavadesignweek.sk\/en\/wp-json\/wp\/v2\/posts\/13536\/revisions\/14267"}],"wp:featuredmedia":[{"embeddable":true,"href":"https:\/\/www.bratislavadesignweek.sk\/en\/wp-json\/wp\/v2\/media\/13537"}],"wp:attachment":[{"href":"https:\/\/www.bratislavadesignweek.sk\/en\/wp-json\/wp\/v2\/media?parent=13536"}],"wp:term":[{"taxonomy":"category","embeddable":true,"href":"https:\/\/www.bratislavadesignweek.sk\/en\/wp-json\/wp\/v2\/categories?post=13536"},{"taxonomy":"post_tag","embeddable":true,"href":"https:\/\/www.bratislavadesignweek.sk\/en\/wp-json\/wp\/v2\/tags?post=13536"}],"curies":[{"name":"wp","href":"https:\/\/api.w.org\/{rel}","templated":true}]}}