{"id":14373,"date":"2024-09-25T14:18:21","date_gmt":"2024-09-25T12:18:21","guid":{"rendered":"https:\/\/www.bratislavadesignweek.sk\/?p=14373"},"modified":"2024-09-25T14:32:28","modified_gmt":"2024-09-25T12:32:28","slug":"hlavna-centrala-2-main-venue-2","status":"publish","type":"post","link":"https:\/\/www.bratislavadesignweek.sk\/en\/hlavna-centrala-2-main-venue-2\/","title":{"rendered":"Hlavn\u00e1 centr\u00e1la 2 \/ Main venue 2"},"content":{"rendered":"<p><strong>GMB (Mirbach Palace)<\/strong><\/p>\n\n\n\n<p>The second headquarters is our beloved GMB and the premises of the GMB's permanent collection of Baroque art. The latter is situated on the first floor of the Mirbach Palace. The fusion of rare works of Baroque art, palace interiors and contemporary art will be repeated, of course in a different line-up now.&nbsp;<\/p>\n\n\n\n<figure class=\"wp-block-image size-large\"><a href=\"https:\/\/www.bratislavadesignweek.sk\/wp-content\/uploads\/2024\/09\/GMB_FOTO_WEB.jpg\"><img fetchpriority=\"high\" decoding=\"async\" width=\"1024\" height=\"682\" src=\"https:\/\/www.bratislavadesignweek.sk\/wp-content\/uploads\/2024\/09\/GMB_FOTO_WEB-1024x682.jpg\" alt=\"\" class=\"wp-image-14374\" srcset=\"https:\/\/www.bratislavadesignweek.sk\/wp-content\/uploads\/2024\/09\/GMB_FOTO_WEB-1024x682.jpg 1024w, https:\/\/www.bratislavadesignweek.sk\/wp-content\/uploads\/2024\/09\/GMB_FOTO_WEB-300x200.jpg 300w, https:\/\/www.bratislavadesignweek.sk\/wp-content\/uploads\/2024\/09\/GMB_FOTO_WEB-768x512.jpg 768w, https:\/\/www.bratislavadesignweek.sk\/wp-content\/uploads\/2024\/09\/GMB_FOTO_WEB-1536x1024.jpg 1536w, https:\/\/www.bratislavadesignweek.sk\/wp-content\/uploads\/2024\/09\/GMB_FOTO_WEB.jpg 2000w\" sizes=\"(max-width: 1024px) 100vw, 1024px\" \/><\/a><\/figure>\n\n\n\n<p style=\"font-size:16px\"><em>Mirbach Palace, Franciscan Square 11<\/em><\/p>\n\n\n\n<p>More info about the history of the palace and the GMB collections can be found here:<\/p>\n\n\n\n<p><a href=\"https:\/\/www.gmb.sk\/detail\/mirbachov-palac\" title=\"\">Mirbach Palace - Bratislava City Gallery <\/a><\/p>","protected":false},"excerpt":{"rendered":"<p>GMB (Mirbachov pal\u00e1c) Druhou centr\u00e1lou je na\u0161a milovan\u00e1 GMB a priestory st\u00e1lej zbierky barokov\u00e9ho umenia GMB. T\u00e1 je situovan\u00e1 na prvom poschod\u00ed v budove Mirbachovho pal\u00e1ca. S\u00fazvuk vz\u00e1cnych diel barokov\u00e9ho umenia, pal\u00e1cov\u00fdch interi\u00e9rov a s\u00fa\u010dasn\u00e9ho si zopakujeme, samozrejme v inej zostave aj teraz.&nbsp; Mirbachov pal\u00e1c, Franti\u0161k\u00e1nske n\u00e1m. 11 Viac info o dejin\u00e1ch pal\u00e1ca a zbierkach [&hellip;]<\/p>","protected":false},"author":2,"featured_media":14375,"comment_status":"closed","ping_status":"closed","sticky":false,"template":"","format":"standard","meta":{"footnotes":""},"categories":[900],"tags":[],"_links":{"self":[{"href":"https:\/\/www.bratislavadesignweek.sk\/en\/wp-json\/wp\/v2\/posts\/14373"}],"collection":[{"href":"https:\/\/www.bratislavadesignweek.sk\/en\/wp-json\/wp\/v2\/posts"}],"about":[{"href":"https:\/\/www.bratislavadesignweek.sk\/en\/wp-json\/wp\/v2\/types\/post"}],"author":[{"embeddable":true,"href":"https:\/\/www.bratislavadesignweek.sk\/en\/wp-json\/wp\/v2\/users\/2"}],"replies":[{"embeddable":true,"href":"https:\/\/www.bratislavadesignweek.sk\/en\/wp-json\/wp\/v2\/comments?post=14373"}],"version-history":[{"count":4,"href":"https:\/\/www.bratislavadesignweek.sk\/en\/wp-json\/wp\/v2\/posts\/14373\/revisions"}],"predecessor-version":[{"id":14384,"href":"https:\/\/www.bratislavadesignweek.sk\/en\/wp-json\/wp\/v2\/posts\/14373\/revisions\/14384"}],"wp:featuredmedia":[{"embeddable":true,"href":"https:\/\/www.bratislavadesignweek.sk\/en\/wp-json\/wp\/v2\/media\/14375"}],"wp:attachment":[{"href":"https:\/\/www.bratislavadesignweek.sk\/en\/wp-json\/wp\/v2\/media?parent=14373"}],"wp:term":[{"taxonomy":"category","embeddable":true,"href":"https:\/\/www.bratislavadesignweek.sk\/en\/wp-json\/wp\/v2\/categories?post=14373"},{"taxonomy":"post_tag","embeddable":true,"href":"https:\/\/www.bratislavadesignweek.sk\/en\/wp-json\/wp\/v2\/tags?post=14373"}],"curies":[{"name":"wp","href":"https:\/\/api.w.org\/{rel}","templated":true}]}}