{"id":14998,"date":"2025-07-12T17:03:05","date_gmt":"2025-07-12T15:03:05","guid":{"rendered":"https:\/\/www.bratislavadesignweek.sk\/?p=14998"},"modified":"2025-07-15T15:57:43","modified_gmt":"2025-07-15T13:57:43","slug":"badw-2025-open-call-je-tento-rok-bez-poplatkov","status":"publish","type":"post","link":"https:\/\/www.bratislavadesignweek.sk\/en\/badw-2025-open-call-je-tento-rok-bez-poplatkov\/","title":{"rendered":"BADW 2025 Open Call is free this year!"},"content":{"rendered":"<p><\/p>\n\n\n\n<p class=\"has-text-align-left\">In response to the current cultural situation, we have decided to waive all exhibition fees as part of our open call. With this gesture, we clearly want to support the Slovak design scene and provide an opportunity for both established and emerging designers, whether individuals or collectives.*<\/p>\n\n\n\n<p class=\"has-text-align-left\"><br>Show us what you are working on! You can apply with an existing work, but we also welcome new projects that will be created directly for the Bratislava Design Week 2025 festival or will have their premiere here. Submitted works may or may not reflect this year's theme, which is CHANGE.<\/p>\n\n\n\n<p class=\"has-text-align-left\">Important note: *The free exhibition support does not apply to commercial and business entities.<br>V\u0161etky podrobnosti a inform\u00e1cie k prihl\u00e1\u0161ke n\u00e1jdete v BIO a na na\u0161om webe\u00a0<a href=\"http:\/\/www.badw.sk\/\" target=\"_blank\" rel=\"noreferrer noopener\">www.badw.sk<\/a><\/p>\n\n\n\n<p><\/p>\n\n\n\n<p><\/p>","protected":false},"excerpt":{"rendered":"<p>V reakcii na s\u00fa\u010dasn\u00fa situ\u00e1ciu v kult\u00fare sme sa rozhodli v r\u00e1mci na\u0161ej otvorenej v\u00fdzvy zru\u0161i\u0165 v\u0161etky poplatky za vystavovanie. T\u00fdmto gestom chceme jasne podpori\u0165 slovensk\u00fa dizajn\u00e9rsku sc\u00e9nu a poskytn\u00fa\u0165 pr\u00edle\u017eitos\u0165 pre etablovan\u00fdch aj za\u010d\u00ednaj\u00facich dizajn\u00e9rov, \u010di u\u017e ide o jednotlivcov alebo kolekt\u00edvy.* Uk\u00e1\u017ete n\u00e1m na \u010dom pracujete! Prihl\u00e1si\u0165 sa m\u00f4\u017eete s u\u017e existuj\u00facim dielom, [&hellip;]<\/p>","protected":false},"author":2,"featured_media":15109,"comment_status":"closed","ping_status":"closed","sticky":false,"template":"","format":"standard","meta":{"footnotes":""},"categories":[839],"tags":[],"_links":{"self":[{"href":"https:\/\/www.bratislavadesignweek.sk\/en\/wp-json\/wp\/v2\/posts\/14998"}],"collection":[{"href":"https:\/\/www.bratislavadesignweek.sk\/en\/wp-json\/wp\/v2\/posts"}],"about":[{"href":"https:\/\/www.bratislavadesignweek.sk\/en\/wp-json\/wp\/v2\/types\/post"}],"author":[{"embeddable":true,"href":"https:\/\/www.bratislavadesignweek.sk\/en\/wp-json\/wp\/v2\/users\/2"}],"replies":[{"embeddable":true,"href":"https:\/\/www.bratislavadesignweek.sk\/en\/wp-json\/wp\/v2\/comments?post=14998"}],"version-history":[{"count":5,"href":"https:\/\/www.bratislavadesignweek.sk\/en\/wp-json\/wp\/v2\/posts\/14998\/revisions"}],"predecessor-version":[{"id":15031,"href":"https:\/\/www.bratislavadesignweek.sk\/en\/wp-json\/wp\/v2\/posts\/14998\/revisions\/15031"}],"wp:featuredmedia":[{"embeddable":true,"href":"https:\/\/www.bratislavadesignweek.sk\/en\/wp-json\/wp\/v2\/media\/15109"}],"wp:attachment":[{"href":"https:\/\/www.bratislavadesignweek.sk\/en\/wp-json\/wp\/v2\/media?parent=14998"}],"wp:term":[{"taxonomy":"category","embeddable":true,"href":"https:\/\/www.bratislavadesignweek.sk\/en\/wp-json\/wp\/v2\/categories?post=14998"},{"taxonomy":"post_tag","embeddable":true,"href":"https:\/\/www.bratislavadesignweek.sk\/en\/wp-json\/wp\/v2\/tags?post=14998"}],"curies":[{"name":"wp","href":"https:\/\/api.w.org\/{rel}","templated":true}]}}