{"id":1512,"date":"2013-08-25T20:25:11","date_gmt":"2013-08-25T19:25:11","guid":{"rendered":"http:\/\/www.bratislavadesignweek.sk\/?p=1512"},"modified":"2024-09-25T12:08:19","modified_gmt":"2024-09-25T10:08:19","slug":"passion-victim-2","status":"publish","type":"post","link":"https:\/\/www.bratislavadesignweek.sk\/en\/passion-victim-2\/","title":{"rendered":"Passion Victim"},"content":{"rendered":"<p>[vc_column_text pb_margin_bottom=&#8220;no&#8220; pb_border_bottom=&#8220;no&#8220; width=&#8220;1\/3&#8243; el_position=&#8220;first&#8220;]<\/p>\n<p class=\"impact-text\">Passion Victim<\/p>\n<p>&nbsp;<\/p>\n<style type=\"text\/css\"><!--\n@page { margin: 0.79in }\n\t\tP { margin-bottom: 0.08in }\n\t\tEM.ctl { font-style: normal }\n--><\/style>\n<style type=\"text\/css\"><!--\n@page { margin: 0.79in }\n\t\tP { margin-bottom: 0.08in }\n--><\/style>\n<p style=\"font-size: medium;\">,,<i>Do things with passion or not at all.\u201d<\/i><\/p>\n<p>The brand Passion Victim represents the authorial jewellery by Petra \u0160i\u0161t\u00edkov\u00e1. Passion Victim jewels don\u2018t want to be modest dress accessories. They want to scream, very loudly. Despite it, they are comfortable to wear and universal. They manifest a desire for outstanding colors and contrasts, natural and geometric structures, and play with materials.<\/p>\n<p>&nbsp;<\/p>\n<p>[button colour=&#8220;grey&#8220; type=&#8220;0&#8243; size=&#8220;small&#8220; link=&#8220;https:\/\/www.facebook.com\/passionvictim&#8220; target=&#8220;_self&#8220;]www.facebook.com\/passionvictim[\/button]<\/p>\n<p>[\/vc_column_text] [vc_column_text pb_margin_bottom=&#8220;no&#8220; pb_border_bottom=&#8220;no&#8220; width=&#8220;1\/2&#8243; el_position=&#8220;last&#8220;]<\/p>\n<p><a href=\"http:\/\/www.bratislavadesignweek.sk\/wp-content\/uploads\/2013\/08\/passionvictim.jpg\"><img fetchpriority=\"high\" decoding=\"async\" class=\"alignnone size-full wp-image-1470\" alt=\"passionvictim\" src=\"http:\/\/www.bratislavadesignweek.sk\/wp-content\/uploads\/2013\/08\/passionvictim.jpg\" width=\"541\" height=\"800\" srcset=\"https:\/\/www.bratislavadesignweek.sk\/wp-content\/uploads\/2013\/08\/passionvictim.jpg 541w, https:\/\/www.bratislavadesignweek.sk\/wp-content\/uploads\/2013\/08\/passionvictim-202x300.jpg 202w\" sizes=\"(max-width: 541px) 100vw, 541px\" \/><\/a><\/p>\n<p>[\/vc_column_text]<\/p>","protected":false},"excerpt":{"rendered":"<p>[vc_column_text pb_margin_bottom=&#8220;no&#8220; pb_border_bottom=&#8220;no&#8220; width=&#8220;1\/3&#8243; el_position=&#8220;first&#8220;] Passion Victim &nbsp; ,,Do things with passion or not at all.\u201d The brand Passion Victim represents the authorial jewellery by Petra \u0160i\u0161t\u00edkov\u00e1. Passion Victim jewels don\u2018t want to be modest dress accessories. They want to scream, very loudly. Despite it, they are comfortable to wear and universal. They manifest a [&hellip;]<\/p>","protected":false},"author":5,"featured_media":0,"comment_status":"closed","ping_status":"closed","sticky":false,"template":"","format":"standard","meta":{"footnotes":""},"categories":[1],"tags":[],"_links":{"self":[{"href":"https:\/\/www.bratislavadesignweek.sk\/en\/wp-json\/wp\/v2\/posts\/1512"}],"collection":[{"href":"https:\/\/www.bratislavadesignweek.sk\/en\/wp-json\/wp\/v2\/posts"}],"about":[{"href":"https:\/\/www.bratislavadesignweek.sk\/en\/wp-json\/wp\/v2\/types\/post"}],"author":[{"embeddable":true,"href":"https:\/\/www.bratislavadesignweek.sk\/en\/wp-json\/wp\/v2\/users\/5"}],"replies":[{"embeddable":true,"href":"https:\/\/www.bratislavadesignweek.sk\/en\/wp-json\/wp\/v2\/comments?post=1512"}],"version-history":[{"count":1,"href":"https:\/\/www.bratislavadesignweek.sk\/en\/wp-json\/wp\/v2\/posts\/1512\/revisions"}],"predecessor-version":[{"id":1513,"href":"https:\/\/www.bratislavadesignweek.sk\/en\/wp-json\/wp\/v2\/posts\/1512\/revisions\/1513"}],"wp:attachment":[{"href":"https:\/\/www.bratislavadesignweek.sk\/en\/wp-json\/wp\/v2\/media?parent=1512"}],"wp:term":[{"taxonomy":"category","embeddable":true,"href":"https:\/\/www.bratislavadesignweek.sk\/en\/wp-json\/wp\/v2\/categories?post=1512"},{"taxonomy":"post_tag","embeddable":true,"href":"https:\/\/www.bratislavadesignweek.sk\/en\/wp-json\/wp\/v2\/tags?post=1512"}],"curies":[{"name":"wp","href":"https:\/\/api.w.org\/{rel}","templated":true}]}}