{"id":15549,"date":"2025-09-13T08:34:20","date_gmt":"2025-09-13T06:34:20","guid":{"rendered":"https:\/\/www.bratislavadesignweek.sk\/?p=15549"},"modified":"2025-09-19T21:36:19","modified_gmt":"2025-09-19T19:36:19","slug":"host-is-ok-it","status":"publish","type":"post","link":"https:\/\/www.bratislavadesignweek.sk\/en\/host-is-ok-it\/","title":{"rendered":"Guest | IS IT OK?"},"content":{"rendered":"<p>Are you okay? Are we okay? Is it okay?<\/p>\n\n\n\n<p>These questions are the basis for our next guest, the Austrian project IS OK IT? in which designers Lena Beigel, Tobias Lugmeier and Georg Sampl reflect on the role and potential of their generation.<\/p>\n\n\n\n<p>What should design serve today? What themes should it raise? What does our society and our environment need? And what will happen if design is freed from the pressures and expectations of industry? Instead of answers, the exhibition offers a space for questions - and for searching for underrepresented themes. Three separate works suggest possible solutions and encourage the exchange of ideas. From exploring our relationship with industrial-technology products to the responsible use of resources, IS OK IT? also invites us to critically rethink our own work.<\/p>\n\n\n\n<p><\/p>\n\n\n\n<figure class=\"wp-block-gallery has-nested-images columns-default is-cropped wp-block-gallery-1 is-layout-flex wp-block-gallery-is-layout-flex\">\n<figure class=\"wp-block-image size-large\"><a href=\"https:\/\/www.bratislavadesignweek.sk\/wp-content\/uploads\/2025\/09\/544108993_18421615924100278_6818652634542827051_n.jpg\"><img fetchpriority=\"high\" decoding=\"async\" width=\"819\" height=\"1024\" data-id=\"15550\" src=\"https:\/\/www.bratislavadesignweek.sk\/wp-content\/uploads\/2025\/09\/544108993_18421615924100278_6818652634542827051_n-819x1024.jpg\" alt=\"\" class=\"wp-image-15550\" srcset=\"https:\/\/www.bratislavadesignweek.sk\/wp-content\/uploads\/2025\/09\/544108993_18421615924100278_6818652634542827051_n-819x1024.jpg 819w, https:\/\/www.bratislavadesignweek.sk\/wp-content\/uploads\/2025\/09\/544108993_18421615924100278_6818652634542827051_n-240x300.jpg 240w, https:\/\/www.bratislavadesignweek.sk\/wp-content\/uploads\/2025\/09\/544108993_18421615924100278_6818652634542827051_n-768x960.jpg 768w, https:\/\/www.bratislavadesignweek.sk\/wp-content\/uploads\/2025\/09\/544108993_18421615924100278_6818652634542827051_n-10x12.jpg 10w, https:\/\/www.bratislavadesignweek.sk\/wp-content\/uploads\/2025\/09\/544108993_18421615924100278_6818652634542827051_n.jpg 1080w\" sizes=\"(max-width: 819px) 100vw, 819px\" \/><\/a><\/figure>\n<\/figure>","protected":false},"excerpt":{"rendered":"<p>Are you okay? Are we okay? Is it okay? Z t\u00fdchto ot\u00e1zok vych\u00e1dza n\u00e1\u0161 \u010fal\u0161\u00ed hos\u0165, rak\u00fasky projekt IS OK IT? , v ktorom dizajn\u00e9ri Lena Beigel, Tobias Lugmeier a Georg Sampl uva\u017euj\u00fa nad rolou a potenci\u00e1lom svojej gener\u00e1cie. \u010comu by mal dnes dizajn sl\u00fa\u017ei\u0165? Ktor\u00e9 t\u00e9my m\u00e1 otv\u00e1ra\u0165? \u010co potrebuje na\u0161a spolo\u010dnos\u0165 a na\u0161e [&hellip;]<\/p>","protected":false},"author":2,"featured_media":15570,"comment_status":"closed","ping_status":"closed","sticky":false,"template":"","format":"standard","meta":{"footnotes":""},"categories":[906,900,786],"tags":[],"_links":{"self":[{"href":"https:\/\/www.bratislavadesignweek.sk\/en\/wp-json\/wp\/v2\/posts\/15549"}],"collection":[{"href":"https:\/\/www.bratislavadesignweek.sk\/en\/wp-json\/wp\/v2\/posts"}],"about":[{"href":"https:\/\/www.bratislavadesignweek.sk\/en\/wp-json\/wp\/v2\/types\/post"}],"author":[{"embeddable":true,"href":"https:\/\/www.bratislavadesignweek.sk\/en\/wp-json\/wp\/v2\/users\/2"}],"replies":[{"embeddable":true,"href":"https:\/\/www.bratislavadesignweek.sk\/en\/wp-json\/wp\/v2\/comments?post=15549"}],"version-history":[{"count":1,"href":"https:\/\/www.bratislavadesignweek.sk\/en\/wp-json\/wp\/v2\/posts\/15549\/revisions"}],"predecessor-version":[{"id":15553,"href":"https:\/\/www.bratislavadesignweek.sk\/en\/wp-json\/wp\/v2\/posts\/15549\/revisions\/15553"}],"wp:featuredmedia":[{"embeddable":true,"href":"https:\/\/www.bratislavadesignweek.sk\/en\/wp-json\/wp\/v2\/media\/15570"}],"wp:attachment":[{"href":"https:\/\/www.bratislavadesignweek.sk\/en\/wp-json\/wp\/v2\/media?parent=15549"}],"wp:term":[{"taxonomy":"category","embeddable":true,"href":"https:\/\/www.bratislavadesignweek.sk\/en\/wp-json\/wp\/v2\/categories?post=15549"},{"taxonomy":"post_tag","embeddable":true,"href":"https:\/\/www.bratislavadesignweek.sk\/en\/wp-json\/wp\/v2\/tags?post=15549"}],"curies":[{"name":"wp","href":"https:\/\/api.w.org\/{rel}","templated":true}]}}