{"id":15556,"date":"2025-09-13T08:36:22","date_gmt":"2025-09-13T06:36:22","guid":{"rendered":"https:\/\/www.bratislavadesignweek.sk\/?p=15556"},"modified":"2025-09-19T21:36:08","modified_gmt":"2025-09-19T19:36:08","slug":"hlavny-host-cinema-parentesi","status":"publish","type":"post","link":"https:\/\/www.bratislavadesignweek.sk\/en\/hlavny-host-cinema-parentesi\/","title":{"rendered":"Main guest: Cinema Parentesi"},"content":{"rendered":"<p>Hlavn\u00fdm hos\u0165om Bratislava Design Week je tento rok medzin\u00e1rodn\u00fd projekt @cinemaparentesi (IT), ktor\u00fd vytv\u00e1raj\u00fa dizajn\u00e9ri, architekti a umelci.<\/p>\n\n\n\n<p>Projekt sa pohybuje na priese\u010dn\u00edku sc\u00e9nografie a kur\u00e1torstva pohybliv\u00e9ho obrazu.Vytv\u00e1ra priestorov\u00e9 in\u0161tal\u00e1cie, ktor\u00e9 pretv\u00e1raj\u00fa sp\u00f4sob, ak\u00fdm div\u00e1k za\u017e\u00edva kino \u2013 od kolekt\u00edvneho sledovania a\u017e po experiment\u00e1lne formy projekcie. Dizajn tu funguje ako transverz\u00e1lna discipl\u00edna: sp\u00e1ja architekt\u00faru, vizu\u00e1lne umenie a film, aby otvoril nov\u00e9 dial\u00f3gy medzi priestorom a obrazom. Projekt tak sk\u00fama nielen filmy samotn\u00e9, ale aj to, ako a kde sa premietaj\u00fa, a pretv\u00e1ra kinematografick\u00fd z\u00e1\u017eitok do podoby umeleckej situ\u00e1cie.<\/p>\n\n\n\n<figure class=\"wp-block-gallery has-nested-images columns-default is-cropped wp-block-gallery-1 is-layout-flex wp-block-gallery-is-layout-flex\">\n<figure class=\"wp-block-image size-large\"><a href=\"https:\/\/www.bratislavadesignweek.sk\/wp-content\/uploads\/2025\/09\/544038331_18421615291100278_5261818826722144888_n.jpg\"><img fetchpriority=\"high\" decoding=\"async\" width=\"819\" height=\"1024\" data-id=\"15557\" src=\"https:\/\/www.bratislavadesignweek.sk\/wp-content\/uploads\/2025\/09\/544038331_18421615291100278_5261818826722144888_n-819x1024.jpg\" alt=\"\" class=\"wp-image-15557\" srcset=\"https:\/\/www.bratislavadesignweek.sk\/wp-content\/uploads\/2025\/09\/544038331_18421615291100278_5261818826722144888_n-819x1024.jpg 819w, https:\/\/www.bratislavadesignweek.sk\/wp-content\/uploads\/2025\/09\/544038331_18421615291100278_5261818826722144888_n-240x300.jpg 240w, https:\/\/www.bratislavadesignweek.sk\/wp-content\/uploads\/2025\/09\/544038331_18421615291100278_5261818826722144888_n-768x960.jpg 768w, https:\/\/www.bratislavadesignweek.sk\/wp-content\/uploads\/2025\/09\/544038331_18421615291100278_5261818826722144888_n-10x12.jpg 10w, https:\/\/www.bratislavadesignweek.sk\/wp-content\/uploads\/2025\/09\/544038331_18421615291100278_5261818826722144888_n.jpg 1080w\" sizes=\"(max-width: 819px) 100vw, 819px\" \/><\/a><\/figure>\n<\/figure>","protected":false},"excerpt":{"rendered":"<p>Hlavn\u00fdm hos\u0165om Bratislava Design Week je tento rok medzin\u00e1rodn\u00fd projekt @cinemaparentesi (IT), ktor\u00fd vytv\u00e1raj\u00fa dizajn\u00e9ri, architekti a umelci. Projekt sa pohybuje na priese\u010dn\u00edku sc\u00e9nografie a kur\u00e1torstva pohybliv\u00e9ho obrazu.Vytv\u00e1ra priestorov\u00e9 in\u0161tal\u00e1cie, ktor\u00e9 pretv\u00e1raj\u00fa sp\u00f4sob, ak\u00fdm div\u00e1k za\u017e\u00edva kino \u2013 od kolekt\u00edvneho sledovania a\u017e po experiment\u00e1lne formy projekcie. Dizajn tu funguje ako transverz\u00e1lna discipl\u00edna: sp\u00e1ja architekt\u00faru, vizu\u00e1lne [&hellip;]<\/p>","protected":false},"author":2,"featured_media":15571,"comment_status":"closed","ping_status":"closed","sticky":false,"template":"","format":"standard","meta":{"footnotes":""},"categories":[906,900,786],"tags":[],"_links":{"self":[{"href":"https:\/\/www.bratislavadesignweek.sk\/en\/wp-json\/wp\/v2\/posts\/15556"}],"collection":[{"href":"https:\/\/www.bratislavadesignweek.sk\/en\/wp-json\/wp\/v2\/posts"}],"about":[{"href":"https:\/\/www.bratislavadesignweek.sk\/en\/wp-json\/wp\/v2\/types\/post"}],"author":[{"embeddable":true,"href":"https:\/\/www.bratislavadesignweek.sk\/en\/wp-json\/wp\/v2\/users\/2"}],"replies":[{"embeddable":true,"href":"https:\/\/www.bratislavadesignweek.sk\/en\/wp-json\/wp\/v2\/comments?post=15556"}],"version-history":[{"count":1,"href":"https:\/\/www.bratislavadesignweek.sk\/en\/wp-json\/wp\/v2\/posts\/15556\/revisions"}],"predecessor-version":[{"id":15560,"href":"https:\/\/www.bratislavadesignweek.sk\/en\/wp-json\/wp\/v2\/posts\/15556\/revisions\/15560"}],"wp:featuredmedia":[{"embeddable":true,"href":"https:\/\/www.bratislavadesignweek.sk\/en\/wp-json\/wp\/v2\/media\/15571"}],"wp:attachment":[{"href":"https:\/\/www.bratislavadesignweek.sk\/en\/wp-json\/wp\/v2\/media?parent=15556"}],"wp:term":[{"taxonomy":"category","embeddable":true,"href":"https:\/\/www.bratislavadesignweek.sk\/en\/wp-json\/wp\/v2\/categories?post=15556"},{"taxonomy":"post_tag","embeddable":true,"href":"https:\/\/www.bratislavadesignweek.sk\/en\/wp-json\/wp\/v2\/tags?post=15556"}],"curies":[{"name":"wp","href":"https:\/\/api.w.org\/{rel}","templated":true}]}}