{"id":15701,"date":"2025-09-13T11:12:12","date_gmt":"2025-09-13T09:12:12","guid":{"rendered":"https:\/\/www.bratislavadesignweek.sk\/?p=15701"},"modified":"2025-09-19T21:11:19","modified_gmt":"2025-09-19T19:11:19","slug":"grand-hotel-maros-gres-rozpravajuce-artefakty","status":"publish","type":"post","link":"https:\/\/www.bratislavadesignweek.sk\/en\/grand-hotel-maros-gres-rozpravajuce-artefakty\/","title":{"rendered":"GRAND HOTEL | MARO\u0160 GRE\u0160 \/ ROZPR\u00c1VAJ\u00daCE ARTEFAKTY"},"content":{"rendered":"<p>Interpret\u00e1cia ornamentu sa storo\u010diami pretavila z vizu\u00e1lnej podoby do podoby kvality n\u00e1vrhu a materi\u00e1lu, jeho presnosti a prec\u00edznosti. Ornament sa postupne str\u00e1ca, prest\u00e1va sa pou\u017e\u00edva\u0165, pejorativizuje. Nastal \u010das preveri\u0165 jeho schopnos\u0165 adaptova\u0165 sa s\u00fa\u010dasn\u00e9mu svetu?<\/p>\n\n\n\n<p>Na\u0161a gener\u00e1cia vyrastala v dobe posledn\u00fdch ve\u013ek\u00fdch s\u00e9ri\u00ed a zost\u00e1v, modelovan\u00fdch v lok\u00e1lnom dizajne a v\u00fdraze. Vtla\u010dili do n\u00e1s siln\u00e9 vplyvy hmoty, \u0161trukt\u00fary, odlesku a farby. Tento interi\u00e9r postupom \u010dasu mizne, jeho v\u00fdskyt sa redukuje, slabne. Ob\u00fdvame priestory v obklopen\u00ed nov\u00fdch a zdeden\u00fdch predmetov. Zost\u00e1vaj\u00fa u\u017e len posledn\u00e9 fragmenty hmoty, ktor\u00e9 n\u00e1m niekto zanechal. \u010cist\u00e9 plochy, jednoduch\u00e9 l\u00ednie, klamliv\u00e9 materi\u00e1ly, r\u00fdchlo a lacno, s okam\u017eitou zmenou a to hne\u010f! Kam n\u00e1s pos\u00fava vypr\u00e1zdnen\u00fd re\u0165azcov\u00fd v\u00fdraz objektov, ktor\u00fdmi sa dennodenne obklopujeme? M\u00e1 n\u00e1s na\u0161e umel\u00e9 prostredie kultivova\u0165 svojou kvalitou? Globaliz\u00e1cia pretv\u00e1ra na\u0161e interi\u00e9ry v rovnak\u00e9 homog\u00e9nne univerz\u00e1, ktor\u00e9 vieme kdeko\u013evek na svete zopakova\u0165. Nepotrebujeme opusti\u0165 interi\u00e9r na to, aby sme pre\u017eili, sta\u010d\u00ed, \u017ee sa dot\u00fdkame, skrolujeme, stl\u00e1\u010dame. Sme \u010diasto\u010dne v neust\u00e1lej mobiliz\u00e1cii, \u010do ak: vojna, \u010fal\u0161ia vlna pand\u00e9mie, ekologick\u00e1 a finan\u010dn\u00e1 kr\u00edza.<\/p>\n\n\n\n<p>V\u0161etko toto ornament vp\u00edja. Op\u00e4\u0165 zanech\u00e1va svoju stopu. Kombinuje vlastn\u00e9 dejinn\u00e9 formy a h\u013ead\u00e1 svoj s\u00fa\u010dasn\u00fd v\u00fdraz. Pohlcuje a obrast\u00e1 \u010dist\u00e9 plochy, st\u00e1va sa dynamick\u00fdm. Nezobrazuje len bohatstvo a silu, ukazuje aj na\u0161u slabos\u0165 a tr\u00e1penie. V projekte odha\u013euje svoje r\u00f4zne polohy, r\u00f4zne \u010ditate\u013enosti. Smerom dovn\u00fatra sa st\u00e1va konkr\u00e9tnej\u0161\u00edm. Formou skice, intarzie a reli\u00e9fu rozpr\u00e1va pr\u00edbeh v troch artefaktoch. Rozv\u00edja dobou aktualizovan\u00e9 spolo\u010densk\u00e9 t\u00e9my odpo\u010dinku, rozhovoru a sebarozvoja.<\/p>\n\n\n\n<p>Lavica ako predmet odpo\u010dinku, st\u00f4l rozv\u00edjaj\u00faci rozhovor a otv\u00e1raj\u00faca sa skrinka naplnen\u00e1 predmetmi individu\u00e1lnej d\u00f4le\u017eitosti.<\/p>\n\n\n\n<figure class=\"wp-block-gallery has-nested-images columns-default is-cropped wp-block-gallery-1 is-layout-flex wp-block-gallery-is-layout-flex\">\n<figure class=\"wp-block-image size-large\"><a href=\"https:\/\/www.bratislavadesignweek.sk\/wp-content\/uploads\/2025\/09\/maros-gres-2.jpg\"><img fetchpriority=\"high\" decoding=\"async\" width=\"768\" height=\"1024\" data-id=\"15703\" src=\"https:\/\/www.bratislavadesignweek.sk\/wp-content\/uploads\/2025\/09\/maros-gres-2-768x1024.jpg\" alt=\"\" class=\"wp-image-15703\" srcset=\"https:\/\/www.bratislavadesignweek.sk\/wp-content\/uploads\/2025\/09\/maros-gres-2-768x1024.jpg 768w, https:\/\/www.bratislavadesignweek.sk\/wp-content\/uploads\/2025\/09\/maros-gres-2-225x300.jpg 225w, https:\/\/www.bratislavadesignweek.sk\/wp-content\/uploads\/2025\/09\/maros-gres-2-1152x1536.jpg 1152w, https:\/\/www.bratislavadesignweek.sk\/wp-content\/uploads\/2025\/09\/maros-gres-2-9x12.jpg 9w, https:\/\/www.bratislavadesignweek.sk\/wp-content\/uploads\/2025\/09\/maros-gres-2.jpg 1440w\" sizes=\"(max-width: 768px) 100vw, 768px\" \/><\/a><\/figure>\n\n\n\n<figure class=\"wp-block-image size-large\"><a href=\"https:\/\/www.bratislavadesignweek.sk\/wp-content\/uploads\/2025\/09\/maros-gres-3.jpg\"><img decoding=\"async\" width=\"1024\" height=\"683\" data-id=\"15704\" src=\"https:\/\/www.bratislavadesignweek.sk\/wp-content\/uploads\/2025\/09\/maros-gres-3-1024x683.jpg\" alt=\"\" class=\"wp-image-15704\" srcset=\"https:\/\/www.bratislavadesignweek.sk\/wp-content\/uploads\/2025\/09\/maros-gres-3-1024x683.jpg 1024w, https:\/\/www.bratislavadesignweek.sk\/wp-content\/uploads\/2025\/09\/maros-gres-3-300x200.jpg 300w, https:\/\/www.bratislavadesignweek.sk\/wp-content\/uploads\/2025\/09\/maros-gres-3-768x512.jpg 768w, https:\/\/www.bratislavadesignweek.sk\/wp-content\/uploads\/2025\/09\/maros-gres-3-1536x1024.jpg 1536w, https:\/\/www.bratislavadesignweek.sk\/wp-content\/uploads\/2025\/09\/maros-gres-3-18x12.jpg 18w, https:\/\/www.bratislavadesignweek.sk\/wp-content\/uploads\/2025\/09\/maros-gres-3.jpg 1920w\" sizes=\"(max-width: 1024px) 100vw, 1024px\" \/><\/a><\/figure>\n\n\n\n<figure class=\"wp-block-image size-large\"><a href=\"https:\/\/www.bratislavadesignweek.sk\/wp-content\/uploads\/2025\/09\/maros-gres-4.jpg\"><img decoding=\"async\" width=\"1024\" height=\"1024\" data-id=\"15702\" src=\"https:\/\/www.bratislavadesignweek.sk\/wp-content\/uploads\/2025\/09\/maros-gres-4-1024x1024.jpg\" alt=\"\" class=\"wp-image-15702\" srcset=\"https:\/\/www.bratislavadesignweek.sk\/wp-content\/uploads\/2025\/09\/maros-gres-4-1024x1024.jpg 1024w, https:\/\/www.bratislavadesignweek.sk\/wp-content\/uploads\/2025\/09\/maros-gres-4-300x300.jpg 300w, https:\/\/www.bratislavadesignweek.sk\/wp-content\/uploads\/2025\/09\/maros-gres-4-150x150.jpg 150w, https:\/\/www.bratislavadesignweek.sk\/wp-content\/uploads\/2025\/09\/maros-gres-4-768x768.jpg 768w, https:\/\/www.bratislavadesignweek.sk\/wp-content\/uploads\/2025\/09\/maros-gres-4-1536x1536.jpg 1536w, https:\/\/www.bratislavadesignweek.sk\/wp-content\/uploads\/2025\/09\/maros-gres-4-12x12.jpg 12w, https:\/\/www.bratislavadesignweek.sk\/wp-content\/uploads\/2025\/09\/maros-gres-4.jpg 1920w\" sizes=\"(max-width: 1024px) 100vw, 1024px\" \/><\/a><\/figure>\n<\/figure>","protected":false},"excerpt":{"rendered":"<p>Interpret\u00e1cia ornamentu sa storo\u010diami pretavila z vizu\u00e1lnej podoby do podoby kvality n\u00e1vrhu a materi\u00e1lu, jeho presnosti a prec\u00edznosti. Ornament sa postupne str\u00e1ca, prest\u00e1va sa pou\u017e\u00edva\u0165, pejorativizuje. Nastal \u010das preveri\u0165 jeho schopnos\u0165 adaptova\u0165 sa s\u00fa\u010dasn\u00e9mu svetu? Na\u0161a gener\u00e1cia vyrastala v dobe posledn\u00fdch ve\u013ek\u00fdch s\u00e9ri\u00ed a zost\u00e1v, modelovan\u00fdch v lok\u00e1lnom dizajne a v\u00fdraze. Vtla\u010dili do n\u00e1s siln\u00e9 [&hellip;]<\/p>","protected":false},"author":2,"featured_media":15705,"comment_status":"closed","ping_status":"closed","sticky":false,"template":"","format":"standard","meta":{"footnotes":""},"categories":[909,900,786],"tags":[],"_links":{"self":[{"href":"https:\/\/www.bratislavadesignweek.sk\/en\/wp-json\/wp\/v2\/posts\/15701"}],"collection":[{"href":"https:\/\/www.bratislavadesignweek.sk\/en\/wp-json\/wp\/v2\/posts"}],"about":[{"href":"https:\/\/www.bratislavadesignweek.sk\/en\/wp-json\/wp\/v2\/types\/post"}],"author":[{"embeddable":true,"href":"https:\/\/www.bratislavadesignweek.sk\/en\/wp-json\/wp\/v2\/users\/2"}],"replies":[{"embeddable":true,"href":"https:\/\/www.bratislavadesignweek.sk\/en\/wp-json\/wp\/v2\/comments?post=15701"}],"version-history":[{"count":1,"href":"https:\/\/www.bratislavadesignweek.sk\/en\/wp-json\/wp\/v2\/posts\/15701\/revisions"}],"predecessor-version":[{"id":15708,"href":"https:\/\/www.bratislavadesignweek.sk\/en\/wp-json\/wp\/v2\/posts\/15701\/revisions\/15708"}],"wp:featuredmedia":[{"embeddable":true,"href":"https:\/\/www.bratislavadesignweek.sk\/en\/wp-json\/wp\/v2\/media\/15705"}],"wp:attachment":[{"href":"https:\/\/www.bratislavadesignweek.sk\/en\/wp-json\/wp\/v2\/media?parent=15701"}],"wp:term":[{"taxonomy":"category","embeddable":true,"href":"https:\/\/www.bratislavadesignweek.sk\/en\/wp-json\/wp\/v2\/categories?post=15701"},{"taxonomy":"post_tag","embeddable":true,"href":"https:\/\/www.bratislavadesignweek.sk\/en\/wp-json\/wp\/v2\/tags?post=15701"}],"curies":[{"name":"wp","href":"https:\/\/api.w.org\/{rel}","templated":true}]}}