{"id":15728,"date":"2025-09-13T11:24:39","date_gmt":"2025-09-13T09:24:39","guid":{"rendered":"https:\/\/www.bratislavadesignweek.sk\/?p=15728"},"modified":"2025-09-19T21:26:50","modified_gmt":"2025-09-19T19:26:50","slug":"open-call-school-area-alexandra-kusa-soft-rebel-kit","status":"publish","type":"post","link":"https:\/\/www.bratislavadesignweek.sk\/en\/open-call-school-area-alexandra-kusa-soft-rebel-kit\/","title":{"rendered":"OPEN CALL\/ SCHOOL AREA \/ ALEXANDRA KUS\u00c1: SOFT REBEL KIT"},"content":{"rendered":"<p>Soft Rebel Kit vych\u00e1dza z osobnej sk\u00fasenosti detstva formovan\u00e9ho racionalitou, kontrolou a estetick\u00fdm minimalizmom. Vyrastanie v prostred\u00ed bez spont\u00e1nnej hry, zmyslov\u00fdch podnetov a emocion\u00e1lneho vyjadrenia viedlo k pre\u017e\u00edvaniu tzv. \u201ebielej emocionality\u201c \u2013 potla\u010denej, no vn\u00fatorne intenz\u00edvnej citlivosti.<br><br>Tento introspekt\u00edvny r\u00e1mec sa roz\u0161iruje na \u0161ir\u0161\u00ed spolo\u010densk\u00fd kontext, v ktorom detstvo \u010doraz viac ovplyv\u0148uj\u00fa technologick\u00e9 m\u00e9di\u00e1. Digitaliz\u00e1cia nahr\u00e1dza detstvo, fyzick\u00fa interakciu a zmyslov\u00e9 objavovanie, \u010d\u00edm doch\u00e1dza k strate hravosti, spont\u00e1nnosti a tvoriv\u00e9ho procesu.<br><br>Projekt tematizuje tich\u00fd odpor \u2013 soft rebel \u2013 ako strat\u00e9giu prepisovania funk\u010dn\u00fdch, technick\u00fdch a racion\u00e1lnych \u0161trukt\u00far do form\u00e1tov, ktor\u00e9 sa formou vracaj\u00fa k subjekt\u00edvnosti, pam\u00e4ti a zmyslovosti. N\u00e1vody, objekty a materi\u00e1ly sa st\u00e1vaj\u00fa nosite\u013emi int\u00edmneho v\u00fdznamu, redefinuj\u00fac hranice medzi funkciou a hrou, kontrolou a citlivos\u0165ou, detstvom a dospelos\u0165ou.<\/p>\n\n\n\n<figure class=\"wp-block-gallery has-nested-images columns-default is-cropped wp-block-gallery-1 is-layout-flex wp-block-gallery-is-layout-flex\">\n<figure class=\"wp-block-image size-large\"><a href=\"https:\/\/www.bratislavadesignweek.sk\/wp-content\/uploads\/2025\/09\/Alexandra-Kusa_3.jpg\"><img fetchpriority=\"high\" decoding=\"async\" width=\"1024\" height=\"683\" data-id=\"15729\" src=\"https:\/\/www.bratislavadesignweek.sk\/wp-content\/uploads\/2025\/09\/Alexandra-Kusa_3-1024x683.jpg\" alt=\"\" class=\"wp-image-15729\" srcset=\"https:\/\/www.bratislavadesignweek.sk\/wp-content\/uploads\/2025\/09\/Alexandra-Kusa_3-1024x683.jpg 1024w, https:\/\/www.bratislavadesignweek.sk\/wp-content\/uploads\/2025\/09\/Alexandra-Kusa_3-300x200.jpg 300w, https:\/\/www.bratislavadesignweek.sk\/wp-content\/uploads\/2025\/09\/Alexandra-Kusa_3-768x512.jpg 768w, https:\/\/www.bratislavadesignweek.sk\/wp-content\/uploads\/2025\/09\/Alexandra-Kusa_3-1536x1024.jpg 1536w, https:\/\/www.bratislavadesignweek.sk\/wp-content\/uploads\/2025\/09\/Alexandra-Kusa_3-2048x1366.jpg 2048w, https:\/\/www.bratislavadesignweek.sk\/wp-content\/uploads\/2025\/09\/Alexandra-Kusa_3-18x12.jpg 18w\" sizes=\"(max-width: 1024px) 100vw, 1024px\" \/><\/a><\/figure>\n<\/figure>","protected":false},"excerpt":{"rendered":"<p>Soft Rebel Kit vych\u00e1dza z osobnej sk\u00fasenosti detstva formovan\u00e9ho racionalitou, kontrolou a estetick\u00fdm minimalizmom. Vyrastanie v prostred\u00ed bez spont\u00e1nnej hry, zmyslov\u00fdch podnetov a emocion\u00e1lneho vyjadrenia viedlo k pre\u017e\u00edvaniu tzv. \u201ebielej emocionality\u201c \u2013 potla\u010denej, no vn\u00fatorne intenz\u00edvnej citlivosti. Tento introspekt\u00edvny r\u00e1mec sa roz\u0161iruje na \u0161ir\u0161\u00ed spolo\u010densk\u00fd kontext, v ktorom detstvo \u010doraz viac ovplyv\u0148uj\u00fa technologick\u00e9 m\u00e9di\u00e1. Digitaliz\u00e1cia [&hellip;]<\/p>","protected":false},"author":2,"featured_media":15730,"comment_status":"closed","ping_status":"closed","sticky":false,"template":"","format":"standard","meta":{"footnotes":""},"categories":[900,908,786],"tags":[],"_links":{"self":[{"href":"https:\/\/www.bratislavadesignweek.sk\/en\/wp-json\/wp\/v2\/posts\/15728"}],"collection":[{"href":"https:\/\/www.bratislavadesignweek.sk\/en\/wp-json\/wp\/v2\/posts"}],"about":[{"href":"https:\/\/www.bratislavadesignweek.sk\/en\/wp-json\/wp\/v2\/types\/post"}],"author":[{"embeddable":true,"href":"https:\/\/www.bratislavadesignweek.sk\/en\/wp-json\/wp\/v2\/users\/2"}],"replies":[{"embeddable":true,"href":"https:\/\/www.bratislavadesignweek.sk\/en\/wp-json\/wp\/v2\/comments?post=15728"}],"version-history":[{"count":1,"href":"https:\/\/www.bratislavadesignweek.sk\/en\/wp-json\/wp\/v2\/posts\/15728\/revisions"}],"predecessor-version":[{"id":15733,"href":"https:\/\/www.bratislavadesignweek.sk\/en\/wp-json\/wp\/v2\/posts\/15728\/revisions\/15733"}],"wp:featuredmedia":[{"embeddable":true,"href":"https:\/\/www.bratislavadesignweek.sk\/en\/wp-json\/wp\/v2\/media\/15730"}],"wp:attachment":[{"href":"https:\/\/www.bratislavadesignweek.sk\/en\/wp-json\/wp\/v2\/media?parent=15728"}],"wp:term":[{"taxonomy":"category","embeddable":true,"href":"https:\/\/www.bratislavadesignweek.sk\/en\/wp-json\/wp\/v2\/categories?post=15728"},{"taxonomy":"post_tag","embeddable":true,"href":"https:\/\/www.bratislavadesignweek.sk\/en\/wp-json\/wp\/v2\/tags?post=15728"}],"curies":[{"name":"wp","href":"https:\/\/api.w.org\/{rel}","templated":true}]}}