{"id":15752,"date":"2025-09-13T11:31:22","date_gmt":"2025-09-13T09:31:22","guid":{"rendered":"https:\/\/www.bratislavadesignweek.sk\/?p=15752"},"modified":"2025-09-19T21:26:25","modified_gmt":"2025-09-19T19:26:25","slug":"open-call-dizajn-lab-katarina-komara-kalia-kaleido","status":"publish","type":"post","link":"https:\/\/www.bratislavadesignweek.sk\/en\/open-call-dizajn-lab-katarina-komara-kalia-kaleido\/","title":{"rendered":"OPEN CALL \/ DESIGN LAB \/ KATAR\u00cdNA KOMARA: KALIA KALEIDO"},"content":{"rendered":"<p>Terapeutick\u00e1 pom\u00f4cka, z\u00e1\u017eitkov\u00e1 hra\u010dka, ale aj p\u00f4sobiv\u00fd estetick\u00fd z\u00e1\u017eitok. Interakt\u00edvny objekt Kalia vych\u00e1dza z princ\u00edpu kaleidoskopu, ktor\u00fd je prepracovan\u00fd na rota\u010dn\u00fd objekt \u2013<\/p>\n\n\n\n<p>kaleidoskopick\u00e9 obrazce vznikaj\u00fa v priezore objektu pohybom cel\u00e9ho telesa. Nezost\u00e1vaj\u00fa v\u0161ak uzamknut\u00e9 vo vn\u00fatri, pomocou vn\u00fatornej kamery a\u00a0vonkaj\u0161ieho projektoru sa premietaj\u00fa aj na objekt samotn\u00fd. U\u017e\u00edvatelia s\u00fa tak obklopen\u00ed projekciou farebn\u00fdch ornamentov, ktor\u00e9 pr\u00e1cou s telesom osobne vytv\u00e1raj\u00fa. Div\u00e1k nie je pas\u00edvny, ale st\u00e1va sa s\u00fa\u010das\u0165ou vizu\u00e1lnej kompoz\u00edcie a diela samotn\u00e9ho. Obrazce, ktor\u00e9 pr\u00e1cou s objektom vznikaj\u00fa, p\u00f4sobia harmonicky a maj\u00fa upokojuj\u00faci \u00fa\u010dinok. Koncept diela je in\u0161pirovan\u00fd relaxa\u010dn\u00fdm a terapeutick\u00fdm pr\u00edstupom \u201esnoezelen\u201c. Ten sa okrem in\u00e9ho vyu\u017e\u00edva pri pr\u00e1ci s\u00a0\u013eu\u010fmi s \u0165a\u017ek\u00fdm zdravotn\u00fdm postihnut\u00edm, vyvol\u00e1va pocity bezpe\u010dia, pohody a z\u00e1rove\u0148 podnecuje k sk\u00famaniu a aktivite.<\/p>\n\n\n\n<figure class=\"wp-block-gallery has-nested-images columns-default is-cropped wp-block-gallery-1 is-layout-flex wp-block-gallery-is-layout-flex\">\n<figure class=\"wp-block-image size-large\"><a href=\"https:\/\/www.bratislavadesignweek.sk\/wp-content\/uploads\/2025\/09\/katarina-komara.jpg\"><img fetchpriority=\"high\" decoding=\"async\" width=\"1024\" height=\"683\" data-id=\"15753\" src=\"https:\/\/www.bratislavadesignweek.sk\/wp-content\/uploads\/2025\/09\/katarina-komara-1024x683.jpg\" alt=\"\" class=\"wp-image-15753\" srcset=\"https:\/\/www.bratislavadesignweek.sk\/wp-content\/uploads\/2025\/09\/katarina-komara-1024x683.jpg 1024w, https:\/\/www.bratislavadesignweek.sk\/wp-content\/uploads\/2025\/09\/katarina-komara-300x200.jpg 300w, https:\/\/www.bratislavadesignweek.sk\/wp-content\/uploads\/2025\/09\/katarina-komara-768x512.jpg 768w, https:\/\/www.bratislavadesignweek.sk\/wp-content\/uploads\/2025\/09\/katarina-komara-1536x1024.jpg 1536w, https:\/\/www.bratislavadesignweek.sk\/wp-content\/uploads\/2025\/09\/katarina-komara-2048x1366.jpg 2048w, https:\/\/www.bratislavadesignweek.sk\/wp-content\/uploads\/2025\/09\/katarina-komara-18x12.jpg 18w\" sizes=\"(max-width: 1024px) 100vw, 1024px\" \/><\/a><\/figure>\n<\/figure>","protected":false},"excerpt":{"rendered":"<p>A therapeutic aid, an experiential toy, but also an impressive aesthetic experience. The interactive object Kalia is based on the principle of the kaleidoscope, which is reworked into a rotating object - kaleidoscopic patterns are created in the object's visor by the movement of the whole body. However, they do not remain locked inside, they are also projected onto the object itself with the help of an internal camera and an external projector. Users are thus surrounded by a projection of coloured ornaments, [...]<\/p>","protected":false},"author":2,"featured_media":15754,"comment_status":"closed","ping_status":"closed","sticky":false,"template":"","format":"standard","meta":{"footnotes":""},"categories":[900,908,786],"tags":[],"_links":{"self":[{"href":"https:\/\/www.bratislavadesignweek.sk\/en\/wp-json\/wp\/v2\/posts\/15752"}],"collection":[{"href":"https:\/\/www.bratislavadesignweek.sk\/en\/wp-json\/wp\/v2\/posts"}],"about":[{"href":"https:\/\/www.bratislavadesignweek.sk\/en\/wp-json\/wp\/v2\/types\/post"}],"author":[{"embeddable":true,"href":"https:\/\/www.bratislavadesignweek.sk\/en\/wp-json\/wp\/v2\/users\/2"}],"replies":[{"embeddable":true,"href":"https:\/\/www.bratislavadesignweek.sk\/en\/wp-json\/wp\/v2\/comments?post=15752"}],"version-history":[{"count":1,"href":"https:\/\/www.bratislavadesignweek.sk\/en\/wp-json\/wp\/v2\/posts\/15752\/revisions"}],"predecessor-version":[{"id":15757,"href":"https:\/\/www.bratislavadesignweek.sk\/en\/wp-json\/wp\/v2\/posts\/15752\/revisions\/15757"}],"wp:featuredmedia":[{"embeddable":true,"href":"https:\/\/www.bratislavadesignweek.sk\/en\/wp-json\/wp\/v2\/media\/15754"}],"wp:attachment":[{"href":"https:\/\/www.bratislavadesignweek.sk\/en\/wp-json\/wp\/v2\/media?parent=15752"}],"wp:term":[{"taxonomy":"category","embeddable":true,"href":"https:\/\/www.bratislavadesignweek.sk\/en\/wp-json\/wp\/v2\/categories?post=15752"},{"taxonomy":"post_tag","embeddable":true,"href":"https:\/\/www.bratislavadesignweek.sk\/en\/wp-json\/wp\/v2\/tags?post=15752"}],"curies":[{"name":"wp","href":"https:\/\/api.w.org\/{rel}","templated":true}]}}