{"id":15789,"date":"2025-09-13T11:40:22","date_gmt":"2025-09-13T09:40:22","guid":{"rendered":"https:\/\/www.bratislavadesignweek.sk\/?p=15789"},"modified":"2025-09-19T21:25:49","modified_gmt":"2025-09-19T19:25:49","slug":"open-call-school-area-veronika-majercikova-hominem","status":"publish","type":"post","link":"https:\/\/www.bratislavadesignweek.sk\/en\/open-call-school-area-veronika-majercikova-hominem\/","title":{"rendered":"OPEN CALL \/ SCHOOL AREA \/ VERONIKA MAJER\u010c\u00cdKOV\u00c1: HOMINEM"},"content":{"rendered":"<p>Telo a du\u0161a. Je to jeden symbiotick\u00fd organizmus alebo s\u00fa to dve oddelen\u00e9 samostatn\u00e9 entity, ktor\u00e9 sa ocitli vo vz\u00e1jomnom prepojen\u00ed? Tak \u010di onak, nast\u00e1va tam ur\u010dit\u00e1 dynamika. T\u00fato dynamiku by sme mohli nazva\u0165 \u201cby\u0165 \u010dlovekom\u201d.<\/p>\n\n\n\n<p><br>V projekte Hominem autorka vytvorila exoskelet prostredn\u00edctvom, ktor\u00e9ho sa sna\u017e\u00ed sprostredkova\u0165 z\u00e1\u017eitok toho \u201cby\u0165 \u010dlovekom\u201d, za\u017ei\u0165 si a navn\u00edma\u0165 svoje telo znova akoby po prv\u00fdkr\u00e1t.<\/p>\n\n\n\n<figure class=\"wp-block-gallery has-nested-images columns-default is-cropped wp-block-gallery-1 is-layout-flex wp-block-gallery-is-layout-flex\">\n<figure class=\"wp-block-image size-large\"><a href=\"https:\/\/www.bratislavadesignweek.sk\/wp-content\/uploads\/2025\/09\/veronika-majercikova.jpg\"><img fetchpriority=\"high\" decoding=\"async\" width=\"1024\" height=\"683\" data-id=\"15790\" src=\"https:\/\/www.bratislavadesignweek.sk\/wp-content\/uploads\/2025\/09\/veronika-majercikova-1024x683.jpg\" alt=\"\" class=\"wp-image-15790\" srcset=\"https:\/\/www.bratislavadesignweek.sk\/wp-content\/uploads\/2025\/09\/veronika-majercikova-1024x683.jpg 1024w, https:\/\/www.bratislavadesignweek.sk\/wp-content\/uploads\/2025\/09\/veronika-majercikova-300x200.jpg 300w, https:\/\/www.bratislavadesignweek.sk\/wp-content\/uploads\/2025\/09\/veronika-majercikova-768x512.jpg 768w, https:\/\/www.bratislavadesignweek.sk\/wp-content\/uploads\/2025\/09\/veronika-majercikova-1536x1024.jpg 1536w, https:\/\/www.bratislavadesignweek.sk\/wp-content\/uploads\/2025\/09\/veronika-majercikova-2048x1366.jpg 2048w, https:\/\/www.bratislavadesignweek.sk\/wp-content\/uploads\/2025\/09\/veronika-majercikova-18x12.jpg 18w\" sizes=\"(max-width: 1024px) 100vw, 1024px\" \/><\/a><\/figure>\n<\/figure>","protected":false},"excerpt":{"rendered":"<p>Body and soul. Is it one symbiotic organism or are they two separate entities that find themselves interconnected? Either way, there is a dynamic going on. We might call this dynamic \"being human.\" In the Hominem project, the artist has created an exoskeleton through which she tries to convey the experience of \"being human\", of [...]<\/p>","protected":false},"author":2,"featured_media":15791,"comment_status":"closed","ping_status":"closed","sticky":false,"template":"","format":"standard","meta":{"footnotes":""},"categories":[900,908,786],"tags":[],"_links":{"self":[{"href":"https:\/\/www.bratislavadesignweek.sk\/en\/wp-json\/wp\/v2\/posts\/15789"}],"collection":[{"href":"https:\/\/www.bratislavadesignweek.sk\/en\/wp-json\/wp\/v2\/posts"}],"about":[{"href":"https:\/\/www.bratislavadesignweek.sk\/en\/wp-json\/wp\/v2\/types\/post"}],"author":[{"embeddable":true,"href":"https:\/\/www.bratislavadesignweek.sk\/en\/wp-json\/wp\/v2\/users\/2"}],"replies":[{"embeddable":true,"href":"https:\/\/www.bratislavadesignweek.sk\/en\/wp-json\/wp\/v2\/comments?post=15789"}],"version-history":[{"count":1,"href":"https:\/\/www.bratislavadesignweek.sk\/en\/wp-json\/wp\/v2\/posts\/15789\/revisions"}],"predecessor-version":[{"id":15794,"href":"https:\/\/www.bratislavadesignweek.sk\/en\/wp-json\/wp\/v2\/posts\/15789\/revisions\/15794"}],"wp:featuredmedia":[{"embeddable":true,"href":"https:\/\/www.bratislavadesignweek.sk\/en\/wp-json\/wp\/v2\/media\/15791"}],"wp:attachment":[{"href":"https:\/\/www.bratislavadesignweek.sk\/en\/wp-json\/wp\/v2\/media?parent=15789"}],"wp:term":[{"taxonomy":"category","embeddable":true,"href":"https:\/\/www.bratislavadesignweek.sk\/en\/wp-json\/wp\/v2\/categories?post=15789"},{"taxonomy":"post_tag","embeddable":true,"href":"https:\/\/www.bratislavadesignweek.sk\/en\/wp-json\/wp\/v2\/tags?post=15789"}],"curies":[{"name":"wp","href":"https:\/\/api.w.org\/{rel}","templated":true}]}}