{"id":15797,"date":"2025-09-13T12:02:18","date_gmt":"2025-09-13T10:02:18","guid":{"rendered":"https:\/\/www.bratislavadesignweek.sk\/?p=15797"},"modified":"2025-09-19T21:25:42","modified_gmt":"2025-09-19T19:25:42","slug":"open-call-dizajn-lab-eva-mikulasova-neurobene-vecere","status":"publish","type":"post","link":"https:\/\/www.bratislavadesignweek.sk\/en\/open-call-dizajn-lab-eva-mikulasova-neurobene-vecere\/","title":{"rendered":"OPEN CALL \/ DESIGN LAB \/ EVA MIKUL\u00c1\u0160OV\u00c1: DINNERS NOT MADE"},"content":{"rendered":"<p>Neuroben\u00e9 ve\u010dere je s\u00e9ria redizajnovan\u00fdch vare\u0161iek z IKEA. S\u00fa mojou \u201ereb\u00e9liou\u201d vo\u010di ka\u017edodennej povinnosti robenia ve\u010dere. Namiesto st\u00e1tia pri spor\u00e1ku ve\u010der vyrez\u00e1vam, p\u00edlim, lep\u00edm novotvary vare\u0161iek. Premie\u0148am n\u00e1stroj \u017eeny, matky v na\u0161ej dom\u00e1cnosti. Vyrovn\u00e1vam sa s nechu\u0165ou vari\u0165. Premie\u0148am n\u00e1stroj na varenie. Ot\u00e1\u010dam \u00fadel. Ods\u00favam o\u010dak\u00e1vania. Teraz namiesto ve\u010dere pracujem na vare\u0161ke. Nepotrebuje to. Je dokonal\u00e1. Pripraven\u00e1 na \u00falohu, ktor\u00fa m\u00e1. Na rozdiel odo m\u0148a. Namiesto ve\u010dere pripravujem vare\u0161ku. Nejde to. Nedok\u00e1\u017eem nerobi\u0165 chyby. Dokonal\u00e1 u\u017e bola, ja ju len kaz\u00edm. Ale vyrez\u00e1van\u00edm, p\u00edlen\u00edm, lepen\u00edm, br\u00fasen\u00edm pomaly opravujem nie\u010do v sebe. Postupne prib\u00fadaj\u00fa nov\u00e9 tvary a pr\u00e1ca na nich sa st\u00e1va terapeutickou.<\/p>\n\n\n\n<figure class=\"wp-block-gallery has-nested-images columns-default is-cropped wp-block-gallery-1 is-layout-flex wp-block-gallery-is-layout-flex\">\n<figure class=\"wp-block-image size-large\"><a href=\"https:\/\/www.bratislavadesignweek.sk\/wp-content\/uploads\/2025\/09\/Unknown-2-3.jpeg\"><img fetchpriority=\"high\" decoding=\"async\" width=\"595\" height=\"842\" data-id=\"15798\" src=\"https:\/\/www.bratislavadesignweek.sk\/wp-content\/uploads\/2025\/09\/Unknown-2-3.jpeg\" alt=\"\" class=\"wp-image-15798\" srcset=\"https:\/\/www.bratislavadesignweek.sk\/wp-content\/uploads\/2025\/09\/Unknown-2-3.jpeg 595w, https:\/\/www.bratislavadesignweek.sk\/wp-content\/uploads\/2025\/09\/Unknown-2-3-212x300.jpeg 212w, https:\/\/www.bratislavadesignweek.sk\/wp-content\/uploads\/2025\/09\/Unknown-2-3-8x12.jpeg 8w\" sizes=\"(max-width: 595px) 100vw, 595px\" \/><\/a><\/figure>\n<\/figure>","protected":false},"excerpt":{"rendered":"<p>Unmade Dinners is a series of redesigned pots from IKEA. They are my \"rebellion\" against the daily duty of making dinner. Instead of standing at the stove in the evening, I'm carving, sawing, gluing the newfangled pots. I am transforming the tool of a woman, a mother in our household. I'm coping with the reluctance to cook. I am transforming the cooking tool. I'm turning a limb. I am pushing away expectations. Now, instead of dinner, I work on the boil. She doesn't need it. It [...]<\/p>","protected":false},"author":2,"featured_media":15799,"comment_status":"closed","ping_status":"closed","sticky":false,"template":"","format":"standard","meta":{"footnotes":""},"categories":[900,908,786],"tags":[],"_links":{"self":[{"href":"https:\/\/www.bratislavadesignweek.sk\/en\/wp-json\/wp\/v2\/posts\/15797"}],"collection":[{"href":"https:\/\/www.bratislavadesignweek.sk\/en\/wp-json\/wp\/v2\/posts"}],"about":[{"href":"https:\/\/www.bratislavadesignweek.sk\/en\/wp-json\/wp\/v2\/types\/post"}],"author":[{"embeddable":true,"href":"https:\/\/www.bratislavadesignweek.sk\/en\/wp-json\/wp\/v2\/users\/2"}],"replies":[{"embeddable":true,"href":"https:\/\/www.bratislavadesignweek.sk\/en\/wp-json\/wp\/v2\/comments?post=15797"}],"version-history":[{"count":1,"href":"https:\/\/www.bratislavadesignweek.sk\/en\/wp-json\/wp\/v2\/posts\/15797\/revisions"}],"predecessor-version":[{"id":15802,"href":"https:\/\/www.bratislavadesignweek.sk\/en\/wp-json\/wp\/v2\/posts\/15797\/revisions\/15802"}],"wp:featuredmedia":[{"embeddable":true,"href":"https:\/\/www.bratislavadesignweek.sk\/en\/wp-json\/wp\/v2\/media\/15799"}],"wp:attachment":[{"href":"https:\/\/www.bratislavadesignweek.sk\/en\/wp-json\/wp\/v2\/media?parent=15797"}],"wp:term":[{"taxonomy":"category","embeddable":true,"href":"https:\/\/www.bratislavadesignweek.sk\/en\/wp-json\/wp\/v2\/categories?post=15797"},{"taxonomy":"post_tag","embeddable":true,"href":"https:\/\/www.bratislavadesignweek.sk\/en\/wp-json\/wp\/v2\/tags?post=15797"}],"curies":[{"name":"wp","href":"https:\/\/api.w.org\/{rel}","templated":true}]}}