{"id":15832,"date":"2025-09-13T14:52:42","date_gmt":"2025-09-13T12:52:42","guid":{"rendered":"https:\/\/www.bratislavadesignweek.sk\/?p=15832"},"modified":"2025-09-19T21:25:13","modified_gmt":"2025-09-19T19:25:13","slug":"open-call-dizajn-lab-alisa-doluda-horou-pack","status":"publish","type":"post","link":"https:\/\/www.bratislavadesignweek.sk\/en\/open-call-dizajn-lab-alisa-doluda-horou-pack\/","title":{"rendered":"OPEN CALL \/ DESIGN LAB \/ ALISA DOLUDA: H\u014cR\u014cU PACK"},"content":{"rendered":"<p>The H\u014dr\u014du Pack modular backpack combines a travel backpack and a smaller sling bag into one functional system. It makes life easier on the road, where flexibility, order and quick access to technology are needed. It is also a symbol of the free spirit of digital nomads - a tool for those looking for a home on the move.<\/p>\n\n\n\n<figure class=\"wp-block-gallery has-nested-images columns-default is-cropped wp-block-gallery-1 is-layout-flex wp-block-gallery-is-layout-flex\">\n<figure class=\"wp-block-image size-large\"><a href=\"https:\/\/www.bratislavadesignweek.sk\/wp-content\/uploads\/2025\/09\/alisa-doluda.jpg\"><img fetchpriority=\"high\" decoding=\"async\" width=\"770\" height=\"1024\" data-id=\"15833\" src=\"https:\/\/www.bratislavadesignweek.sk\/wp-content\/uploads\/2025\/09\/alisa-doluda-770x1024.jpg\" alt=\"\" class=\"wp-image-15833\" srcset=\"https:\/\/www.bratislavadesignweek.sk\/wp-content\/uploads\/2025\/09\/alisa-doluda-770x1024.jpg 770w, https:\/\/www.bratislavadesignweek.sk\/wp-content\/uploads\/2025\/09\/alisa-doluda-225x300.jpg 225w, https:\/\/www.bratislavadesignweek.sk\/wp-content\/uploads\/2025\/09\/alisa-doluda-768x1022.jpg 768w, https:\/\/www.bratislavadesignweek.sk\/wp-content\/uploads\/2025\/09\/alisa-doluda-1154x1536.jpg 1154w, https:\/\/www.bratislavadesignweek.sk\/wp-content\/uploads\/2025\/09\/alisa-doluda-1539x2048.jpg 1539w, https:\/\/www.bratislavadesignweek.sk\/wp-content\/uploads\/2025\/09\/alisa-doluda-9x12.jpg 9w, https:\/\/www.bratislavadesignweek.sk\/wp-content\/uploads\/2025\/09\/alisa-doluda.jpg 1924w\" sizes=\"(max-width: 770px) 100vw, 770px\" \/><\/a><\/figure>\n<\/figure>","protected":false},"excerpt":{"rendered":"<p>The H\u014dr\u014du Pack modular backpack combines a travel backpack and a smaller sling bag into one functional system. It makes life easier on the road, where flexibility, order and quick access to technology are needed. It is also a symbol of the free spirit of digital nomads - a tool for those looking for a home on the move.<\/p>","protected":false},"author":2,"featured_media":15834,"comment_status":"closed","ping_status":"closed","sticky":false,"template":"","format":"standard","meta":{"footnotes":""},"categories":[900,908,786],"tags":[],"_links":{"self":[{"href":"https:\/\/www.bratislavadesignweek.sk\/en\/wp-json\/wp\/v2\/posts\/15832"}],"collection":[{"href":"https:\/\/www.bratislavadesignweek.sk\/en\/wp-json\/wp\/v2\/posts"}],"about":[{"href":"https:\/\/www.bratislavadesignweek.sk\/en\/wp-json\/wp\/v2\/types\/post"}],"author":[{"embeddable":true,"href":"https:\/\/www.bratislavadesignweek.sk\/en\/wp-json\/wp\/v2\/users\/2"}],"replies":[{"embeddable":true,"href":"https:\/\/www.bratislavadesignweek.sk\/en\/wp-json\/wp\/v2\/comments?post=15832"}],"version-history":[{"count":1,"href":"https:\/\/www.bratislavadesignweek.sk\/en\/wp-json\/wp\/v2\/posts\/15832\/revisions"}],"predecessor-version":[{"id":15837,"href":"https:\/\/www.bratislavadesignweek.sk\/en\/wp-json\/wp\/v2\/posts\/15832\/revisions\/15837"}],"wp:featuredmedia":[{"embeddable":true,"href":"https:\/\/www.bratislavadesignweek.sk\/en\/wp-json\/wp\/v2\/media\/15834"}],"wp:attachment":[{"href":"https:\/\/www.bratislavadesignweek.sk\/en\/wp-json\/wp\/v2\/media?parent=15832"}],"wp:term":[{"taxonomy":"category","embeddable":true,"href":"https:\/\/www.bratislavadesignweek.sk\/en\/wp-json\/wp\/v2\/categories?post=15832"},{"taxonomy":"post_tag","embeddable":true,"href":"https:\/\/www.bratislavadesignweek.sk\/en\/wp-json\/wp\/v2\/tags?post=15832"}],"curies":[{"name":"wp","href":"https:\/\/api.w.org\/{rel}","templated":true}]}}