{"id":15848,"date":"2025-09-13T17:49:58","date_gmt":"2025-09-13T15:49:58","guid":{"rendered":"https:\/\/www.bratislavadesignweek.sk\/?p=15848"},"modified":"2025-09-19T21:24:56","modified_gmt":"2025-09-19T19:24:56","slug":"open-call-school-area-jaroslava-labudova-prirodne-farbenie-latok","status":"publish","type":"post","link":"https:\/\/www.bratislavadesignweek.sk\/en\/open-call-school-area-jaroslava-labudova-prirodne-farbenie-latok\/","title":{"rendered":"OPEN CALL\/ SCHOOL AREA \/ JAROSLAVA LABUDOV\u00c1: PR\u00cdRODN\u00c9 FARBENIE L\u00c1TOK"},"content":{"rendered":"<p>Ateli\u00e9r experiment\u00e1lneho dizajnu, V\u0160VU Bratislava<\/p>\n\n\n\n<p>Cie\u013eom m\u00f4jho v\u00fdskumu je zachova\u0165 udr\u017eate\u013en\u00e9 pr\u00edstupy k farbeniu text\u00edli\u00ed s vyu\u017eit\u00edm pr\u00edrodn\u00fdch farb\u00edv z\u00edskavan\u00fdch z potravinov\u00e9ho odpadu. Tieto materi\u00e1ly m\u00f4\u017eu nahradi\u0165 syntetick\u00e9 farbiv\u00e1 v textilnej v\u00fdrobe len vtedy, ak sa zmierime s ich \u0161pecifickou estetikou a zmen\u00edme svoje o\u010dak\u00e1vania. Obmena pr\u00edstupu ku textilu je d\u00f4le\u017eit\u00e1. \u010clovek si mus\u00ed vybra\u0165, \u010di chce vidie\u0165 l\u00e1tku z ktorej sa \u010dasom mierne vyperie pr\u00edrodn\u00e1 farba, alebo \u010di chce vlastni\u0165 oble\u010denie, textil, ktor\u00fd st\u00e1le vyzer\u00e1 rovnako, ale nevidie\u0165 za n\u00edm mno\u017estvo \u0161k\u00f4d, ktor\u00e9 nap\u00e1chalo.<\/p>\n\n\n\n<figure class=\"wp-block-gallery has-nested-images columns-default is-cropped wp-block-gallery-1 is-layout-flex wp-block-gallery-is-layout-flex\">\n<figure class=\"wp-block-image size-large\"><a href=\"https:\/\/www.bratislavadesignweek.sk\/wp-content\/uploads\/2025\/09\/jaroslava-labudova.jpg\"><img fetchpriority=\"high\" decoding=\"async\" width=\"1024\" height=\"683\" data-id=\"15849\" src=\"https:\/\/www.bratislavadesignweek.sk\/wp-content\/uploads\/2025\/09\/jaroslava-labudova-1024x683.jpg\" alt=\"\" class=\"wp-image-15849\" srcset=\"https:\/\/www.bratislavadesignweek.sk\/wp-content\/uploads\/2025\/09\/jaroslava-labudova-1024x683.jpg 1024w, https:\/\/www.bratislavadesignweek.sk\/wp-content\/uploads\/2025\/09\/jaroslava-labudova-300x200.jpg 300w, https:\/\/www.bratislavadesignweek.sk\/wp-content\/uploads\/2025\/09\/jaroslava-labudova-768x512.jpg 768w, https:\/\/www.bratislavadesignweek.sk\/wp-content\/uploads\/2025\/09\/jaroslava-labudova-1536x1024.jpg 1536w, https:\/\/www.bratislavadesignweek.sk\/wp-content\/uploads\/2025\/09\/jaroslava-labudova-2048x1366.jpg 2048w, https:\/\/www.bratislavadesignweek.sk\/wp-content\/uploads\/2025\/09\/jaroslava-labudova-18x12.jpg 18w\" sizes=\"(max-width: 1024px) 100vw, 1024px\" \/><\/a><\/figure>\n<\/figure>","protected":false},"excerpt":{"rendered":"<p>Ateli\u00e9r experiment\u00e1lneho dizajnu, V\u0160VU Bratislava Cie\u013eom m\u00f4jho v\u00fdskumu je zachova\u0165 udr\u017eate\u013en\u00e9 pr\u00edstupy k farbeniu text\u00edli\u00ed s vyu\u017eit\u00edm pr\u00edrodn\u00fdch farb\u00edv z\u00edskavan\u00fdch z potravinov\u00e9ho odpadu. Tieto materi\u00e1ly m\u00f4\u017eu nahradi\u0165 syntetick\u00e9 farbiv\u00e1 v textilnej v\u00fdrobe len vtedy, ak sa zmierime s ich \u0161pecifickou estetikou a zmen\u00edme svoje o\u010dak\u00e1vania. Obmena pr\u00edstupu ku textilu je d\u00f4le\u017eit\u00e1. \u010clovek si mus\u00ed vybra\u0165, [&hellip;]<\/p>","protected":false},"author":2,"featured_media":15850,"comment_status":"closed","ping_status":"closed","sticky":false,"template":"","format":"standard","meta":{"footnotes":""},"categories":[900,908,786],"tags":[],"_links":{"self":[{"href":"https:\/\/www.bratislavadesignweek.sk\/en\/wp-json\/wp\/v2\/posts\/15848"}],"collection":[{"href":"https:\/\/www.bratislavadesignweek.sk\/en\/wp-json\/wp\/v2\/posts"}],"about":[{"href":"https:\/\/www.bratislavadesignweek.sk\/en\/wp-json\/wp\/v2\/types\/post"}],"author":[{"embeddable":true,"href":"https:\/\/www.bratislavadesignweek.sk\/en\/wp-json\/wp\/v2\/users\/2"}],"replies":[{"embeddable":true,"href":"https:\/\/www.bratislavadesignweek.sk\/en\/wp-json\/wp\/v2\/comments?post=15848"}],"version-history":[{"count":1,"href":"https:\/\/www.bratislavadesignweek.sk\/en\/wp-json\/wp\/v2\/posts\/15848\/revisions"}],"predecessor-version":[{"id":15853,"href":"https:\/\/www.bratislavadesignweek.sk\/en\/wp-json\/wp\/v2\/posts\/15848\/revisions\/15853"}],"wp:featuredmedia":[{"embeddable":true,"href":"https:\/\/www.bratislavadesignweek.sk\/en\/wp-json\/wp\/v2\/media\/15850"}],"wp:attachment":[{"href":"https:\/\/www.bratislavadesignweek.sk\/en\/wp-json\/wp\/v2\/media?parent=15848"}],"wp:term":[{"taxonomy":"category","embeddable":true,"href":"https:\/\/www.bratislavadesignweek.sk\/en\/wp-json\/wp\/v2\/categories?post=15848"},{"taxonomy":"post_tag","embeddable":true,"href":"https:\/\/www.bratislavadesignweek.sk\/en\/wp-json\/wp\/v2\/tags?post=15848"}],"curies":[{"name":"wp","href":"https:\/\/api.w.org\/{rel}","templated":true}]}}