{"id":15878,"date":"2025-09-13T17:58:08","date_gmt":"2025-09-13T15:58:08","guid":{"rendered":"https:\/\/www.bratislavadesignweek.sk\/?p=15878"},"modified":"2025-09-19T21:24:47","modified_gmt":"2025-09-19T19:24:47","slug":"open-call-school-area-lucia-sucha-phygital-materiality-on-off","status":"publish","type":"post","link":"https:\/\/www.bratislavadesignweek.sk\/en\/open-call-school-area-lucia-sucha-phygital-materiality-on-off\/","title":{"rendered":"OPEN CALL\/ SCHOOL AREA \/ LUCIA SUCH\u00c1: PHYGITAL MATERIALITY: ON\/OFF"},"content":{"rendered":"<p>\u00dastav dizajnu, Fakulta architekt\u00fary a dizajnu, STU Bratislava<\/p>\n\n\n\n<p>Mot\u00edvom kolekcie svietidiel a tienidiel Phygital Materiality: on\/off je sk\u00famanie prepojenia digit\u00e1lneho tvarovania s fyzickou realiz\u00e1ciou prostredn\u00edctvom adit\u00edvnej technol\u00f3gie. V prostred\u00ed softv\u00e9ru je tvar meniacim sa \u017eiv\u00fdm materi\u00e1lom, jeho fin\u00e1lnu podobu a v\u00fdsledn\u00e9 tvaroslovie \u0161trukt\u00fary definuje export modelu do slicer programu. Moment premeny je pr\u00edtomn\u00fd v ka\u017edej f\u00e1ze navrhovania.<br>Ktor\u00e1 z foriem na rozmedz\u00ed strohej geometrie a organickej biof\u00edlie preber\u00e1 vedenie?<\/p>\n\n\n\n<figure class=\"wp-block-gallery has-nested-images columns-default is-cropped wp-block-gallery-1 is-layout-flex wp-block-gallery-is-layout-flex\">\n<figure class=\"wp-block-image size-large\"><a href=\"https:\/\/www.bratislavadesignweek.sk\/wp-content\/uploads\/2025\/09\/lucia-sucha.jpg\"><img fetchpriority=\"high\" decoding=\"async\" width=\"768\" height=\"1024\" data-id=\"15879\" src=\"https:\/\/www.bratislavadesignweek.sk\/wp-content\/uploads\/2025\/09\/lucia-sucha-768x1024.jpg\" alt=\"\" class=\"wp-image-15879\" srcset=\"https:\/\/www.bratislavadesignweek.sk\/wp-content\/uploads\/2025\/09\/lucia-sucha-768x1024.jpg 768w, https:\/\/www.bratislavadesignweek.sk\/wp-content\/uploads\/2025\/09\/lucia-sucha-225x300.jpg 225w, https:\/\/www.bratislavadesignweek.sk\/wp-content\/uploads\/2025\/09\/lucia-sucha-1152x1536.jpg 1152w, https:\/\/www.bratislavadesignweek.sk\/wp-content\/uploads\/2025\/09\/lucia-sucha-1536x2048.jpg 1536w, https:\/\/www.bratislavadesignweek.sk\/wp-content\/uploads\/2025\/09\/lucia-sucha-9x12.jpg 9w, https:\/\/www.bratislavadesignweek.sk\/wp-content\/uploads\/2025\/09\/lucia-sucha.jpg 1920w\" sizes=\"(max-width: 768px) 100vw, 768px\" \/><\/a><\/figure>\n<\/figure>","protected":false},"excerpt":{"rendered":"<p>\u00dastav dizajnu, Fakulta architekt\u00fary a dizajnu, STU Bratislava Mot\u00edvom kolekcie svietidiel a tienidiel Phygital Materiality: on\/off je sk\u00famanie prepojenia digit\u00e1lneho tvarovania s fyzickou realiz\u00e1ciou prostredn\u00edctvom adit\u00edvnej technol\u00f3gie. V prostred\u00ed softv\u00e9ru je tvar meniacim sa \u017eiv\u00fdm materi\u00e1lom, jeho fin\u00e1lnu podobu a v\u00fdsledn\u00e9 tvaroslovie \u0161trukt\u00fary definuje export modelu do slicer programu. Moment premeny je pr\u00edtomn\u00fd v ka\u017edej [&hellip;]<\/p>","protected":false},"author":2,"featured_media":15880,"comment_status":"closed","ping_status":"closed","sticky":false,"template":"","format":"standard","meta":{"footnotes":""},"categories":[900,908,786],"tags":[],"_links":{"self":[{"href":"https:\/\/www.bratislavadesignweek.sk\/en\/wp-json\/wp\/v2\/posts\/15878"}],"collection":[{"href":"https:\/\/www.bratislavadesignweek.sk\/en\/wp-json\/wp\/v2\/posts"}],"about":[{"href":"https:\/\/www.bratislavadesignweek.sk\/en\/wp-json\/wp\/v2\/types\/post"}],"author":[{"embeddable":true,"href":"https:\/\/www.bratislavadesignweek.sk\/en\/wp-json\/wp\/v2\/users\/2"}],"replies":[{"embeddable":true,"href":"https:\/\/www.bratislavadesignweek.sk\/en\/wp-json\/wp\/v2\/comments?post=15878"}],"version-history":[{"count":1,"href":"https:\/\/www.bratislavadesignweek.sk\/en\/wp-json\/wp\/v2\/posts\/15878\/revisions"}],"predecessor-version":[{"id":15883,"href":"https:\/\/www.bratislavadesignweek.sk\/en\/wp-json\/wp\/v2\/posts\/15878\/revisions\/15883"}],"wp:featuredmedia":[{"embeddable":true,"href":"https:\/\/www.bratislavadesignweek.sk\/en\/wp-json\/wp\/v2\/media\/15880"}],"wp:attachment":[{"href":"https:\/\/www.bratislavadesignweek.sk\/en\/wp-json\/wp\/v2\/media?parent=15878"}],"wp:term":[{"taxonomy":"category","embeddable":true,"href":"https:\/\/www.bratislavadesignweek.sk\/en\/wp-json\/wp\/v2\/categories?post=15878"},{"taxonomy":"post_tag","embeddable":true,"href":"https:\/\/www.bratislavadesignweek.sk\/en\/wp-json\/wp\/v2\/tags?post=15878"}],"curies":[{"name":"wp","href":"https:\/\/api.w.org\/{rel}","templated":true}]}}