{"id":15896,"date":"2025-09-13T18:01:47","date_gmt":"2025-09-13T16:01:47","guid":{"rendered":"https:\/\/www.bratislavadesignweek.sk\/?p=15896"},"modified":"2025-09-19T21:24:33","modified_gmt":"2025-09-19T19:24:33","slug":"open-call-school-area-pavlina-arendasova-kabaty-zmeny-vyroba-vlnenych-kabatov-v-zohrievajucom-sa-svete","status":"publish","type":"post","link":"https:\/\/www.bratislavadesignweek.sk\/en\/open-call-school-area-pavlina-arendasova-kabaty-zmeny-vyroba-vlnenych-kabatov-v-zohrievajucom-sa-svete\/","title":{"rendered":"OPEN CALL\/ SCHOOL AREA \/ PAVL\u00cdNA \u00c1REND\u00c1\u0160OV\u00c1: KAB\u00c1TY ZMENY. V\u00ddROBA VLNEN\u00ddCH KAB\u00c1TOV V ZOHRIEVAJ\u00daCOM SA SVETE"},"content":{"rendered":"<p>Ateli\u00e9r textiln\u00e9ho dizajnu, V\u0160VU Bratislava<\/p>\n\n\n\n<p>Textiln\u00fd projekt Kab\u00e1ty zmeny: V\u00fdroba vlnen\u00fdch kab\u00e1tov v zohrievaj\u00facom sa svete reflektuje klimatick\u00fa kr\u00edzu prostredn\u00edctvom odevu. Kolekcia kab\u00e1tov zo 100 % vlny, spracovan\u00fdch zero-waste pr\u00edstupom, nesie mot\u00edvy vymieraj\u00facich koralov, topiacich sa \u013eadovcov, extr\u00e9mneho sucha a lesn\u00fdch po\u017eiarov. Kab\u00e1ty dop\u013a\u0148aj\u00fa \u010diapky, ktor\u00e9 nadv\u00e4zuj\u00fa na tradi\u010dn\u00e9 tvary baranice a \u010depca, utkan\u00e9 zo zvy\u0161kov kab\u00e1tovej metr\u00e1\u017ee.<\/p>\n\n\n\n<figure class=\"wp-block-gallery has-nested-images columns-default is-cropped wp-block-gallery-1 is-layout-flex wp-block-gallery-is-layout-flex\">\n<figure class=\"wp-block-image size-large\"><a href=\"https:\/\/www.bratislavadesignweek.sk\/wp-content\/uploads\/2025\/09\/PAVLINA_ARENDASOVA_KABATYZMENY_1.jpg\"><img fetchpriority=\"high\" decoding=\"async\" width=\"1024\" height=\"683\" data-id=\"15899\" src=\"https:\/\/www.bratislavadesignweek.sk\/wp-content\/uploads\/2025\/09\/PAVLINA_ARENDASOVA_KABATYZMENY_1-1024x683.jpg\" alt=\"\" class=\"wp-image-15899\" srcset=\"https:\/\/www.bratislavadesignweek.sk\/wp-content\/uploads\/2025\/09\/PAVLINA_ARENDASOVA_KABATYZMENY_1-1024x683.jpg 1024w, https:\/\/www.bratislavadesignweek.sk\/wp-content\/uploads\/2025\/09\/PAVLINA_ARENDASOVA_KABATYZMENY_1-300x200.jpg 300w, https:\/\/www.bratislavadesignweek.sk\/wp-content\/uploads\/2025\/09\/PAVLINA_ARENDASOVA_KABATYZMENY_1-768x512.jpg 768w, https:\/\/www.bratislavadesignweek.sk\/wp-content\/uploads\/2025\/09\/PAVLINA_ARENDASOVA_KABATYZMENY_1-1536x1024.jpg 1536w, https:\/\/www.bratislavadesignweek.sk\/wp-content\/uploads\/2025\/09\/PAVLINA_ARENDASOVA_KABATYZMENY_1-18x12.jpg 18w, https:\/\/www.bratislavadesignweek.sk\/wp-content\/uploads\/2025\/09\/PAVLINA_ARENDASOVA_KABATYZMENY_1.jpg 1920w\" sizes=\"(max-width: 1024px) 100vw, 1024px\" \/><\/a><\/figure>\n\n\n\n<figure class=\"wp-block-image size-large\"><a href=\"https:\/\/www.bratislavadesignweek.sk\/wp-content\/uploads\/2025\/09\/PAVLINA_ARENDASOVA_KABATYZMENY_6.jpg\"><img decoding=\"async\" width=\"683\" height=\"1024\" data-id=\"15897\" src=\"https:\/\/www.bratislavadesignweek.sk\/wp-content\/uploads\/2025\/09\/PAVLINA_ARENDASOVA_KABATYZMENY_6-683x1024.jpg\" alt=\"\" class=\"wp-image-15897\" srcset=\"https:\/\/www.bratislavadesignweek.sk\/wp-content\/uploads\/2025\/09\/PAVLINA_ARENDASOVA_KABATYZMENY_6-683x1024.jpg 683w, https:\/\/www.bratislavadesignweek.sk\/wp-content\/uploads\/2025\/09\/PAVLINA_ARENDASOVA_KABATYZMENY_6-200x300.jpg 200w, https:\/\/www.bratislavadesignweek.sk\/wp-content\/uploads\/2025\/09\/PAVLINA_ARENDASOVA_KABATYZMENY_6-768x1152.jpg 768w, https:\/\/www.bratislavadesignweek.sk\/wp-content\/uploads\/2025\/09\/PAVLINA_ARENDASOVA_KABATYZMENY_6-1024x1536.jpg 1024w, https:\/\/www.bratislavadesignweek.sk\/wp-content\/uploads\/2025\/09\/PAVLINA_ARENDASOVA_KABATYZMENY_6-8x12.jpg 8w, https:\/\/www.bratislavadesignweek.sk\/wp-content\/uploads\/2025\/09\/PAVLINA_ARENDASOVA_KABATYZMENY_6.jpg 1280w\" sizes=\"(max-width: 683px) 100vw, 683px\" \/><\/a><\/figure>\n\n\n\n<figure class=\"wp-block-image size-large\"><a href=\"https:\/\/www.bratislavadesignweek.sk\/wp-content\/uploads\/2025\/09\/PAVLINA_ARENDASOVA_KABATYZMENY_11.jpg\"><img decoding=\"async\" width=\"1024\" height=\"683\" data-id=\"15898\" src=\"https:\/\/www.bratislavadesignweek.sk\/wp-content\/uploads\/2025\/09\/PAVLINA_ARENDASOVA_KABATYZMENY_11-1024x683.jpg\" alt=\"\" class=\"wp-image-15898\" srcset=\"https:\/\/www.bratislavadesignweek.sk\/wp-content\/uploads\/2025\/09\/PAVLINA_ARENDASOVA_KABATYZMENY_11-1024x683.jpg 1024w, https:\/\/www.bratislavadesignweek.sk\/wp-content\/uploads\/2025\/09\/PAVLINA_ARENDASOVA_KABATYZMENY_11-300x200.jpg 300w, https:\/\/www.bratislavadesignweek.sk\/wp-content\/uploads\/2025\/09\/PAVLINA_ARENDASOVA_KABATYZMENY_11-768x512.jpg 768w, https:\/\/www.bratislavadesignweek.sk\/wp-content\/uploads\/2025\/09\/PAVLINA_ARENDASOVA_KABATYZMENY_11-1536x1024.jpg 1536w, https:\/\/www.bratislavadesignweek.sk\/wp-content\/uploads\/2025\/09\/PAVLINA_ARENDASOVA_KABATYZMENY_11-18x12.jpg 18w, https:\/\/www.bratislavadesignweek.sk\/wp-content\/uploads\/2025\/09\/PAVLINA_ARENDASOVA_KABATYZMENY_11.jpg 1920w\" sizes=\"(max-width: 1024px) 100vw, 1024px\" \/><\/a><\/figure>\n<\/figure>","protected":false},"excerpt":{"rendered":"<p>Ateli\u00e9r textiln\u00e9ho dizajnu, V\u0160VU Bratislava Textiln\u00fd projekt Kab\u00e1ty zmeny: V\u00fdroba vlnen\u00fdch kab\u00e1tov v zohrievaj\u00facom sa svete reflektuje klimatick\u00fa kr\u00edzu prostredn\u00edctvom odevu. Kolekcia kab\u00e1tov zo 100 % vlny, spracovan\u00fdch zero-waste pr\u00edstupom, nesie mot\u00edvy vymieraj\u00facich koralov, topiacich sa \u013eadovcov, extr\u00e9mneho sucha a lesn\u00fdch po\u017eiarov. Kab\u00e1ty dop\u013a\u0148aj\u00fa \u010diapky, ktor\u00e9 nadv\u00e4zuj\u00fa na tradi\u010dn\u00e9 tvary baranice a \u010depca, utkan\u00e9 zo [&hellip;]<\/p>","protected":false},"author":2,"featured_media":15900,"comment_status":"closed","ping_status":"closed","sticky":false,"template":"","format":"standard","meta":{"footnotes":""},"categories":[900,908,786],"tags":[],"_links":{"self":[{"href":"https:\/\/www.bratislavadesignweek.sk\/en\/wp-json\/wp\/v2\/posts\/15896"}],"collection":[{"href":"https:\/\/www.bratislavadesignweek.sk\/en\/wp-json\/wp\/v2\/posts"}],"about":[{"href":"https:\/\/www.bratislavadesignweek.sk\/en\/wp-json\/wp\/v2\/types\/post"}],"author":[{"embeddable":true,"href":"https:\/\/www.bratislavadesignweek.sk\/en\/wp-json\/wp\/v2\/users\/2"}],"replies":[{"embeddable":true,"href":"https:\/\/www.bratislavadesignweek.sk\/en\/wp-json\/wp\/v2\/comments?post=15896"}],"version-history":[{"count":1,"href":"https:\/\/www.bratislavadesignweek.sk\/en\/wp-json\/wp\/v2\/posts\/15896\/revisions"}],"predecessor-version":[{"id":15903,"href":"https:\/\/www.bratislavadesignweek.sk\/en\/wp-json\/wp\/v2\/posts\/15896\/revisions\/15903"}],"wp:featuredmedia":[{"embeddable":true,"href":"https:\/\/www.bratislavadesignweek.sk\/en\/wp-json\/wp\/v2\/media\/15900"}],"wp:attachment":[{"href":"https:\/\/www.bratislavadesignweek.sk\/en\/wp-json\/wp\/v2\/media?parent=15896"}],"wp:term":[{"taxonomy":"category","embeddable":true,"href":"https:\/\/www.bratislavadesignweek.sk\/en\/wp-json\/wp\/v2\/categories?post=15896"},{"taxonomy":"post_tag","embeddable":true,"href":"https:\/\/www.bratislavadesignweek.sk\/en\/wp-json\/wp\/v2\/tags?post=15896"}],"curies":[{"name":"wp","href":"https:\/\/api.w.org\/{rel}","templated":true}]}}