{"id":15906,"date":"2025-09-13T18:03:35","date_gmt":"2025-09-13T16:03:35","guid":{"rendered":"https:\/\/www.bratislavadesignweek.sk\/?p=15906"},"modified":"2025-09-19T21:24:25","modified_gmt":"2025-09-19T19:24:25","slug":"open-call-dizajn-lab-petra-rybanska-the-essential-human-unit","status":"publish","type":"post","link":"https:\/\/www.bratislavadesignweek.sk\/en\/open-call-dizajn-lab-petra-rybanska-the-essential-human-unit\/","title":{"rendered":"OPEN CALL \/ DIZAJN LAB \/ PETRA RYB\u00c1NSKA: THE ESSENTIAL HUMAN UNIT"},"content":{"rendered":"<p>Projekt Essential Human Unit sa pok\u00fa\u0161a zachyti\u0165 esenciu \u201e\u010dlove\u010dieho\u201c. In\u0161tal\u00e1cia reprezentuje v\u00fdskumn\u00fa jednotku odkl\u00e1\u0148aj\u00facu sa od tradi\u010dn\u00e9ho vn\u00edmania dizajnu, ktor\u00fd sl\u00fa\u017ei v\u00fdhradne \u013eudsk\u00fdm potreb\u00e1m. Namiesto toho men\u00ed pr\u00edstup. Cie\u013eom nie je diktova\u0165 spr\u00e1vanie u\u017e\u00edvate\u013ea alebo uspokojova\u0165 jeho spotrebite\u013esk\u00e9 n\u00e1lady, ale pozoruje prirodzen\u00e9 prejavy jeho tela na okolie bez t\u00fdchto typick\u00fdch vstupov. Materi\u00e1lov\u00fd experiment pracuje v\u00fdhradne s plastom ako materi\u00e1lom, ktor\u00fd je absol\u00fatnym v\u00fdsledkom \u013eudskej aktivity a z\u00e1rove\u0148 je aj zdrojom hlb\u0161\u00edch environment\u00e1lnych probl\u00e9mov. Sna\u017e\u00ed sa napodobni\u0165 prejavy ako dotyk, strata pigmentu, starnutie, op\u00e1lenie, modrina a in\u00e9.<\/p>\n\n\n\n<p><br>T\u00e1to vizu\u00e1lna \u0161t\u00fadia rozmaz\u00e1va hranice v\u00fdlu\u010dne \u013eudsk\u00e9ho a h\u013ead\u00e1 alternat\u00edvu pre dizajn\u00e9rsku tvorbu. Mo\u017eno raz bud\u00fa vyb\u00e1dan\u00e9 vzorky sl\u00fa\u017ei\u0165 in\u00e9mu \u017eivo\u010d\u00ed\u0161nemu druhu alebo sa ich \u00fa\u010del vr\u00e1ti sp\u00e4\u0165 pr\u00edrode, a t\u00fdm sa n\u00e1\u0161 vykoris\u0165uj\u00faci pr\u00edstup k \u017eivotn\u00e9mu prostrediu m\u00f4\u017ee zmeni\u0165. Z\u00e1merom je prehodnoti\u0165 skuto\u010dn\u00fd cie\u013e \u013eudskej produkcie a presmerova\u0165 ju k udr\u017eate\u013enej\u0161iemu pr\u00edstupu.<\/p>\n\n\n\n<figure class=\"wp-block-gallery has-nested-images columns-default is-cropped wp-block-gallery-1 is-layout-flex wp-block-gallery-is-layout-flex\">\n<figure class=\"wp-block-image size-large\"><a href=\"https:\/\/www.bratislavadesignweek.sk\/wp-content\/uploads\/2025\/09\/petra-rybanska.jpg\"><img fetchpriority=\"high\" decoding=\"async\" width=\"816\" height=\"1024\" data-id=\"15907\" src=\"https:\/\/www.bratislavadesignweek.sk\/wp-content\/uploads\/2025\/09\/petra-rybanska-816x1024.jpg\" alt=\"\" class=\"wp-image-15907\" srcset=\"https:\/\/www.bratislavadesignweek.sk\/wp-content\/uploads\/2025\/09\/petra-rybanska-816x1024.jpg 816w, https:\/\/www.bratislavadesignweek.sk\/wp-content\/uploads\/2025\/09\/petra-rybanska-239x300.jpg 239w, https:\/\/www.bratislavadesignweek.sk\/wp-content\/uploads\/2025\/09\/petra-rybanska-768x964.jpg 768w, https:\/\/www.bratislavadesignweek.sk\/wp-content\/uploads\/2025\/09\/petra-rybanska-1224x1536.jpg 1224w, https:\/\/www.bratislavadesignweek.sk\/wp-content\/uploads\/2025\/09\/petra-rybanska-1632x2048.jpg 1632w, https:\/\/www.bratislavadesignweek.sk\/wp-content\/uploads\/2025\/09\/petra-rybanska-10x12.jpg 10w, https:\/\/www.bratislavadesignweek.sk\/wp-content\/uploads\/2025\/09\/petra-rybanska.jpg 2040w\" sizes=\"(max-width: 816px) 100vw, 816px\" \/><\/a><\/figure>\n<\/figure>","protected":false},"excerpt":{"rendered":"<p>Projekt Essential Human Unit sa pok\u00fa\u0161a zachyti\u0165 esenciu \u201e\u010dlove\u010dieho\u201c. In\u0161tal\u00e1cia reprezentuje v\u00fdskumn\u00fa jednotku odkl\u00e1\u0148aj\u00facu sa od tradi\u010dn\u00e9ho vn\u00edmania dizajnu, ktor\u00fd sl\u00fa\u017ei v\u00fdhradne \u013eudsk\u00fdm potreb\u00e1m. Namiesto toho men\u00ed pr\u00edstup. Cie\u013eom nie je diktova\u0165 spr\u00e1vanie u\u017e\u00edvate\u013ea alebo uspokojova\u0165 jeho spotrebite\u013esk\u00e9 n\u00e1lady, ale pozoruje prirodzen\u00e9 prejavy jeho tela na okolie bez t\u00fdchto typick\u00fdch vstupov. Materi\u00e1lov\u00fd experiment pracuje v\u00fdhradne [&hellip;]<\/p>","protected":false},"author":2,"featured_media":15908,"comment_status":"closed","ping_status":"closed","sticky":false,"template":"","format":"standard","meta":{"footnotes":""},"categories":[900,908,786],"tags":[],"_links":{"self":[{"href":"https:\/\/www.bratislavadesignweek.sk\/en\/wp-json\/wp\/v2\/posts\/15906"}],"collection":[{"href":"https:\/\/www.bratislavadesignweek.sk\/en\/wp-json\/wp\/v2\/posts"}],"about":[{"href":"https:\/\/www.bratislavadesignweek.sk\/en\/wp-json\/wp\/v2\/types\/post"}],"author":[{"embeddable":true,"href":"https:\/\/www.bratislavadesignweek.sk\/en\/wp-json\/wp\/v2\/users\/2"}],"replies":[{"embeddable":true,"href":"https:\/\/www.bratislavadesignweek.sk\/en\/wp-json\/wp\/v2\/comments?post=15906"}],"version-history":[{"count":1,"href":"https:\/\/www.bratislavadesignweek.sk\/en\/wp-json\/wp\/v2\/posts\/15906\/revisions"}],"predecessor-version":[{"id":15911,"href":"https:\/\/www.bratislavadesignweek.sk\/en\/wp-json\/wp\/v2\/posts\/15906\/revisions\/15911"}],"wp:featuredmedia":[{"embeddable":true,"href":"https:\/\/www.bratislavadesignweek.sk\/en\/wp-json\/wp\/v2\/media\/15908"}],"wp:attachment":[{"href":"https:\/\/www.bratislavadesignweek.sk\/en\/wp-json\/wp\/v2\/media?parent=15906"}],"wp:term":[{"taxonomy":"category","embeddable":true,"href":"https:\/\/www.bratislavadesignweek.sk\/en\/wp-json\/wp\/v2\/categories?post=15906"},{"taxonomy":"post_tag","embeddable":true,"href":"https:\/\/www.bratislavadesignweek.sk\/en\/wp-json\/wp\/v2\/tags?post=15906"}],"curies":[{"name":"wp","href":"https:\/\/api.w.org\/{rel}","templated":true}]}}