{"id":15914,"date":"2025-09-13T18:06:55","date_gmt":"2025-09-13T16:06:55","guid":{"rendered":"https:\/\/www.bratislavadesignweek.sk\/?p=15914"},"modified":"2025-09-19T21:24:15","modified_gmt":"2025-09-19T19:24:15","slug":"open-call-school-area-simon-rigas-project-agora","status":"publish","type":"post","link":"https:\/\/www.bratislavadesignweek.sk\/en\/open-call-school-area-simon-rigas-project-agora\/","title":{"rendered":"OPEN CALL\/ SCHOOL AREA \/ \u0160IMON RIGAS: PROJECT AGORA"},"content":{"rendered":"<p>Ateli\u00e9r transport dizajnu, V\u0160VU Bratislava<\/p>\n\n\n\n<p><br>V mojej pr\u00e1ci sa venujem problematike mestskej dopravy a soci\u00e1lneho \u017eivota mlad\u00fdch \u013eud\u00ed. Sna\u017e\u00edm sa pon\u00faknu\u0165 rie\u0161enia v oblasti soci\u00e1lneho \u017eivota mlad\u00fdch \u013eud\u00ed, poskytn\u00fa\u0165 im priestor, kde m\u00f4\u017eu tr\u00e1vi\u0165 \u010das so svojimi bl\u00edzkymi v podstate kdeko\u013evek. Pr\u00e1ca sa zameriava na probl\u00e9m tret\u00edch miest, ktor\u00e9 definoval mestsk\u00fd sociol\u00f3g Ray Oldenburg takto: Prv\u00e9 miesto \u2013 domov, kde \u010dlovek \u017eije, druh\u00e9 miesto \u2013 pr\u00e1ca, kde v\u00e4\u010d\u0161ina \u013eud\u00ed tr\u00e1vi najviac svojho \u010dasu a tretie miesto, ktor\u00e9 je akousi kotvou komunitn\u00e9ho \u017eivota, je to miesto, kde relaxujete na verejnosti, kde stretnete zn\u00e1me tv\u00e1re a kde je interakcia medzi \u013eu\u010fmi uvo\u013enen\u00e1 a kreat\u00edvna. S\u00fa zn\u00e1me u\u017e od antiky napr. gr\u00e9cke agory \/ n\u00e1mestia. Dnes s\u00fa to parky, kaviarne, lavi\u010dky, \u0161portovisk\u00e1\u2026 <\/p>\n\n\n\n<p>Probl\u00e9m v\u0161ak nastal v posledn\u00fdch rokoch, kedy sa tieto miesta stali opusten\u00fdmi a hlavne mlad\u00ed \u013eudia v nich prest\u00e1vaj\u00fa tr\u00e1vi\u0165 \u010das. Hlavne kv\u00f4li pocitu dostato\u010dn\u00e9ho soci\u00e1lneho prepojenia v\u010faka internetu, ale aj po pandemick\u00fdch rokoch, v ktor\u00fdch sme si zvykli, \u017ee spojenie cez internet je dostato\u010dn\u00e9. Ukazuje sa v\u0161ak, \u017ee nie je a aj t\u00e1to skuto\u010dnos\u0165 m\u00e1 za n\u00e1sledok, \u017ee mlad\u00e9 gener\u00e1cie s\u00fa dnes postihnut\u00e9 najvy\u0161\u0161\u00edmi hodnotami depresi\u00ed, maj\u00fa probl\u00e9my so soci\u00e1lnym a osobnostn\u00fdm rozvojom. M\u00f4j projekt pon\u00faka rie\u0161enie v r\u00e1mci transport dizajnu, miestom soci\u00e1lnej interakcie sa st\u00e1va samotn\u00fd dopravn\u00fd prostriedok.<\/p>\n\n\n\n<figure class=\"wp-block-gallery has-nested-images columns-default is-cropped wp-block-gallery-1 is-layout-flex wp-block-gallery-is-layout-flex\">\n<figure class=\"wp-block-image size-large\"><a href=\"https:\/\/www.bratislavadesignweek.sk\/wp-content\/uploads\/2025\/09\/simon-rigas.jpg\"><img fetchpriority=\"high\" decoding=\"async\" width=\"1024\" height=\"512\" data-id=\"15915\" src=\"https:\/\/www.bratislavadesignweek.sk\/wp-content\/uploads\/2025\/09\/simon-rigas-1024x512.jpg\" alt=\"\" class=\"wp-image-15915\" srcset=\"https:\/\/www.bratislavadesignweek.sk\/wp-content\/uploads\/2025\/09\/simon-rigas-1024x512.jpg 1024w, https:\/\/www.bratislavadesignweek.sk\/wp-content\/uploads\/2025\/09\/simon-rigas-300x150.jpg 300w, https:\/\/www.bratislavadesignweek.sk\/wp-content\/uploads\/2025\/09\/simon-rigas-768x384.jpg 768w, https:\/\/www.bratislavadesignweek.sk\/wp-content\/uploads\/2025\/09\/simon-rigas-1536x768.jpg 1536w, https:\/\/www.bratislavadesignweek.sk\/wp-content\/uploads\/2025\/09\/simon-rigas-2048x1024.jpg 2048w, https:\/\/www.bratislavadesignweek.sk\/wp-content\/uploads\/2025\/09\/simon-rigas-18x9.jpg 18w\" sizes=\"(max-width: 1024px) 100vw, 1024px\" \/><\/a><\/figure>\n<\/figure>","protected":false},"excerpt":{"rendered":"<p>Ateli\u00e9r transport dizajnu, V\u0160VU Bratislava V mojej pr\u00e1ci sa venujem problematike mestskej dopravy a soci\u00e1lneho \u017eivota mlad\u00fdch \u013eud\u00ed. Sna\u017e\u00edm sa pon\u00faknu\u0165 rie\u0161enia v oblasti soci\u00e1lneho \u017eivota mlad\u00fdch \u013eud\u00ed, poskytn\u00fa\u0165 im priestor, kde m\u00f4\u017eu tr\u00e1vi\u0165 \u010das so svojimi bl\u00edzkymi v podstate kdeko\u013evek. Pr\u00e1ca sa zameriava na probl\u00e9m tret\u00edch miest, ktor\u00e9 definoval mestsk\u00fd sociol\u00f3g Ray Oldenburg takto: [&hellip;]<\/p>","protected":false},"author":2,"featured_media":15916,"comment_status":"closed","ping_status":"closed","sticky":false,"template":"","format":"standard","meta":{"footnotes":""},"categories":[900,908,786],"tags":[],"_links":{"self":[{"href":"https:\/\/www.bratislavadesignweek.sk\/en\/wp-json\/wp\/v2\/posts\/15914"}],"collection":[{"href":"https:\/\/www.bratislavadesignweek.sk\/en\/wp-json\/wp\/v2\/posts"}],"about":[{"href":"https:\/\/www.bratislavadesignweek.sk\/en\/wp-json\/wp\/v2\/types\/post"}],"author":[{"embeddable":true,"href":"https:\/\/www.bratislavadesignweek.sk\/en\/wp-json\/wp\/v2\/users\/2"}],"replies":[{"embeddable":true,"href":"https:\/\/www.bratislavadesignweek.sk\/en\/wp-json\/wp\/v2\/comments?post=15914"}],"version-history":[{"count":1,"href":"https:\/\/www.bratislavadesignweek.sk\/en\/wp-json\/wp\/v2\/posts\/15914\/revisions"}],"predecessor-version":[{"id":15919,"href":"https:\/\/www.bratislavadesignweek.sk\/en\/wp-json\/wp\/v2\/posts\/15914\/revisions\/15919"}],"wp:featuredmedia":[{"embeddable":true,"href":"https:\/\/www.bratislavadesignweek.sk\/en\/wp-json\/wp\/v2\/media\/15916"}],"wp:attachment":[{"href":"https:\/\/www.bratislavadesignweek.sk\/en\/wp-json\/wp\/v2\/media?parent=15914"}],"wp:term":[{"taxonomy":"category","embeddable":true,"href":"https:\/\/www.bratislavadesignweek.sk\/en\/wp-json\/wp\/v2\/categories?post=15914"},{"taxonomy":"post_tag","embeddable":true,"href":"https:\/\/www.bratislavadesignweek.sk\/en\/wp-json\/wp\/v2\/tags?post=15914"}],"curies":[{"name":"wp","href":"https:\/\/api.w.org\/{rel}","templated":true}]}}